{"id":5971,"date":"2020-02-10T09:00:41","date_gmt":"2020-02-10T07:00:41","guid":{"rendered":"https:\/\/www.evento.love\/blog\/?p=5971"},"modified":"2020-02-10T08:22:44","modified_gmt":"2020-02-10T06:22:44","slug":"5-dulces-originales-para-una-comunion-de-ensueno","status":"publish","type":"post","link":"https:\/\/www.evento.love\/blog\/5-dulces-originales-para-una-comunion-de-ensueno\/","title":{"rendered":"5 dulces originales para una comuni\u00f3n de ensue\u00f1o"},"content":{"rendered":"<p>A principios de enero os contamos que hab\u00edamos <a href=\"https:\/\/www.evento.love\/blog\/abrimos-la-agenda-para-las-comuniones-2020\/?utm_source=web&amp;utm_medium=post&amp;utm_campaign=dulces-comunion\" target=\"_blank\" rel=\"noopener noreferrer\">la agenda de comuniones 2020<\/a>, y ahora no podemos estar m\u00e1s emocionados preparando estas celebraciones tan especiales para las familias.<!--more--><\/p>\n<p>Y es que, el a\u00f1o de la comuni\u00f3n es un a\u00f1o tremendamente especial para vuestr@s hij@s, unos meses de emoci\u00f3n hasta que llega su d\u00eda y de mucha organizaci\u00f3n para los pap\u00e1s. All\u00ed es donde entra Evento.love para ayudaros en todos los detalles, desde la b\u00fasqueda de espacio hasta la animaci\u00f3n.<\/p>\n<p>Como ya estamos en pleno dise\u00f1o de comuniones 2020, el post de hoy queremos dedicarlo a daros ideas para el dise\u00f1o de los dulces, y mostraros una selecci\u00f3n de dulces originales para una comuni\u00f3n inolvidable y completamente personalizada. \u00a1Vamos all\u00e1!<\/p>\n<h2>1. Tarta futbolera para una comuni\u00f3n con una cruz y un angelito<\/h2>\n<p>Luis es s\u00faper aficionado al f\u00fatbol, y para su comuni\u00f3n esta tem\u00e1tica fue perfecta. Sin embargo, no nos olvidamos del componente religioso, tambi\u00e9n presente a trav\u00e9s de cruces y angelitos en su maravillosa tarta.<\/p>\n<p><img decoding=\"async\" loading=\"lazy\" class=\"aligncenter wp-image-5973 size-full\" src=\"https:\/\/www.evento.love\/blog\/wp-content\/uploads\/2020\/02\/dulces-originales-comunion-3.jpg\" alt=\"dulces originales para una comuni\u00f3n\" width=\"850\" height=\"567\" srcset=\"https:\/\/www.evento.love\/blog\/wp-content\/uploads\/2020\/02\/dulces-originales-comunion-3.jpg 850w, https:\/\/www.evento.love\/blog\/wp-content\/uploads\/2020\/02\/dulces-originales-comunion-3-300x200.jpg 300w, https:\/\/www.evento.love\/blog\/wp-content\/uploads\/2020\/02\/dulces-originales-comunion-3-768x512.jpg 768w, https:\/\/www.evento.love\/blog\/wp-content\/uploads\/2020\/02\/dulces-originales-comunion-3-405x270.jpg 405w\" sizes=\"(max-width: 850px) 100vw, 850px\" \/><\/p>\n<h2>2. Tarta con c\u00e1liz en blanco y dorado<\/h2>\n<p>En esta ocasi\u00f3n, Romeo hac\u00eda la comuni\u00f3n y su hermano se bautizaba, \u00a1celebraci\u00f3n doble! Preparamos para los dos una espectacular mesa dulce en azul, blanco y dorado, y para Romeo esta espectacular tarta.<\/p>\n<p><img decoding=\"async\" loading=\"lazy\" class=\"aligncenter wp-image-5974 size-full\" src=\"https:\/\/www.evento.love\/blog\/wp-content\/uploads\/2020\/02\/dulces-originales-comunion-5.jpg\" alt=\"mesa dulce\" width=\"850\" height=\"567\" srcset=\"https:\/\/www.evento.love\/blog\/wp-content\/uploads\/2020\/02\/dulces-originales-comunion-5.jpg 850w, https:\/\/www.evento.love\/blog\/wp-content\/uploads\/2020\/02\/dulces-originales-comunion-5-300x200.jpg 300w, https:\/\/www.evento.love\/blog\/wp-content\/uploads\/2020\/02\/dulces-originales-comunion-5-768x512.jpg 768w, https:\/\/www.evento.love\/blog\/wp-content\/uploads\/2020\/02\/dulces-originales-comunion-5-405x270.jpg 405w\" sizes=\"(max-width: 850px) 100vw, 850px\" \/><\/p>\n<h2>3. Galletas de angelitos<\/h2>\n<p>Las galletas personalizadas son otra de nuestras especialidades, \u00a1fijaos en estas con forma de angelitos! Ideales para una comuni\u00f3n.<\/p>\n<h2><img decoding=\"async\" loading=\"lazy\" class=\"aligncenter wp-image-5975 size-full\" src=\"https:\/\/www.evento.love\/blog\/wp-content\/uploads\/2020\/02\/dulces-originales-comunion-1-e1581275601557.jpg\" alt=\"dulces originales para una comuni\u00f3n\" width=\"841\" height=\"709\" srcset=\"https:\/\/www.evento.love\/blog\/wp-content\/uploads\/2020\/02\/dulces-originales-comunion-1-e1581275601557.jpg 841w, https:\/\/www.evento.love\/blog\/wp-content\/uploads\/2020\/02\/dulces-originales-comunion-1-e1581275601557-300x253.jpg 300w, https:\/\/www.evento.love\/blog\/wp-content\/uploads\/2020\/02\/dulces-originales-comunion-1-e1581275601557-768x647.jpg 768w, https:\/\/www.evento.love\/blog\/wp-content\/uploads\/2020\/02\/dulces-originales-comunion-1-e1581275601557-320x270.jpg 320w\" sizes=\"(max-width: 841px) 100vw, 841px\" \/><\/h2>\n<h2>4. Noria de cupcakes<\/h2>\n<p>\u00bfY si sorprendemos a los invitados con una noria de cupcakes?<\/p>\n<h2><img decoding=\"async\" loading=\"lazy\" class=\"aligncenter wp-image-5976 size-full\" src=\"https:\/\/www.evento.love\/blog\/wp-content\/uploads\/2020\/02\/dulces-originales-comunion.jpg\" alt=\"mesa dulce\" width=\"850\" height=\"847\" srcset=\"https:\/\/www.evento.love\/blog\/wp-content\/uploads\/2020\/02\/dulces-originales-comunion.jpg 850w, https:\/\/www.evento.love\/blog\/wp-content\/uploads\/2020\/02\/dulces-originales-comunion-150x150.jpg 150w, https:\/\/www.evento.love\/blog\/wp-content\/uploads\/2020\/02\/dulces-originales-comunion-300x300.jpg 300w, https:\/\/www.evento.love\/blog\/wp-content\/uploads\/2020\/02\/dulces-originales-comunion-768x765.jpg 768w, https:\/\/www.evento.love\/blog\/wp-content\/uploads\/2020\/02\/dulces-originales-comunion-271x270.jpg 271w\" sizes=\"(max-width: 850px) 100vw, 850px\" \/><\/h2>\n<h2>4. Galletas con cruz y torre de donuts<\/h2>\n<p>Para la comuni\u00f3n de Luis colocamos tambi\u00e9n una torre de donuts que triunf\u00f3 entre los invitados (\u00a1ni\u00f1os y adultos!). Adem\u00e1s dise\u00f1amos unas galletas con los colores de la mesa dulce que estaban deliciosas.<\/p>\n<p><img decoding=\"async\" loading=\"lazy\" class=\"aligncenter wp-image-5972 size-full\" src=\"https:\/\/www.evento.love\/blog\/wp-content\/uploads\/2020\/02\/dulces-originales-comunion-2.jpg\" alt=\"dulces originales para una comuni\u00f3n\" width=\"850\" height=\"1275\" srcset=\"https:\/\/www.evento.love\/blog\/wp-content\/uploads\/2020\/02\/dulces-originales-comunion-2.jpg 850w, https:\/\/www.evento.love\/blog\/wp-content\/uploads\/2020\/02\/dulces-originales-comunion-2-200x300.jpg 200w, https:\/\/www.evento.love\/blog\/wp-content\/uploads\/2020\/02\/dulces-originales-comunion-2-768x1152.jpg 768w, https:\/\/www.evento.love\/blog\/wp-content\/uploads\/2020\/02\/dulces-originales-comunion-2-683x1024.jpg 683w, https:\/\/www.evento.love\/blog\/wp-content\/uploads\/2020\/02\/dulces-originales-comunion-2-180x270.jpg 180w\" sizes=\"(max-width: 850px) 100vw, 850px\" \/><\/p>\n<p>\u00a1Esperamos que os hayan gustado estos dulces originales para una comuni\u00f3n! Si este a\u00f1o es la comuni\u00f3n de vuestr@ peque\u00f1@ y quer\u00e9is que os ayudemos a organizar todos los detalles, no olvid\u00e9is escribirnos a <a href=\"mailto:hola@evento.love\" target=\"_blank\" rel=\"noopener noreferrer\">hola@evento.love<\/a> o contactos por nuestras <a href=\"https:\/\/www.instagram.com\/evento.love\/\" target=\"_blank\" rel=\"noopener noreferrer\">redes sociales<\/a>. \u00a1Os esperamos!<\/p>\n    <div class=\"related-post grid\">\r\n                <div class=\"headline\">M\u00e1s art\u00edculos a tener en cuenta<\/div>\r\n        <div class=\"post-list \">\r\n\r\n                        <div class=\"item\">\r\n                        <div class=\"thumb post_thumb\">\r\n        <a  title=\"Baby Shower, mucho m\u00e1s que un evento social\" href=\"https:\/\/www.evento.love\/blog\/baby-shower-evento-social-madrid\/\">\r\n\r\n            <img width=\"150\" height=\"150\" src=\"https:\/\/www.evento.love\/blog\/wp-content\/uploads\/2016\/07\/babyshower-150x150.jpg\" class=\"attachment-thumbnail size-thumbnail wp-post-image\" alt=\"baby shower-fiesta-beb\u00e9-embarazo-embarazada\" decoding=\"async\" loading=\"lazy\" \/>\r\n\r\n        <\/a>\r\n    <\/div>\r\n\r\n    <a class=\"title post_title\"  title=\"Baby Shower, mucho m\u00e1s que un evento social\" href=\"https:\/\/www.evento.love\/blog\/baby-shower-evento-social-madrid\/\">\r\n                Baby Shower, mucho m\u00e1s que un evento social    <\/a>\r\n\r\n                <\/div>\r\n                            <div class=\"item\">\r\n                        <div class=\"thumb post_thumb\">\r\n        <a  title=\"12 consejos para un Baby Shower perfecto\" href=\"https:\/\/www.evento.love\/blog\/12-consejos-baby-shower-perfecto-madrid\/\">\r\n\r\n            <img width=\"150\" height=\"150\" src=\"https:\/\/www.evento.love\/blog\/wp-content\/uploads\/2016\/09\/16_05_20_12_consejos-para-que-tu-Baby-Shower-sea-perfecto-150x150.jpg\" class=\"attachment-thumbnail size-thumbnail wp-post-image\" alt=\"Baby Shower-perfecto-beb\u00e9-embarazado-embarazada-fiesta-babyshower\" decoding=\"async\" loading=\"lazy\" \/>\r\n\r\n        <\/a>\r\n    <\/div>\r\n\r\n    <a class=\"title post_title\"  title=\"12 consejos para un Baby Shower perfecto\" href=\"https:\/\/www.evento.love\/blog\/12-consejos-baby-shower-perfecto-madrid\/\">\r\n                12 consejos para un Baby Shower perfecto    <\/a>\r\n\r\n                <\/div>\r\n                            <div class=\"item\">\r\n                        <div class=\"thumb post_thumb\">\r\n        <a  title=\"Cu\u00e1ndo hacer el Baby Shower\" href=\"https:\/\/www.evento.love\/blog\/cuando-hacer-el-baby-shower-madrid\/\">\r\n\r\n            <img width=\"150\" height=\"150\" src=\"https:\/\/www.evento.love\/blog\/wp-content\/uploads\/2016\/09\/16_05_23_Cuando-hacer-el-Baby-Shower-150x150.jpg\" class=\"attachment-thumbnail size-thumbnail wp-post-image\" alt=\"Cu\u00e1ndo hacer el baby shower beb\u00e9 embarazo fiesta en Madrid\" decoding=\"async\" loading=\"lazy\" \/>\r\n\r\n        <\/a>\r\n    <\/div>\r\n\r\n    <a class=\"title post_title\"  title=\"Cu\u00e1ndo hacer el Baby Shower\" href=\"https:\/\/www.evento.love\/blog\/cuando-hacer-el-baby-shower-madrid\/\">\r\n                Cu\u00e1ndo hacer el Baby Shower    <\/a>\r\n\r\n                <\/div>\r\n                            <div class=\"item\">\r\n                        <div class=\"thumb post_thumb\">\r\n        <a  title=\"\u00bfQui\u00e9n debe organizar el Baby Shower?\" href=\"https:\/\/www.evento.love\/blog\/quien-organizar-baby-shower-madrid\/\">\r\n\r\n            <img width=\"150\" height=\"150\" src=\"https:\/\/www.evento.love\/blog\/wp-content\/uploads\/2016\/09\/16_05_29_Qui\u00e9n-organiza-el-Baby-Shower-150x150.jpg\" class=\"attachment-thumbnail size-thumbnail wp-post-image\" alt=\"Organizaci\u00f3n Baby Shower Madrid fiesta beb\u00e9 embarazada\" decoding=\"async\" loading=\"lazy\" \/>\r\n\r\n        <\/a>\r\n    <\/div>\r\n\r\n    <a class=\"title post_title\"  title=\"\u00bfQui\u00e9n debe organizar el Baby Shower?\" href=\"https:\/\/www.evento.love\/blog\/quien-organizar-baby-shower-madrid\/\">\r\n                \u00bfQui\u00e9n debe organizar el Baby Shower?    <\/a>\r\n\r\n                <\/div>\r\n            \r\n    <\/div>\r\n\r\n    <script>\r\n            <\/script>\r\n    <style>\r\n        .related-post {}\r\n\r\n        .related-post .post-list {\r\n            text-align: left;\r\n                    }\r\n\r\n        .related-post .post-list .item {\r\n            margin: 5px 10px;\r\n            padding: 0px;\r\n                    }\r\n\r\n        .related-post .headline {\r\n            font-size: 24px !important;\r\n            color: #000000 !important;\r\n                    }\r\n\r\n        .related-post .headline{\r\nfont-weight:400 !important;\r\ntext-transform: uppercase;\r\n}.related-post .post-list .item .post_thumb {\r\n            max-height: 180px;\r\n            margin: 10px 0px;\r\n            padding: 0px;\r\n            display: block;\r\n                    }\r\n\r\n        .related-post .post-list .item .post_title {\r\n            font-size: 12px;\r\n            color: #607d8b;\r\n            margin: 10px 0px;\r\n            padding: 0px;\r\n            display: block;\r\n            text-decoration: none;\r\n                    }\r\n\r\n        .related-post .post-list .item .post_excerpt {\r\n            font-size: 13px;\r\n            color: #3f3f3f;\r\n            margin: 10px 0px;\r\n            padding: 0px;\r\n            display: block;\r\n            text-decoration: none;\r\n                    }\r\n\r\n        @media only screen and (min-width: 1024px) {\r\n            .related-post .post-list .item {\r\n                width: 22%;\r\n            }\r\n        }\r\n\r\n        @media only screen and (min-width: 768px) and (max-width: 1023px) {\r\n            .related-post .post-list .item {\r\n                width: 90%;\r\n            }\r\n        }\r\n\r\n        @media only screen and (min-width: 0px) and (max-width: 767px) {\r\n            .related-post .post-list .item {\r\n                width: 30%;\r\n            }\r\n        }\r\n\r\n            <\/style>\r\n        <\/div>\r\n<!-- AddThis Advanced Settings generic via filter on the_content --><!-- AddThis Share Buttons generic via filter on the_content -->","protected":false},"excerpt":{"rendered":"<p>A principios de enero os contamos que hab\u00edamos la agenda de comuniones 2020, y ahora no podemos estar m\u00e1s emocionados preparando estas celebraciones tan especiales para las familias. M\u00e1s art\u00edculos a tener en cuenta Baby Shower, mucho m\u00e1s que un evento social 12 consejos para un Baby Shower perfecto Cu\u00e1ndo hacer el Baby Shower \u00bfQui\u00e9n debe organizar el Baby Shower?<!-- AddThis Advanced Settings generic via filter on get_the_excerpt --><!-- AddThis Share Buttons generic via filter on get_the_excerpt --><\/p>\n    <div class=\"related-post grid\">\r\n                <div class=\"headline\">M\u00e1s art\u00edculos a tener en cuenta<\/div>\r\n        <div class=\"post-list \">\r\n\r\n                        <div class=\"item\">\r\n                        <div class=\"thumb post_thumb\">\r\n        <a  title=\"Baby Shower, mucho m\u00e1s que un evento social\" href=\"https:\/\/www.evento.love\/blog\/baby-shower-evento-social-madrid\/\">\r\n\r\n            <img width=\"150\" height=\"150\" src=\"https:\/\/www.evento.love\/blog\/wp-content\/uploads\/2016\/07\/babyshower-150x150.jpg\" class=\"attachment-thumbnail size-thumbnail wp-post-image\" alt=\"baby shower-fiesta-beb\u00e9-embarazo-embarazada\" decoding=\"async\" loading=\"lazy\" \/>\r\n\r\n        <\/a>\r\n    <\/div>\r\n\r\n    <a class=\"title post_title\"  title=\"Baby Shower, mucho m\u00e1s que un evento social\" href=\"https:\/\/www.evento.love\/blog\/baby-shower-evento-social-madrid\/\">\r\n                Baby Shower, mucho m\u00e1s que un evento social    <\/a>\r\n\r\n                <\/div>\r\n                            <div class=\"item\">\r\n                        <div class=\"thumb post_thumb\">\r\n        <a  title=\"12 consejos para un Baby Shower perfecto\" href=\"https:\/\/www.evento.love\/blog\/12-consejos-baby-shower-perfecto-madrid\/\">\r\n\r\n            <img width=\"150\" height=\"150\" src=\"https:\/\/www.evento.love\/blog\/wp-content\/uploads\/2016\/09\/16_05_20_12_consejos-para-que-tu-Baby-Shower-sea-perfecto-150x150.jpg\" class=\"attachment-thumbnail size-thumbnail wp-post-image\" alt=\"Baby Shower-perfecto-beb\u00e9-embarazado-embarazada-fiesta-babyshower\" decoding=\"async\" loading=\"lazy\" \/>\r\n\r\n        <\/a>\r\n    <\/div>\r\n\r\n    <a class=\"title post_title\"  title=\"12 consejos para un Baby Shower perfecto\" href=\"https:\/\/www.evento.love\/blog\/12-consejos-baby-shower-perfecto-madrid\/\">\r\n                12 consejos para un Baby Shower perfecto    <\/a>\r\n\r\n                <\/div>\r\n                            <div class=\"item\">\r\n                        <div class=\"thumb post_thumb\">\r\n        <a  title=\"Cu\u00e1ndo hacer el Baby Shower\" href=\"https:\/\/www.evento.love\/blog\/cuando-hacer-el-baby-shower-madrid\/\">\r\n\r\n            <img width=\"150\" height=\"150\" src=\"https:\/\/www.evento.love\/blog\/wp-content\/uploads\/2016\/09\/16_05_23_Cuando-hacer-el-Baby-Shower-150x150.jpg\" class=\"attachment-thumbnail size-thumbnail wp-post-image\" alt=\"Cu\u00e1ndo hacer el baby shower beb\u00e9 embarazo fiesta en Madrid\" decoding=\"async\" loading=\"lazy\" \/>\r\n\r\n        <\/a>\r\n    <\/div>\r\n\r\n    <a class=\"title post_title\"  title=\"Cu\u00e1ndo hacer el Baby Shower\" href=\"https:\/\/www.evento.love\/blog\/cuando-hacer-el-baby-shower-madrid\/\">\r\n                Cu\u00e1ndo hacer el Baby Shower    <\/a>\r\n\r\n                <\/div>\r\n                            <div class=\"item\">\r\n                        <div class=\"thumb post_thumb\">\r\n        <a  title=\"Baby Shower: Elaborando la lista de invitados\" href=\"https:\/\/www.evento.love\/blog\/baby-shower-lista-invitados-madrid\/\">\r\n\r\n            <img width=\"150\" height=\"150\" src=\"https:\/\/www.evento.love\/blog\/wp-content\/uploads\/2016\/09\/16_05_30_Baby-Shower-elaborando-la-lista-de-invitados-150x150.jpg\" class=\"attachment-thumbnail size-thumbnail wp-post-image\" alt=\"\" decoding=\"async\" loading=\"lazy\" \/>\r\n\r\n        <\/a>\r\n    <\/div>\r\n\r\n    <a class=\"title post_title\"  title=\"Baby Shower: Elaborando la lista de invitados\" href=\"https:\/\/www.evento.love\/blog\/baby-shower-lista-invitados-madrid\/\">\r\n                Baby Shower: Elaborando la lista de invitados    <\/a>\r\n\r\n                <\/div>\r\n            \r\n    <\/div>\r\n\r\n    <script>\r\n            <\/script>\r\n    <style>\r\n        .related-post {}\r\n\r\n        .related-post .post-list {\r\n            text-align: left;\r\n                    }\r\n\r\n        .related-post .post-list .item {\r\n            margin: 5px 10px;\r\n            padding: 0px;\r\n                    }\r\n\r\n        .related-post .headline {\r\n            font-size: 24px !important;\r\n            color: #000000 !important;\r\n                    }\r\n\r\n        .related-post .headline{\r\nfont-weight:400 !important;\r\ntext-transform: uppercase;\r\n}.related-post .post-list .item .post_thumb {\r\n            max-height: 180px;\r\n            margin: 10px 0px;\r\n            padding: 0px;\r\n            display: block;\r\n                    }\r\n\r\n        .related-post .post-list .item .post_title {\r\n            font-size: 12px;\r\n            color: #607d8b;\r\n            margin: 10px 0px;\r\n            padding: 0px;\r\n            display: block;\r\n            text-decoration: none;\r\n                    }\r\n\r\n        .related-post .post-list .item .post_excerpt {\r\n            font-size: 13px;\r\n            color: #3f3f3f;\r\n            margin: 10px 0px;\r\n            padding: 0px;\r\n            display: block;\r\n            text-decoration: none;\r\n                    }\r\n\r\n        @media only screen and (min-width: 1024px) {\r\n            .related-post .post-list .item {\r\n                width: 22%;\r\n            }\r\n        }\r\n\r\n        @media only screen and (min-width: 768px) and (max-width: 1023px) {\r\n            .related-post .post-list .item {\r\n                width: 90%;\r\n            }\r\n        }\r\n\r\n        @media only screen and (min-width: 0px) and (max-width: 767px) {\r\n            .related-post .post-list .item {\r\n                width: 30%;\r\n            }\r\n        }\r\n\r\n            <\/style>\r\n        <\/div>\r\n","protected":false},"author":1,"featured_media":5978,"comment_status":"open","ping_status":"open","sticky":false,"template":"","format":"standard","meta":{"content-type":""},"categories":[342],"tags":[379,1627,1647,422,945,1624],"yoast_head":"<!-- This site is optimized with the Yoast SEO plugin v20.7 - https:\/\/yoast.com\/wordpress\/plugins\/seo\/ -->\n<title>5 dulces originales para una comuni\u00f3n de ensue\u00f1o - El Blog de evento.love<\/title>\n<meta name=\"description\" content=\"Descubre estos dulces originales para una comuni\u00f3n, deliciosos y completamente personalizados con la tem\u00e1tica que t\u00fa elijas.\" \/>\n<meta name=\"robots\" content=\"index, follow, max-snippet:-1, max-image-preview:large, max-video-preview:-1\" \/>\n<meta property=\"og:locale\" content=\"es_ES\" \/>\n<meta property=\"og:type\" content=\"article\" \/>\n<meta property=\"og:title\" content=\"5 dulces originales para una comuni\u00f3n de ensue\u00f1o - El Blog de evento.love\" \/>\n<meta property=\"og:description\" content=\"Descubre estos dulces originales para una comuni\u00f3n, deliciosos y completamente personalizados con la tem\u00e1tica que t\u00fa elijas.\" \/>\n<meta property=\"og:url\" content=\"https:\/\/www.evento.love\/blog\/5-dulces-originales-para-una-comunion-de-ensueno\/\" \/>\n<meta property=\"og:site_name\" content=\"El Blog de evento.love\" \/>\n<meta property=\"article:publisher\" content=\"https:\/\/www.facebook.com\/Evento.love\/\" \/>\n<meta property=\"article:published_time\" content=\"2020-02-10T07:00:41+00:00\" \/>\n<meta property=\"article:modified_time\" content=\"2020-02-10T06:22:44+00:00\" \/>\n<meta property=\"og:image\" content=\"https:\/\/www.evento.love\/blog\/wp-content\/uploads\/2020\/02\/dulces-comuniones.jpg\" \/>\n\t<meta property=\"og:image:width\" content=\"850\" \/>\n\t<meta property=\"og:image:height\" content=\"526\" \/>\n\t<meta property=\"og:image:type\" content=\"image\/jpeg\" \/>\n<meta name=\"author\" content=\"Evento Love\" \/>\n<meta name=\"twitter:card\" content=\"summary_large_image\" \/>\n<meta name=\"twitter:creator\" content=\"@Evento_love\" \/>\n<meta name=\"twitter:site\" content=\"@Evento_love\" \/>\n<meta name=\"twitter:label1\" content=\"Escrito por\" \/>\n\t<meta name=\"twitter:data1\" content=\"Evento Love\" \/>\n\t<meta name=\"twitter:label2\" content=\"Tiempo de lectura\" \/>\n\t<meta name=\"twitter:data2\" content=\"2 minutos\" \/>\n<!-- \/ Yoast SEO plugin. -->","yoast_head_json":{"title":"5 dulces originales para una comuni\u00f3n de ensue\u00f1o - El Blog de evento.love","description":"Descubre estos dulces originales para una comuni\u00f3n, deliciosos y completamente personalizados con la tem\u00e1tica que t\u00fa elijas.","robots":{"index":"index","follow":"follow","max-snippet":"max-snippet:-1","max-image-preview":"max-image-preview:large","max-video-preview":"max-video-preview:-1"},"og_locale":"es_ES","og_type":"article","og_title":"5 dulces originales para una comuni\u00f3n de ensue\u00f1o - El Blog de evento.love","og_description":"Descubre estos dulces originales para una comuni\u00f3n, deliciosos y completamente personalizados con la tem\u00e1tica que t\u00fa elijas.","og_url":"https:\/\/www.evento.love\/blog\/5-dulces-originales-para-una-comunion-de-ensueno\/","og_site_name":"El Blog de evento.love","article_publisher":"https:\/\/www.facebook.com\/Evento.love\/","article_published_time":"2020-02-10T07:00:41+00:00","article_modified_time":"2020-02-10T06:22:44+00:00","og_image":[{"width":850,"height":526,"url":"https:\/\/www.evento.love\/blog\/wp-content\/uploads\/2020\/02\/dulces-comuniones.jpg","type":"image\/jpeg"}],"author":"Evento Love","twitter_card":"summary_large_image","twitter_creator":"@Evento_love","twitter_site":"@Evento_love","twitter_misc":{"Escrito por":"Evento Love","Tiempo de lectura":"2 minutos"},"schema":{"@context":"https:\/\/schema.org","@graph":[{"@type":"Article","@id":"https:\/\/www.evento.love\/blog\/5-dulces-originales-para-una-comunion-de-ensueno\/#article","isPartOf":{"@id":"https:\/\/www.evento.love\/blog\/5-dulces-originales-para-una-comunion-de-ensueno\/"},"author":{"name":"Evento Love","@id":"https:\/\/www.evento.love\/blog\/#\/schema\/person\/a184c2ed424b7fb3006372ce8051542c"},"headline":"5 dulces originales para una comuni\u00f3n de ensue\u00f1o","datePublished":"2020-02-10T07:00:41+00:00","dateModified":"2020-02-10T06:22:44+00:00","mainEntityOfPage":{"@id":"https:\/\/www.evento.love\/blog\/5-dulces-originales-para-una-comunion-de-ensueno\/"},"wordCount":373,"commentCount":0,"publisher":{"@id":"https:\/\/www.evento.love\/blog\/#organization"},"keywords":["comunion en madrid","comuniones 2020","dulces originales para una comuni\u00f3n","mesa dulce","organizaci\u00f3n de comuni\u00f3n","party planners"],"articleSection":["Comuniones"],"inLanguage":"es","potentialAction":[{"@type":"CommentAction","name":"Comment","target":["https:\/\/www.evento.love\/blog\/5-dulces-originales-para-una-comunion-de-ensueno\/#respond"]}]},{"@type":"WebPage","@id":"https:\/\/www.evento.love\/blog\/5-dulces-originales-para-una-comunion-de-ensueno\/","url":"https:\/\/www.evento.love\/blog\/5-dulces-originales-para-una-comunion-de-ensueno\/","name":"5 dulces originales para una comuni\u00f3n de ensue\u00f1o - El Blog de evento.love","isPartOf":{"@id":"https:\/\/www.evento.love\/blog\/#website"},"datePublished":"2020-02-10T07:00:41+00:00","dateModified":"2020-02-10T06:22:44+00:00","description":"Descubre estos dulces originales para una comuni\u00f3n, deliciosos y completamente personalizados con la tem\u00e1tica que t\u00fa elijas.","breadcrumb":{"@id":"https:\/\/www.evento.love\/blog\/5-dulces-originales-para-una-comunion-de-ensueno\/#breadcrumb"},"inLanguage":"es","potentialAction":[{"@type":"ReadAction","target":["https:\/\/www.evento.love\/blog\/5-dulces-originales-para-una-comunion-de-ensueno\/"]}]},{"@type":"BreadcrumbList","@id":"https:\/\/www.evento.love\/blog\/5-dulces-originales-para-una-comunion-de-ensueno\/#breadcrumb","itemListElement":[{"@type":"ListItem","position":1,"name":"Evento.love","item":"https:\/\/www.evento.love\/blog\/"},{"@type":"ListItem","position":2,"name":"Comuniones","item":"https:\/\/www.evento.love\/blog\/category\/comuniones\/"},{"@type":"ListItem","position":3,"name":"5 dulces originales para una comuni\u00f3n de ensue\u00f1o"}]},{"@type":"WebSite","@id":"https:\/\/www.evento.love\/blog\/#website","url":"https:\/\/www.evento.love\/blog\/","name":"El Blog de evento.love","description":"T\u00fa lo mereces. Disfruta de tu momento","publisher":{"@id":"https:\/\/www.evento.love\/blog\/#organization"},"potentialAction":[{"@type":"SearchAction","target":{"@type":"EntryPoint","urlTemplate":"https:\/\/www.evento.love\/blog\/?s={search_term_string}"},"query-input":"required name=search_term_string"}],"inLanguage":"es"},{"@type":"Organization","@id":"https:\/\/www.evento.love\/blog\/#organization","name":"evento.love","url":"https:\/\/www.evento.love\/blog\/","logo":{"@type":"ImageObject","inLanguage":"es","@id":"https:\/\/www.evento.love\/blog\/#\/schema\/logo\/image\/","url":"https:\/\/www.evento.love\/blog\/wp-content\/uploads\/2016\/07\/logo-evento-love.png","contentUrl":"https:\/\/www.evento.love\/blog\/wp-content\/uploads\/2016\/07\/logo-evento-love.png","width":197,"height":59,"caption":"evento.love"},"image":{"@id":"https:\/\/www.evento.love\/blog\/#\/schema\/logo\/image\/"},"sameAs":["https:\/\/www.facebook.com\/Evento.love\/","https:\/\/twitter.com\/Evento_love","https:\/\/www.instagram.com\/evento.love\/","https:\/\/es.pinterest.com\/evento_love\/","https:\/\/www.youtube.com\/channel\/UCcVbo6ymzx-7FlDJja8aQnw"]},{"@type":"Person","@id":"https:\/\/www.evento.love\/blog\/#\/schema\/person\/a184c2ed424b7fb3006372ce8051542c","name":"Evento Love"}]}},"_links":{"self":[{"href":"https:\/\/www.evento.love\/blog\/wp-json\/wp\/v2\/posts\/5971"}],"collection":[{"href":"https:\/\/www.evento.love\/blog\/wp-json\/wp\/v2\/posts"}],"about":[{"href":"https:\/\/www.evento.love\/blog\/wp-json\/wp\/v2\/types\/post"}],"author":[{"embeddable":true,"href":"https:\/\/www.evento.love\/blog\/wp-json\/wp\/v2\/users\/1"}],"replies":[{"embeddable":true,"href":"https:\/\/www.evento.love\/blog\/wp-json\/wp\/v2\/comments?post=5971"}],"version-history":[{"count":3,"href":"https:\/\/www.evento.love\/blog\/wp-json\/wp\/v2\/posts\/5971\/revisions"}],"predecessor-version":[{"id":5980,"href":"https:\/\/www.evento.love\/blog\/wp-json\/wp\/v2\/posts\/5971\/revisions\/5980"}],"wp:featuredmedia":[{"embeddable":true,"href":"https:\/\/www.evento.love\/blog\/wp-json\/wp\/v2\/media\/5978"}],"wp:attachment":[{"href":"https:\/\/www.evento.love\/blog\/wp-json\/wp\/v2\/media?parent=5971"}],"wp:term":[{"taxonomy":"category","embeddable":true,"href":"https:\/\/www.evento.love\/blog\/wp-json\/wp\/v2\/categories?post=5971"},{"taxonomy":"post_tag","embeddable":true,"href":"https:\/\/www.evento.love\/blog\/wp-json\/wp\/v2\/tags?post=5971"}],"curies":[{"name":"wp","href":"https:\/\/api.w.org\/{rel}","templated":true}]}}