{"id":5981,"date":"2020-02-13T09:20:08","date_gmt":"2020-02-13T07:20:08","guid":{"rendered":"https:\/\/www.evento.love\/blog\/?p=5981"},"modified":"2020-02-12T22:59:33","modified_gmt":"2020-02-12T20:59:33","slug":"asi-decoramos-este-original-espacio-para-una-charla-para-padres-en-madrid","status":"publish","type":"post","link":"https:\/\/www.evento.love\/blog\/asi-decoramos-este-original-espacio-para-una-charla-para-padres-en-madrid\/","title":{"rendered":"As\u00ed decoramos este original espacio para una charla para padres en Madrid"},"content":{"rendered":"<p>En Evento.love somos especialistas en todo tipo de eventos, y hoy os queremos hablar de una de esas especialidades, la <a href=\"https:\/\/www.evento.love\/empresas\/?utm_source=web&amp;utm_medium=post&amp;utm_campaign=somospapis-charla\" target=\"_blank\" rel=\"noopener noreferrer\">organizaci\u00f3n y decoraci\u00f3n de espacios<\/a> para conferencias y charlas.<br \/>\n<!--more--><\/p>\n<p>Hace unas semanas nos contact\u00f3 la organizaci\u00f3n de un evento que tendr\u00eda lugar en Madrid para dise\u00f1ar la decoraci\u00f3n del espacio. Ser\u00eda una charla dirigida a padres e impartida por un coach.<\/p>\n<p>Como siempre hacemos en cada uno de nuestros eventos, tuvimos una primera visita al espacio para conocerlo y ver todas las posibilidades que ten\u00edamos para convertirlo en el lugar ideal para esta maravillosa charla.<\/p>\n<p>Una vez conocimos el espacio y el tipo de evento, el propio estilo del lugar y la disposici\u00f3n, nos pusimos manos a la obra para trabajar en las diferentes propuestas en funci\u00f3n de las salas que dispon\u00edamos. Adem\u00e1s de la decoraci\u00f3n del espacio, ten\u00edamos por delante el dise\u00f1o de la deco del photocall en el que aparecer\u00edan todas las empresas anunciantes de la charla y con el que se har\u00edan fotos todos los asistentes.\u00a0Una vez decidido el estilo, los colores y los materiales que utilizar\u00edamos, comenzamos a dise\u00f1ar.<\/p>\n<p>Y lleg\u00f3 el evento a principios de febrero, para el que preparamos una decoraci\u00f3n centrada en las luces y las flores de diferentes colores. A continuaci\u00f3n, os mostramos c\u00f3mo montamos esta bonita decoraci\u00f3n de este sal\u00f3n en Madrid, aprovechando todo lo que el potencial del espacio y su mobiliario:<\/p>\n<p><img decoding=\"async\" loading=\"lazy\" class=\"aligncenter size-full wp-image-5986\" src=\"https:\/\/www.evento.love\/blog\/wp-content\/uploads\/2020\/02\/decoracion-eventos-charlas-conferencias-evento.love_.jpg\" alt=\"espacios para conferencias y charlas\" width=\"850\" height=\"567\" srcset=\"https:\/\/www.evento.love\/blog\/wp-content\/uploads\/2020\/02\/decoracion-eventos-charlas-conferencias-evento.love_.jpg 850w, https:\/\/www.evento.love\/blog\/wp-content\/uploads\/2020\/02\/decoracion-eventos-charlas-conferencias-evento.love_-300x200.jpg 300w, https:\/\/www.evento.love\/blog\/wp-content\/uploads\/2020\/02\/decoracion-eventos-charlas-conferencias-evento.love_-768x512.jpg 768w, https:\/\/www.evento.love\/blog\/wp-content\/uploads\/2020\/02\/decoracion-eventos-charlas-conferencias-evento.love_-405x270.jpg 405w\" sizes=\"(max-width: 850px) 100vw, 850px\" \/><\/p>\n<p><img decoding=\"async\" loading=\"lazy\" class=\"aligncenter size-full wp-image-5985\" src=\"https:\/\/www.evento.love\/blog\/wp-content\/uploads\/2020\/02\/decoracion-organizacion-eventos-charlas-conferencias.jpg\" alt=\"\" width=\"850\" height=\"638\" srcset=\"https:\/\/www.evento.love\/blog\/wp-content\/uploads\/2020\/02\/decoracion-organizacion-eventos-charlas-conferencias.jpg 850w, https:\/\/www.evento.love\/blog\/wp-content\/uploads\/2020\/02\/decoracion-organizacion-eventos-charlas-conferencias-300x225.jpg 300w, https:\/\/www.evento.love\/blog\/wp-content\/uploads\/2020\/02\/decoracion-organizacion-eventos-charlas-conferencias-768x576.jpg 768w, https:\/\/www.evento.love\/blog\/wp-content\/uploads\/2020\/02\/decoracion-organizacion-eventos-charlas-conferencias-360x270.jpg 360w\" sizes=\"(max-width: 850px) 100vw, 850px\" \/><\/p>\n<p><img decoding=\"async\" loading=\"lazy\" class=\"aligncenter wp-image-5984 size-full\" src=\"https:\/\/www.evento.love\/blog\/wp-content\/uploads\/2020\/02\/decoracion-eventos-charlas-conferencias-madrid.jpg\" alt=\"espacios para conferencias y charlas\" width=\"850\" height=\"567\" srcset=\"https:\/\/www.evento.love\/blog\/wp-content\/uploads\/2020\/02\/decoracion-eventos-charlas-conferencias-madrid.jpg 850w, https:\/\/www.evento.love\/blog\/wp-content\/uploads\/2020\/02\/decoracion-eventos-charlas-conferencias-madrid-300x200.jpg 300w, https:\/\/www.evento.love\/blog\/wp-content\/uploads\/2020\/02\/decoracion-eventos-charlas-conferencias-madrid-768x512.jpg 768w, https:\/\/www.evento.love\/blog\/wp-content\/uploads\/2020\/02\/decoracion-eventos-charlas-conferencias-madrid-405x270.jpg 405w\" sizes=\"(max-width: 850px) 100vw, 850px\" \/><\/p>\n<p><img decoding=\"async\" loading=\"lazy\" class=\"aligncenter size-full wp-image-5983\" src=\"https:\/\/www.evento.love\/blog\/wp-content\/uploads\/2020\/02\/decoracion-eventos-empresa.jpg\" alt=\"\" width=\"600\" height=\"900\" srcset=\"https:\/\/www.evento.love\/blog\/wp-content\/uploads\/2020\/02\/decoracion-eventos-empresa.jpg 600w, https:\/\/www.evento.love\/blog\/wp-content\/uploads\/2020\/02\/decoracion-eventos-empresa-200x300.jpg 200w, https:\/\/www.evento.love\/blog\/wp-content\/uploads\/2020\/02\/decoracion-eventos-empresa-180x270.jpg 180w\" sizes=\"(max-width: 600px) 100vw, 600px\" \/><\/p>\n<p><img decoding=\"async\" loading=\"lazy\" class=\"aligncenter wp-image-5987 size-full\" src=\"https:\/\/www.evento.love\/blog\/wp-content\/uploads\/2020\/02\/decoracion-organizacion-conferencias-madrid.jpg\" alt=\"espacios para conferencias y charlas\" width=\"850\" height=\"567\" srcset=\"https:\/\/www.evento.love\/blog\/wp-content\/uploads\/2020\/02\/decoracion-organizacion-conferencias-madrid.jpg 850w, https:\/\/www.evento.love\/blog\/wp-content\/uploads\/2020\/02\/decoracion-organizacion-conferencias-madrid-300x200.jpg 300w, https:\/\/www.evento.love\/blog\/wp-content\/uploads\/2020\/02\/decoracion-organizacion-conferencias-madrid-768x512.jpg 768w, https:\/\/www.evento.love\/blog\/wp-content\/uploads\/2020\/02\/decoracion-organizacion-conferencias-madrid-405x270.jpg 405w\" sizes=\"(max-width: 850px) 100vw, 850px\" \/><\/p>\n<p><img decoding=\"async\" loading=\"lazy\" class=\"aligncenter size-full wp-image-5982\" src=\"https:\/\/www.evento.love\/blog\/wp-content\/uploads\/2020\/02\/photocall-evento-empresa.jpg\" alt=\"\" width=\"600\" height=\"800\" srcset=\"https:\/\/www.evento.love\/blog\/wp-content\/uploads\/2020\/02\/photocall-evento-empresa.jpg 600w, https:\/\/www.evento.love\/blog\/wp-content\/uploads\/2020\/02\/photocall-evento-empresa-225x300.jpg 225w, https:\/\/www.evento.love\/blog\/wp-content\/uploads\/2020\/02\/photocall-evento-empresa-203x270.jpg 203w\" sizes=\"(max-width: 600px) 100vw, 600px\" \/><\/p>\n<p>Si quieres que te ayudemos a encontrar espacios para conferencias y charlas y dise\u00f1arlos para un evento \u00fanico, no dudes en escribirnos a <a href=\"mailto:hola@evento.love\" target=\"_blank\" rel=\"noopener noreferrer\">hola@evento.love<\/a> o a trav\u00e9s de <a href=\"https:\/\/www.instagram.com\/evento.love\/\" target=\"_blank\" rel=\"noopener noreferrer\">nuestras redes sociales<\/a>.<\/p>\n    <div class=\"related-post grid\">\r\n                <div class=\"headline\">M\u00e1s art\u00edculos a tener en cuenta<\/div>\r\n        <div class=\"post-list \">\r\n\r\n                        <div class=\"item\">\r\n                        <div class=\"thumb post_thumb\">\r\n        <a  title=\"Baby Shower, mucho m\u00e1s que un evento social\" href=\"https:\/\/www.evento.love\/blog\/baby-shower-evento-social-madrid\/\">\r\n\r\n            <img width=\"150\" height=\"150\" src=\"https:\/\/www.evento.love\/blog\/wp-content\/uploads\/2016\/07\/babyshower-150x150.jpg\" class=\"attachment-thumbnail size-thumbnail wp-post-image\" alt=\"baby shower-fiesta-beb\u00e9-embarazo-embarazada\" decoding=\"async\" loading=\"lazy\" \/>\r\n\r\n        <\/a>\r\n    <\/div>\r\n\r\n    <a class=\"title post_title\"  title=\"Baby Shower, mucho m\u00e1s que un evento social\" href=\"https:\/\/www.evento.love\/blog\/baby-shower-evento-social-madrid\/\">\r\n                Baby Shower, mucho m\u00e1s que un evento social    <\/a>\r\n\r\n                <\/div>\r\n                            <div class=\"item\">\r\n                        <div class=\"thumb post_thumb\">\r\n        <a  title=\"12 consejos para un Baby Shower perfecto\" href=\"https:\/\/www.evento.love\/blog\/12-consejos-baby-shower-perfecto-madrid\/\">\r\n\r\n            <img width=\"150\" height=\"150\" src=\"https:\/\/www.evento.love\/blog\/wp-content\/uploads\/2016\/09\/16_05_20_12_consejos-para-que-tu-Baby-Shower-sea-perfecto-150x150.jpg\" class=\"attachment-thumbnail size-thumbnail wp-post-image\" alt=\"Baby Shower-perfecto-beb\u00e9-embarazado-embarazada-fiesta-babyshower\" decoding=\"async\" loading=\"lazy\" \/>\r\n\r\n        <\/a>\r\n    <\/div>\r\n\r\n    <a class=\"title post_title\"  title=\"12 consejos para un Baby Shower perfecto\" href=\"https:\/\/www.evento.love\/blog\/12-consejos-baby-shower-perfecto-madrid\/\">\r\n                12 consejos para un Baby Shower perfecto    <\/a>\r\n\r\n                <\/div>\r\n                            <div class=\"item\">\r\n                        <div class=\"thumb post_thumb\">\r\n        <a  title=\"Cu\u00e1ndo hacer el Baby Shower\" href=\"https:\/\/www.evento.love\/blog\/cuando-hacer-el-baby-shower-madrid\/\">\r\n\r\n            <img width=\"150\" height=\"150\" src=\"https:\/\/www.evento.love\/blog\/wp-content\/uploads\/2016\/09\/16_05_23_Cuando-hacer-el-Baby-Shower-150x150.jpg\" class=\"attachment-thumbnail size-thumbnail wp-post-image\" alt=\"Cu\u00e1ndo hacer el baby shower beb\u00e9 embarazo fiesta en Madrid\" decoding=\"async\" loading=\"lazy\" \/>\r\n\r\n        <\/a>\r\n    <\/div>\r\n\r\n    <a class=\"title post_title\"  title=\"Cu\u00e1ndo hacer el Baby Shower\" href=\"https:\/\/www.evento.love\/blog\/cuando-hacer-el-baby-shower-madrid\/\">\r\n                Cu\u00e1ndo hacer el Baby Shower    <\/a>\r\n\r\n                <\/div>\r\n                            <div class=\"item\">\r\n                        <div class=\"thumb post_thumb\">\r\n        <a  title=\"\u00bfQui\u00e9n debe organizar el Baby Shower?\" href=\"https:\/\/www.evento.love\/blog\/quien-organizar-baby-shower-madrid\/\">\r\n\r\n            <img width=\"150\" height=\"150\" src=\"https:\/\/www.evento.love\/blog\/wp-content\/uploads\/2016\/09\/16_05_29_Qui\u00e9n-organiza-el-Baby-Shower-150x150.jpg\" class=\"attachment-thumbnail size-thumbnail wp-post-image\" alt=\"Organizaci\u00f3n Baby Shower Madrid fiesta beb\u00e9 embarazada\" decoding=\"async\" loading=\"lazy\" \/>\r\n\r\n        <\/a>\r\n    <\/div>\r\n\r\n    <a class=\"title post_title\"  title=\"\u00bfQui\u00e9n debe organizar el Baby Shower?\" href=\"https:\/\/www.evento.love\/blog\/quien-organizar-baby-shower-madrid\/\">\r\n                \u00bfQui\u00e9n debe organizar el Baby Shower?    <\/a>\r\n\r\n                <\/div>\r\n            \r\n    <\/div>\r\n\r\n    <script>\r\n            <\/script>\r\n    <style>\r\n        .related-post {}\r\n\r\n        .related-post .post-list {\r\n            text-align: left;\r\n                    }\r\n\r\n        .related-post .post-list .item {\r\n            margin: 5px 10px;\r\n            padding: 0px;\r\n                    }\r\n\r\n        .related-post .headline {\r\n            font-size: 24px !important;\r\n            color: #000000 !important;\r\n                    }\r\n\r\n        .related-post .headline{\r\nfont-weight:400 !important;\r\ntext-transform: uppercase;\r\n}.related-post .post-list .item .post_thumb {\r\n            max-height: 180px;\r\n            margin: 10px 0px;\r\n            padding: 0px;\r\n            display: block;\r\n                    }\r\n\r\n        .related-post .post-list .item .post_title {\r\n            font-size: 12px;\r\n            color: #607d8b;\r\n            margin: 10px 0px;\r\n            padding: 0px;\r\n            display: block;\r\n            text-decoration: none;\r\n                    }\r\n\r\n        .related-post .post-list .item .post_excerpt {\r\n            font-size: 13px;\r\n            color: #3f3f3f;\r\n            margin: 10px 0px;\r\n            padding: 0px;\r\n            display: block;\r\n            text-decoration: none;\r\n                    }\r\n\r\n        @media only screen and (min-width: 1024px) {\r\n            .related-post .post-list .item {\r\n                width: 22%;\r\n            }\r\n        }\r\n\r\n        @media only screen and (min-width: 768px) and (max-width: 1023px) {\r\n            .related-post .post-list .item {\r\n                width: 90%;\r\n            }\r\n        }\r\n\r\n        @media only screen and (min-width: 0px) and (max-width: 767px) {\r\n            .related-post .post-list .item {\r\n                width: 30%;\r\n            }\r\n        }\r\n\r\n            <\/style>\r\n        <\/div>\r\n<!-- AddThis Advanced Settings generic via filter on the_content --><!-- AddThis Share Buttons generic via filter on the_content -->","protected":false},"excerpt":{"rendered":"<p>En Evento.love somos especialistas en todo tipo de eventos, y hoy os queremos hablar de una de esas especialidades, la organizaci\u00f3n y decoraci\u00f3n de espacios para conferencias y charlas. M\u00e1s art\u00edculos a tener en cuenta Baby Shower, mucho m\u00e1s que un evento social 12 consejos para un Baby Shower perfecto Cu\u00e1ndo hacer el Baby Shower \u00bfQui\u00e9n debe organizar el Baby Shower?<!-- AddThis Advanced Settings generic via filter on get_the_excerpt --><!-- AddThis Share Buttons generic via filter on get_the_excerpt --><\/p>\n    <div class=\"related-post grid\">\r\n                <div class=\"headline\">M\u00e1s art\u00edculos a tener en cuenta<\/div>\r\n        <div class=\"post-list \">\r\n\r\n                        <div class=\"item\">\r\n                        <div class=\"thumb post_thumb\">\r\n        <a  title=\"Baby Shower, mucho m\u00e1s que un evento social\" href=\"https:\/\/www.evento.love\/blog\/baby-shower-evento-social-madrid\/\">\r\n\r\n            <img width=\"150\" height=\"150\" src=\"https:\/\/www.evento.love\/blog\/wp-content\/uploads\/2016\/07\/babyshower-150x150.jpg\" class=\"attachment-thumbnail size-thumbnail wp-post-image\" alt=\"baby shower-fiesta-beb\u00e9-embarazo-embarazada\" decoding=\"async\" loading=\"lazy\" \/>\r\n\r\n        <\/a>\r\n    <\/div>\r\n\r\n    <a class=\"title post_title\"  title=\"Baby Shower, mucho m\u00e1s que un evento social\" href=\"https:\/\/www.evento.love\/blog\/baby-shower-evento-social-madrid\/\">\r\n                Baby Shower, mucho m\u00e1s que un evento social    <\/a>\r\n\r\n                <\/div>\r\n                            <div class=\"item\">\r\n                        <div class=\"thumb post_thumb\">\r\n        <a  title=\"12 consejos para un Baby Shower perfecto\" href=\"https:\/\/www.evento.love\/blog\/12-consejos-baby-shower-perfecto-madrid\/\">\r\n\r\n            <img width=\"150\" height=\"150\" src=\"https:\/\/www.evento.love\/blog\/wp-content\/uploads\/2016\/09\/16_05_20_12_consejos-para-que-tu-Baby-Shower-sea-perfecto-150x150.jpg\" class=\"attachment-thumbnail size-thumbnail wp-post-image\" alt=\"Baby Shower-perfecto-beb\u00e9-embarazado-embarazada-fiesta-babyshower\" decoding=\"async\" loading=\"lazy\" \/>\r\n\r\n        <\/a>\r\n    <\/div>\r\n\r\n    <a class=\"title post_title\"  title=\"12 consejos para un Baby Shower perfecto\" href=\"https:\/\/www.evento.love\/blog\/12-consejos-baby-shower-perfecto-madrid\/\">\r\n                12 consejos para un Baby Shower perfecto    <\/a>\r\n\r\n                <\/div>\r\n                            <div class=\"item\">\r\n                        <div class=\"thumb post_thumb\">\r\n        <a  title=\"Cu\u00e1ndo hacer el Baby Shower\" href=\"https:\/\/www.evento.love\/blog\/cuando-hacer-el-baby-shower-madrid\/\">\r\n\r\n            <img width=\"150\" height=\"150\" src=\"https:\/\/www.evento.love\/blog\/wp-content\/uploads\/2016\/09\/16_05_23_Cuando-hacer-el-Baby-Shower-150x150.jpg\" class=\"attachment-thumbnail size-thumbnail wp-post-image\" alt=\"Cu\u00e1ndo hacer el baby shower beb\u00e9 embarazo fiesta en Madrid\" decoding=\"async\" loading=\"lazy\" \/>\r\n\r\n        <\/a>\r\n    <\/div>\r\n\r\n    <a class=\"title post_title\"  title=\"Cu\u00e1ndo hacer el Baby Shower\" href=\"https:\/\/www.evento.love\/blog\/cuando-hacer-el-baby-shower-madrid\/\">\r\n                Cu\u00e1ndo hacer el Baby Shower    <\/a>\r\n\r\n                <\/div>\r\n                            <div class=\"item\">\r\n                        <div class=\"thumb post_thumb\">\r\n        <a  title=\"Baby Shower: Elaborando la lista de invitados\" href=\"https:\/\/www.evento.love\/blog\/baby-shower-lista-invitados-madrid\/\">\r\n\r\n            <img width=\"150\" height=\"150\" src=\"https:\/\/www.evento.love\/blog\/wp-content\/uploads\/2016\/09\/16_05_30_Baby-Shower-elaborando-la-lista-de-invitados-150x150.jpg\" class=\"attachment-thumbnail size-thumbnail wp-post-image\" alt=\"\" decoding=\"async\" loading=\"lazy\" \/>\r\n\r\n        <\/a>\r\n    <\/div>\r\n\r\n    <a class=\"title post_title\"  title=\"Baby Shower: Elaborando la lista de invitados\" href=\"https:\/\/www.evento.love\/blog\/baby-shower-lista-invitados-madrid\/\">\r\n                Baby Shower: Elaborando la lista de invitados    <\/a>\r\n\r\n                <\/div>\r\n            \r\n    <\/div>\r\n\r\n    <script>\r\n            <\/script>\r\n    <style>\r\n        .related-post {}\r\n\r\n        .related-post .post-list {\r\n            text-align: left;\r\n                    }\r\n\r\n        .related-post .post-list .item {\r\n            margin: 5px 10px;\r\n            padding: 0px;\r\n                    }\r\n\r\n        .related-post .headline {\r\n            font-size: 24px !important;\r\n            color: #000000 !important;\r\n                    }\r\n\r\n        .related-post .headline{\r\nfont-weight:400 !important;\r\ntext-transform: uppercase;\r\n}.related-post .post-list .item .post_thumb {\r\n            max-height: 180px;\r\n            margin: 10px 0px;\r\n            padding: 0px;\r\n            display: block;\r\n                    }\r\n\r\n        .related-post .post-list .item .post_title {\r\n            font-size: 12px;\r\n            color: #607d8b;\r\n            margin: 10px 0px;\r\n            padding: 0px;\r\n            display: block;\r\n            text-decoration: none;\r\n                    }\r\n\r\n        .related-post .post-list .item .post_excerpt {\r\n            font-size: 13px;\r\n            color: #3f3f3f;\r\n            margin: 10px 0px;\r\n            padding: 0px;\r\n            display: block;\r\n            text-decoration: none;\r\n                    }\r\n\r\n        @media only screen and (min-width: 1024px) {\r\n            .related-post .post-list .item {\r\n                width: 22%;\r\n            }\r\n        }\r\n\r\n        @media only screen and (min-width: 768px) and (max-width: 1023px) {\r\n            .related-post .post-list .item {\r\n                width: 90%;\r\n            }\r\n        }\r\n\r\n        @media only screen and (min-width: 0px) and (max-width: 767px) {\r\n            .related-post .post-list .item {\r\n                width: 30%;\r\n            }\r\n        }\r\n\r\n            <\/style>\r\n        <\/div>\r\n","protected":false},"author":1,"featured_media":5985,"comment_status":"open","ping_status":"open","sticky":false,"template":"","format":"standard","meta":{"content-type":""},"categories":[391],"tags":[1648],"yoast_head":"<!-- This site is optimized with the Yoast SEO plugin v20.7 - https:\/\/yoast.com\/wordpress\/plugins\/seo\/ -->\n<title>As\u00ed decoramos el espacio para una charla en Madrid - Blog de Evento.love<\/title>\n<meta name=\"description\" content=\"En Evento.love somos especialistas en la organizaci\u00f3n y decoraci\u00f3n de espacios para conferencias y charlas en Madrid. As\u00ed fue uno de nuestros trabajos.\" \/>\n<meta name=\"robots\" content=\"index, follow, max-snippet:-1, max-image-preview:large, max-video-preview:-1\" \/>\n<meta property=\"og:locale\" content=\"es_ES\" \/>\n<meta property=\"og:type\" content=\"article\" \/>\n<meta property=\"og:title\" content=\"As\u00ed decoramos el espacio para una charla en Madrid - Blog de Evento.love\" \/>\n<meta property=\"og:description\" content=\"En Evento.love somos especialistas en la organizaci\u00f3n y decoraci\u00f3n de espacios para conferencias y charlas en Madrid. As\u00ed fue uno de nuestros trabajos.\" \/>\n<meta property=\"og:url\" content=\"https:\/\/www.evento.love\/blog\/asi-decoramos-este-original-espacio-para-una-charla-para-padres-en-madrid\/\" \/>\n<meta property=\"og:site_name\" content=\"El Blog de evento.love\" \/>\n<meta property=\"article:publisher\" content=\"https:\/\/www.facebook.com\/Evento.love\/\" \/>\n<meta property=\"article:published_time\" content=\"2020-02-13T07:20:08+00:00\" \/>\n<meta property=\"article:modified_time\" content=\"2020-02-12T20:59:33+00:00\" \/>\n<meta property=\"og:image\" content=\"https:\/\/www.evento.love\/blog\/wp-content\/uploads\/2020\/02\/decoracion-organizacion-eventos-charlas-conferencias.jpg\" \/>\n\t<meta property=\"og:image:width\" content=\"850\" \/>\n\t<meta property=\"og:image:height\" content=\"638\" \/>\n\t<meta property=\"og:image:type\" content=\"image\/jpeg\" \/>\n<meta name=\"author\" content=\"Evento Love\" \/>\n<meta name=\"twitter:card\" content=\"summary_large_image\" \/>\n<meta name=\"twitter:creator\" content=\"@Evento_love\" \/>\n<meta name=\"twitter:site\" content=\"@Evento_love\" \/>\n<meta name=\"twitter:label1\" content=\"Escrito por\" \/>\n\t<meta name=\"twitter:data1\" content=\"Evento Love\" \/>\n\t<meta name=\"twitter:label2\" content=\"Tiempo de lectura\" \/>\n\t<meta name=\"twitter:data2\" content=\"1 minuto\" \/>\n<!-- \/ Yoast SEO plugin. -->","yoast_head_json":{"title":"As\u00ed decoramos el espacio para una charla en Madrid - Blog de Evento.love","description":"En Evento.love somos especialistas en la organizaci\u00f3n y decoraci\u00f3n de espacios para conferencias y charlas en Madrid. As\u00ed fue uno de nuestros trabajos.","robots":{"index":"index","follow":"follow","max-snippet":"max-snippet:-1","max-image-preview":"max-image-preview:large","max-video-preview":"max-video-preview:-1"},"og_locale":"es_ES","og_type":"article","og_title":"As\u00ed decoramos el espacio para una charla en Madrid - Blog de Evento.love","og_description":"En Evento.love somos especialistas en la organizaci\u00f3n y decoraci\u00f3n de espacios para conferencias y charlas en Madrid. As\u00ed fue uno de nuestros trabajos.","og_url":"https:\/\/www.evento.love\/blog\/asi-decoramos-este-original-espacio-para-una-charla-para-padres-en-madrid\/","og_site_name":"El Blog de evento.love","article_publisher":"https:\/\/www.facebook.com\/Evento.love\/","article_published_time":"2020-02-13T07:20:08+00:00","article_modified_time":"2020-02-12T20:59:33+00:00","og_image":[{"width":850,"height":638,"url":"https:\/\/www.evento.love\/blog\/wp-content\/uploads\/2020\/02\/decoracion-organizacion-eventos-charlas-conferencias.jpg","type":"image\/jpeg"}],"author":"Evento Love","twitter_card":"summary_large_image","twitter_creator":"@Evento_love","twitter_site":"@Evento_love","twitter_misc":{"Escrito por":"Evento Love","Tiempo de lectura":"1 minuto"},"schema":{"@context":"https:\/\/schema.org","@graph":[{"@type":"Article","@id":"https:\/\/www.evento.love\/blog\/asi-decoramos-este-original-espacio-para-una-charla-para-padres-en-madrid\/#article","isPartOf":{"@id":"https:\/\/www.evento.love\/blog\/asi-decoramos-este-original-espacio-para-una-charla-para-padres-en-madrid\/"},"author":{"name":"Evento Love","@id":"https:\/\/www.evento.love\/blog\/#\/schema\/person\/a184c2ed424b7fb3006372ce8051542c"},"headline":"As\u00ed decoramos este original espacio para una charla para padres en Madrid","datePublished":"2020-02-13T07:20:08+00:00","dateModified":"2020-02-12T20:59:33+00:00","mainEntityOfPage":{"@id":"https:\/\/www.evento.love\/blog\/asi-decoramos-este-original-espacio-para-una-charla-para-padres-en-madrid\/"},"wordCount":305,"commentCount":0,"publisher":{"@id":"https:\/\/www.evento.love\/blog\/#organization"},"keywords":["espacios para conferencias y charlas"],"articleSection":["Nuestros eventos"],"inLanguage":"es","potentialAction":[{"@type":"CommentAction","name":"Comment","target":["https:\/\/www.evento.love\/blog\/asi-decoramos-este-original-espacio-para-una-charla-para-padres-en-madrid\/#respond"]}]},{"@type":"WebPage","@id":"https:\/\/www.evento.love\/blog\/asi-decoramos-este-original-espacio-para-una-charla-para-padres-en-madrid\/","url":"https:\/\/www.evento.love\/blog\/asi-decoramos-este-original-espacio-para-una-charla-para-padres-en-madrid\/","name":"As\u00ed decoramos el espacio para una charla en Madrid - Blog de Evento.love","isPartOf":{"@id":"https:\/\/www.evento.love\/blog\/#website"},"datePublished":"2020-02-13T07:20:08+00:00","dateModified":"2020-02-12T20:59:33+00:00","description":"En Evento.love somos especialistas en la organizaci\u00f3n y decoraci\u00f3n de espacios para conferencias y charlas en Madrid. As\u00ed fue uno de nuestros trabajos.","breadcrumb":{"@id":"https:\/\/www.evento.love\/blog\/asi-decoramos-este-original-espacio-para-una-charla-para-padres-en-madrid\/#breadcrumb"},"inLanguage":"es","potentialAction":[{"@type":"ReadAction","target":["https:\/\/www.evento.love\/blog\/asi-decoramos-este-original-espacio-para-una-charla-para-padres-en-madrid\/"]}]},{"@type":"BreadcrumbList","@id":"https:\/\/www.evento.love\/blog\/asi-decoramos-este-original-espacio-para-una-charla-para-padres-en-madrid\/#breadcrumb","itemListElement":[{"@type":"ListItem","position":1,"name":"Evento.love","item":"https:\/\/www.evento.love\/blog\/"},{"@type":"ListItem","position":2,"name":"Nuestros eventos","item":"https:\/\/www.evento.love\/blog\/category\/nuestros-eventos\/"},{"@type":"ListItem","position":3,"name":"As\u00ed decoramos este original espacio para una charla para padres en Madrid"}]},{"@type":"WebSite","@id":"https:\/\/www.evento.love\/blog\/#website","url":"https:\/\/www.evento.love\/blog\/","name":"El Blog de evento.love","description":"T\u00fa lo mereces. Disfruta de tu momento","publisher":{"@id":"https:\/\/www.evento.love\/blog\/#organization"},"potentialAction":[{"@type":"SearchAction","target":{"@type":"EntryPoint","urlTemplate":"https:\/\/www.evento.love\/blog\/?s={search_term_string}"},"query-input":"required name=search_term_string"}],"inLanguage":"es"},{"@type":"Organization","@id":"https:\/\/www.evento.love\/blog\/#organization","name":"evento.love","url":"https:\/\/www.evento.love\/blog\/","logo":{"@type":"ImageObject","inLanguage":"es","@id":"https:\/\/www.evento.love\/blog\/#\/schema\/logo\/image\/","url":"https:\/\/www.evento.love\/blog\/wp-content\/uploads\/2016\/07\/logo-evento-love.png","contentUrl":"https:\/\/www.evento.love\/blog\/wp-content\/uploads\/2016\/07\/logo-evento-love.png","width":197,"height":59,"caption":"evento.love"},"image":{"@id":"https:\/\/www.evento.love\/blog\/#\/schema\/logo\/image\/"},"sameAs":["https:\/\/www.facebook.com\/Evento.love\/","https:\/\/twitter.com\/Evento_love","https:\/\/www.instagram.com\/evento.love\/","https:\/\/es.pinterest.com\/evento_love\/","https:\/\/www.youtube.com\/channel\/UCcVbo6ymzx-7FlDJja8aQnw"]},{"@type":"Person","@id":"https:\/\/www.evento.love\/blog\/#\/schema\/person\/a184c2ed424b7fb3006372ce8051542c","name":"Evento Love"}]}},"_links":{"self":[{"href":"https:\/\/www.evento.love\/blog\/wp-json\/wp\/v2\/posts\/5981"}],"collection":[{"href":"https:\/\/www.evento.love\/blog\/wp-json\/wp\/v2\/posts"}],"about":[{"href":"https:\/\/www.evento.love\/blog\/wp-json\/wp\/v2\/types\/post"}],"author":[{"embeddable":true,"href":"https:\/\/www.evento.love\/blog\/wp-json\/wp\/v2\/users\/1"}],"replies":[{"embeddable":true,"href":"https:\/\/www.evento.love\/blog\/wp-json\/wp\/v2\/comments?post=5981"}],"version-history":[{"count":1,"href":"https:\/\/www.evento.love\/blog\/wp-json\/wp\/v2\/posts\/5981\/revisions"}],"predecessor-version":[{"id":5988,"href":"https:\/\/www.evento.love\/blog\/wp-json\/wp\/v2\/posts\/5981\/revisions\/5988"}],"wp:featuredmedia":[{"embeddable":true,"href":"https:\/\/www.evento.love\/blog\/wp-json\/wp\/v2\/media\/5985"}],"wp:attachment":[{"href":"https:\/\/www.evento.love\/blog\/wp-json\/wp\/v2\/media?parent=5981"}],"wp:term":[{"taxonomy":"category","embeddable":true,"href":"https:\/\/www.evento.love\/blog\/wp-json\/wp\/v2\/categories?post=5981"},{"taxonomy":"post_tag","embeddable":true,"href":"https:\/\/www.evento.love\/blog\/wp-json\/wp\/v2\/tags?post=5981"}],"curies":[{"name":"wp","href":"https:\/\/api.w.org\/{rel}","templated":true}]}}