{"id":5989,"date":"2020-02-17T09:00:21","date_gmt":"2020-02-17T07:00:21","guid":{"rendered":"https:\/\/www.evento.love\/blog\/?p=5989"},"modified":"2020-02-16T17:22:27","modified_gmt":"2020-02-16T15:22:27","slug":"el-baby-shower-campestre-de-casilda-una-gran-sorpresa","status":"publish","type":"post","link":"https:\/\/www.evento.love\/blog\/el-baby-shower-campestre-de-casilda-una-gran-sorpresa\/","title":{"rendered":"El baby shower campestre de Casilda, \u00a1una gran sorpresa!"},"content":{"rendered":"<p>Como ya os hemos contado en alguna ocasi\u00f3n, una de las cosas que m\u00e1s nos gustan de nuestro trabajo es poder acompa\u00f1ar a las familias a lo largo de los a\u00f1os y formar parte de sus celebraciones.<!--more--><\/p>\n<p>Es el caso de la familia de la que os vamos a hablar hoy. All\u00e1 por el 2016, no contact\u00f3 Mar\u00eda para organizar, dise\u00f1ar y decorar el baby shower de su hija, que estaba embarazada de Jimena. \u00a1Ser\u00eda completamente sorpresa! Recordamos esa inolvidable celebraci\u00f3n con la mejor de nuestras sonrisas. Puedes ver c\u00f3mo qued\u00f3 en <a href=\"https:\/\/www.evento.love\/blog\/baby-shower-jimena-inspirado-la-naturaleza-las-motos-madrid\/?utm_source=web&amp;utm_medium=post&amp;utm_campaign=casilda\" target=\"_blank\" rel=\"noopener noreferrer\">este enlace<\/a>.<\/p>\n<p>Algo m\u00e1s de tres a\u00f1os despu\u00e9s, a principios de este a\u00f1o, volvimos a recibir una llamada de Mar\u00eda: Jimena iba a tener una hermanita. \u00a1Qu\u00e9 alegr\u00eda! A partir de ah\u00ed, comenz\u00f3 la aventura. Hablamos con Mar\u00eda sobre la idea que ten\u00eda ella, un baby shower campestre con flores y espigas. Nos encant\u00f3 y pronto nos pusimos a trabajar en las propuestas de decoraci\u00f3n y dulces que fuimos mostr\u00e1ndole a Mar\u00eda.<\/p>\n<p>Una vez ya tuvimos definida la gama crom\u00e1tica y el estilo que quer\u00edamos, nos pusimos manos a la obra para dise\u00f1ar la decoraci\u00f3n del baby shower de Casilda.<\/p>\n<p>El d\u00eda de la fiesta fuimos temprano para montar la maravillosa decoraci\u00f3n. Para la trasera de la mesa dulce utilizamos unos palets ideales, luces en tonos beige y marr\u00f3n y hiedra.<\/p>\n<p>En la mesa dulce colocamos un carrito blanco ideal, unas estructuras altas en blanco y soportes de madera r\u00fasticos para colocar todos los dulces personalizados. Presentamos la gran tarta con una base con hojas siguiendo la tem\u00e1tica campestre. La tarta fue un dise\u00f1o en tonos beige, blanco y rosa beb\u00e9 con unos patucos mon\u00edsimos en la parte superior y el nombre del beb\u00e9. Para adornar la mesa dulce, tambi\u00e9n colocamos dos jarrones con espigas y flores.<\/p>\n<p><img decoding=\"async\" loading=\"lazy\" class=\"aligncenter size-full wp-image-5998\" src=\"https:\/\/www.evento.love\/blog\/wp-content\/uploads\/2020\/02\/baby-shower-campestre-evento.love-68.jpg\" alt=\"\" width=\"850\" height=\"567\" srcset=\"https:\/\/www.evento.love\/blog\/wp-content\/uploads\/2020\/02\/baby-shower-campestre-evento.love-68.jpg 850w, https:\/\/www.evento.love\/blog\/wp-content\/uploads\/2020\/02\/baby-shower-campestre-evento.love-68-300x200.jpg 300w, https:\/\/www.evento.love\/blog\/wp-content\/uploads\/2020\/02\/baby-shower-campestre-evento.love-68-768x512.jpg 768w, https:\/\/www.evento.love\/blog\/wp-content\/uploads\/2020\/02\/baby-shower-campestre-evento.love-68-405x270.jpg 405w\" sizes=\"(max-width: 850px) 100vw, 850px\" \/><\/p>\n<p><img decoding=\"async\" loading=\"lazy\" class=\"aligncenter size-full wp-image-5996\" src=\"https:\/\/www.evento.love\/blog\/wp-content\/uploads\/2020\/02\/baby-shower-campestre-evento.love-72.jpg\" alt=\"fiesta del beb\u00e9\" width=\"850\" height=\"567\" srcset=\"https:\/\/www.evento.love\/blog\/wp-content\/uploads\/2020\/02\/baby-shower-campestre-evento.love-72.jpg 850w, https:\/\/www.evento.love\/blog\/wp-content\/uploads\/2020\/02\/baby-shower-campestre-evento.love-72-300x200.jpg 300w, https:\/\/www.evento.love\/blog\/wp-content\/uploads\/2020\/02\/baby-shower-campestre-evento.love-72-768x512.jpg 768w, https:\/\/www.evento.love\/blog\/wp-content\/uploads\/2020\/02\/baby-shower-campestre-evento.love-72-405x270.jpg 405w\" sizes=\"(max-width: 850px) 100vw, 850px\" \/><\/p>\n<p><img decoding=\"async\" loading=\"lazy\" class=\"aligncenter size-full wp-image-6000\" src=\"https:\/\/www.evento.love\/blog\/wp-content\/uploads\/2020\/02\/baby-shower-campestre-evento.love-59.jpg\" alt=\"baby shower campestre\" width=\"850\" height=\"567\" srcset=\"https:\/\/www.evento.love\/blog\/wp-content\/uploads\/2020\/02\/baby-shower-campestre-evento.love-59.jpg 850w, https:\/\/www.evento.love\/blog\/wp-content\/uploads\/2020\/02\/baby-shower-campestre-evento.love-59-300x200.jpg 300w, https:\/\/www.evento.love\/blog\/wp-content\/uploads\/2020\/02\/baby-shower-campestre-evento.love-59-768x512.jpg 768w, https:\/\/www.evento.love\/blog\/wp-content\/uploads\/2020\/02\/baby-shower-campestre-evento.love-59-405x270.jpg 405w\" sizes=\"(max-width: 850px) 100vw, 850px\" \/><\/p>\n<p><img decoding=\"async\" loading=\"lazy\" class=\"aligncenter size-full wp-image-5997\" src=\"https:\/\/www.evento.love\/blog\/wp-content\/uploads\/2020\/02\/baby-shower-campestre-evento.love-73.jpg\" alt=\"fiesta del beb\u00e9\" width=\"850\" height=\"567\" srcset=\"https:\/\/www.evento.love\/blog\/wp-content\/uploads\/2020\/02\/baby-shower-campestre-evento.love-73.jpg 850w, https:\/\/www.evento.love\/blog\/wp-content\/uploads\/2020\/02\/baby-shower-campestre-evento.love-73-300x200.jpg 300w, https:\/\/www.evento.love\/blog\/wp-content\/uploads\/2020\/02\/baby-shower-campestre-evento.love-73-768x512.jpg 768w, https:\/\/www.evento.love\/blog\/wp-content\/uploads\/2020\/02\/baby-shower-campestre-evento.love-73-405x270.jpg 405w\" sizes=\"(max-width: 850px) 100vw, 850px\" \/><\/p>\n<p><img decoding=\"async\" loading=\"lazy\" class=\"aligncenter wp-image-5992\" src=\"https:\/\/www.evento.love\/blog\/wp-content\/uploads\/2020\/02\/baby-shower-campestre-evento.love-_123536.jpg\" alt=\"baby shower campestre\" width=\"600\" height=\"800\" srcset=\"https:\/\/www.evento.love\/blog\/wp-content\/uploads\/2020\/02\/baby-shower-campestre-evento.love-_123536.jpg 850w, https:\/\/www.evento.love\/blog\/wp-content\/uploads\/2020\/02\/baby-shower-campestre-evento.love-_123536-225x300.jpg 225w, https:\/\/www.evento.love\/blog\/wp-content\/uploads\/2020\/02\/baby-shower-campestre-evento.love-_123536-768x1024.jpg 768w, https:\/\/www.evento.love\/blog\/wp-content\/uploads\/2020\/02\/baby-shower-campestre-evento.love-_123536-203x270.jpg 203w\" sizes=\"(max-width: 600px) 100vw, 600px\" \/><\/p>\n<p><img decoding=\"async\" loading=\"lazy\" class=\"aligncenter size-full wp-image-5999\" src=\"https:\/\/www.evento.love\/blog\/wp-content\/uploads\/2020\/02\/baby-shower-campestre-evento.love-69.jpg\" alt=\"tarta de baby shower\" width=\"850\" height=\"567\" srcset=\"https:\/\/www.evento.love\/blog\/wp-content\/uploads\/2020\/02\/baby-shower-campestre-evento.love-69.jpg 850w, https:\/\/www.evento.love\/blog\/wp-content\/uploads\/2020\/02\/baby-shower-campestre-evento.love-69-300x200.jpg 300w, https:\/\/www.evento.love\/blog\/wp-content\/uploads\/2020\/02\/baby-shower-campestre-evento.love-69-768x512.jpg 768w, https:\/\/www.evento.love\/blog\/wp-content\/uploads\/2020\/02\/baby-shower-campestre-evento.love-69-405x270.jpg 405w\" sizes=\"(max-width: 850px) 100vw, 850px\" \/><\/p>\n<p><img decoding=\"async\" loading=\"lazy\" class=\"aligncenter wp-image-5994\" src=\"https:\/\/www.evento.love\/blog\/wp-content\/uploads\/2020\/02\/baby-shower-campestre-evento.love-_122909.jpg\" alt=\"baby shower campestre\" width=\"600\" height=\"800\" srcset=\"https:\/\/www.evento.love\/blog\/wp-content\/uploads\/2020\/02\/baby-shower-campestre-evento.love-_122909.jpg 850w, https:\/\/www.evento.love\/blog\/wp-content\/uploads\/2020\/02\/baby-shower-campestre-evento.love-_122909-225x300.jpg 225w, https:\/\/www.evento.love\/blog\/wp-content\/uploads\/2020\/02\/baby-shower-campestre-evento.love-_122909-768x1024.jpg 768w, https:\/\/www.evento.love\/blog\/wp-content\/uploads\/2020\/02\/baby-shower-campestre-evento.love-_122909-203x270.jpg 203w\" sizes=\"(max-width: 600px) 100vw, 600px\" \/><\/p>\n<p><img decoding=\"async\" loading=\"lazy\" class=\"aligncenter wp-image-5993\" src=\"https:\/\/www.evento.love\/blog\/wp-content\/uploads\/2020\/02\/baby-shower-campestre-evento.love-_123555.jpg\" alt=\"baby shower campestre\" width=\"600\" height=\"800\" srcset=\"https:\/\/www.evento.love\/blog\/wp-content\/uploads\/2020\/02\/baby-shower-campestre-evento.love-_123555.jpg 850w, https:\/\/www.evento.love\/blog\/wp-content\/uploads\/2020\/02\/baby-shower-campestre-evento.love-_123555-225x300.jpg 225w, https:\/\/www.evento.love\/blog\/wp-content\/uploads\/2020\/02\/baby-shower-campestre-evento.love-_123555-768x1024.jpg 768w, https:\/\/www.evento.love\/blog\/wp-content\/uploads\/2020\/02\/baby-shower-campestre-evento.love-_123555-203x270.jpg 203w\" sizes=\"(max-width: 600px) 100vw, 600px\" \/><\/p>\n<p>Cuando fuimos al d\u00eda siguiente a desmontar, estuvimos charlando con la familia. Nada nos pudo hacer m\u00e1s felices que ver lo mucho que les gust\u00f3 la decoraci\u00f3n y lo bien que se lo pasaron. \u00a1Gracias Mar\u00eda por confiar una vez m\u00e1s en el equipo Evento.love!<\/p>\n<p>Si quieres que organicemos tu baby shower, el de tu hija o el de una amiga, no dudes en escribirnos a <a href=\"mailto:hola@evento.love\" target=\"_blank\" rel=\"noopener noreferrer\">hola@evento.love<\/a>.<\/p>\n    <div class=\"related-post grid\">\r\n                <div class=\"headline\">M\u00e1s art\u00edculos a tener en cuenta<\/div>\r\n        <div class=\"post-list \">\r\n\r\n                        <div class=\"item\">\r\n                        <div class=\"thumb post_thumb\">\r\n        <a  title=\"Baby Shower, mucho m\u00e1s que un evento social\" href=\"https:\/\/www.evento.love\/blog\/baby-shower-evento-social-madrid\/\">\r\n\r\n            <img width=\"150\" height=\"150\" src=\"https:\/\/www.evento.love\/blog\/wp-content\/uploads\/2016\/07\/babyshower-150x150.jpg\" class=\"attachment-thumbnail size-thumbnail wp-post-image\" alt=\"baby shower-fiesta-beb\u00e9-embarazo-embarazada\" decoding=\"async\" loading=\"lazy\" \/>\r\n\r\n        <\/a>\r\n    <\/div>\r\n\r\n    <a class=\"title post_title\"  title=\"Baby Shower, mucho m\u00e1s que un evento social\" href=\"https:\/\/www.evento.love\/blog\/baby-shower-evento-social-madrid\/\">\r\n                Baby Shower, mucho m\u00e1s que un evento social    <\/a>\r\n\r\n                <\/div>\r\n                            <div class=\"item\">\r\n                        <div class=\"thumb post_thumb\">\r\n        <a  title=\"12 consejos para un Baby Shower perfecto\" href=\"https:\/\/www.evento.love\/blog\/12-consejos-baby-shower-perfecto-madrid\/\">\r\n\r\n            <img width=\"150\" height=\"150\" src=\"https:\/\/www.evento.love\/blog\/wp-content\/uploads\/2016\/09\/16_05_20_12_consejos-para-que-tu-Baby-Shower-sea-perfecto-150x150.jpg\" class=\"attachment-thumbnail size-thumbnail wp-post-image\" alt=\"Baby Shower-perfecto-beb\u00e9-embarazado-embarazada-fiesta-babyshower\" decoding=\"async\" loading=\"lazy\" \/>\r\n\r\n        <\/a>\r\n    <\/div>\r\n\r\n    <a class=\"title post_title\"  title=\"12 consejos para un Baby Shower perfecto\" href=\"https:\/\/www.evento.love\/blog\/12-consejos-baby-shower-perfecto-madrid\/\">\r\n                12 consejos para un Baby Shower perfecto    <\/a>\r\n\r\n                <\/div>\r\n                            <div class=\"item\">\r\n                        <div class=\"thumb post_thumb\">\r\n        <a  title=\"Cu\u00e1ndo hacer el Baby Shower\" href=\"https:\/\/www.evento.love\/blog\/cuando-hacer-el-baby-shower-madrid\/\">\r\n\r\n            <img width=\"150\" height=\"150\" src=\"https:\/\/www.evento.love\/blog\/wp-content\/uploads\/2016\/09\/16_05_23_Cuando-hacer-el-Baby-Shower-150x150.jpg\" class=\"attachment-thumbnail size-thumbnail wp-post-image\" alt=\"Cu\u00e1ndo hacer el baby shower beb\u00e9 embarazo fiesta en Madrid\" decoding=\"async\" loading=\"lazy\" \/>\r\n\r\n        <\/a>\r\n    <\/div>\r\n\r\n    <a class=\"title post_title\"  title=\"Cu\u00e1ndo hacer el Baby Shower\" href=\"https:\/\/www.evento.love\/blog\/cuando-hacer-el-baby-shower-madrid\/\">\r\n                Cu\u00e1ndo hacer el Baby Shower    <\/a>\r\n\r\n                <\/div>\r\n                            <div class=\"item\">\r\n                        <div class=\"thumb post_thumb\">\r\n        <a  title=\"Baby Shower: Elaborando la lista de invitados\" href=\"https:\/\/www.evento.love\/blog\/baby-shower-lista-invitados-madrid\/\">\r\n\r\n            <img width=\"150\" height=\"150\" src=\"https:\/\/www.evento.love\/blog\/wp-content\/uploads\/2016\/09\/16_05_30_Baby-Shower-elaborando-la-lista-de-invitados-150x150.jpg\" class=\"attachment-thumbnail size-thumbnail wp-post-image\" alt=\"\" decoding=\"async\" loading=\"lazy\" \/>\r\n\r\n        <\/a>\r\n    <\/div>\r\n\r\n    <a class=\"title post_title\"  title=\"Baby Shower: Elaborando la lista de invitados\" href=\"https:\/\/www.evento.love\/blog\/baby-shower-lista-invitados-madrid\/\">\r\n                Baby Shower: Elaborando la lista de invitados    <\/a>\r\n\r\n                <\/div>\r\n            \r\n    <\/div>\r\n\r\n    <script>\r\n            <\/script>\r\n    <style>\r\n        .related-post {}\r\n\r\n        .related-post .post-list {\r\n            text-align: left;\r\n                    }\r\n\r\n        .related-post .post-list .item {\r\n            margin: 5px 10px;\r\n            padding: 0px;\r\n                    }\r\n\r\n        .related-post .headline {\r\n            font-size: 24px !important;\r\n            color: #000000 !important;\r\n                    }\r\n\r\n        .related-post .headline{\r\nfont-weight:400 !important;\r\ntext-transform: uppercase;\r\n}.related-post .post-list .item .post_thumb {\r\n            max-height: 180px;\r\n            margin: 10px 0px;\r\n            padding: 0px;\r\n            display: block;\r\n                    }\r\n\r\n        .related-post .post-list .item .post_title {\r\n            font-size: 12px;\r\n            color: #607d8b;\r\n            margin: 10px 0px;\r\n            padding: 0px;\r\n            display: block;\r\n            text-decoration: none;\r\n                    }\r\n\r\n        .related-post .post-list .item .post_excerpt {\r\n            font-size: 13px;\r\n            color: #3f3f3f;\r\n            margin: 10px 0px;\r\n            padding: 0px;\r\n            display: block;\r\n            text-decoration: none;\r\n                    }\r\n\r\n        @media only screen and (min-width: 1024px) {\r\n            .related-post .post-list .item {\r\n                width: 22%;\r\n            }\r\n        }\r\n\r\n        @media only screen and (min-width: 768px) and (max-width: 1023px) {\r\n            .related-post .post-list .item {\r\n                width: 90%;\r\n            }\r\n        }\r\n\r\n        @media only screen and (min-width: 0px) and (max-width: 767px) {\r\n            .related-post .post-list .item {\r\n                width: 30%;\r\n            }\r\n        }\r\n\r\n            <\/style>\r\n        <\/div>\r\n<!-- AddThis Advanced Settings generic via filter on the_content --><!-- AddThis Share Buttons generic via filter on the_content -->","protected":false},"excerpt":{"rendered":"<p>Como ya os hemos contado en alguna ocasi\u00f3n, una de las cosas que m\u00e1s nos gustan de nuestro trabajo es poder acompa\u00f1ar a las familias a lo largo de los a\u00f1os y formar parte de sus celebraciones. M\u00e1s art\u00edculos a tener en cuenta Baby Shower, mucho m\u00e1s que un evento social 12 consejos para un Baby Shower perfecto Cu\u00e1ndo hacer el Baby Shower Baby Shower: Elaborando la lista de invitados<!-- AddThis Advanced Settings generic via filter on get_the_excerpt --><!-- AddThis Share Buttons generic via filter on get_the_excerpt --><\/p>\n    <div class=\"related-post grid\">\r\n                <div class=\"headline\">M\u00e1s art\u00edculos a tener en cuenta<\/div>\r\n        <div class=\"post-list \">\r\n\r\n                        <div class=\"item\">\r\n                        <div class=\"thumb post_thumb\">\r\n        <a  title=\"Baby Shower, mucho m\u00e1s que un evento social\" href=\"https:\/\/www.evento.love\/blog\/baby-shower-evento-social-madrid\/\">\r\n\r\n            <img width=\"150\" height=\"150\" src=\"https:\/\/www.evento.love\/blog\/wp-content\/uploads\/2016\/07\/babyshower-150x150.jpg\" class=\"attachment-thumbnail size-thumbnail wp-post-image\" alt=\"baby shower-fiesta-beb\u00e9-embarazo-embarazada\" decoding=\"async\" loading=\"lazy\" \/>\r\n\r\n        <\/a>\r\n    <\/div>\r\n\r\n    <a class=\"title post_title\"  title=\"Baby Shower, mucho m\u00e1s que un evento social\" href=\"https:\/\/www.evento.love\/blog\/baby-shower-evento-social-madrid\/\">\r\n                Baby Shower, mucho m\u00e1s que un evento social    <\/a>\r\n\r\n                <\/div>\r\n                            <div class=\"item\">\r\n                        <div class=\"thumb post_thumb\">\r\n        <a  title=\"12 consejos para un Baby Shower perfecto\" href=\"https:\/\/www.evento.love\/blog\/12-consejos-baby-shower-perfecto-madrid\/\">\r\n\r\n            <img width=\"150\" height=\"150\" src=\"https:\/\/www.evento.love\/blog\/wp-content\/uploads\/2016\/09\/16_05_20_12_consejos-para-que-tu-Baby-Shower-sea-perfecto-150x150.jpg\" class=\"attachment-thumbnail size-thumbnail wp-post-image\" alt=\"Baby Shower-perfecto-beb\u00e9-embarazado-embarazada-fiesta-babyshower\" decoding=\"async\" loading=\"lazy\" \/>\r\n\r\n        <\/a>\r\n    <\/div>\r\n\r\n    <a class=\"title post_title\"  title=\"12 consejos para un Baby Shower perfecto\" href=\"https:\/\/www.evento.love\/blog\/12-consejos-baby-shower-perfecto-madrid\/\">\r\n                12 consejos para un Baby Shower perfecto    <\/a>\r\n\r\n                <\/div>\r\n                            <div class=\"item\">\r\n                        <div class=\"thumb post_thumb\">\r\n        <a  title=\"Cu\u00e1ndo hacer el Baby Shower\" href=\"https:\/\/www.evento.love\/blog\/cuando-hacer-el-baby-shower-madrid\/\">\r\n\r\n            <img width=\"150\" height=\"150\" src=\"https:\/\/www.evento.love\/blog\/wp-content\/uploads\/2016\/09\/16_05_23_Cuando-hacer-el-Baby-Shower-150x150.jpg\" class=\"attachment-thumbnail size-thumbnail wp-post-image\" alt=\"Cu\u00e1ndo hacer el baby shower beb\u00e9 embarazo fiesta en Madrid\" decoding=\"async\" loading=\"lazy\" \/>\r\n\r\n        <\/a>\r\n    <\/div>\r\n\r\n    <a class=\"title post_title\"  title=\"Cu\u00e1ndo hacer el Baby Shower\" href=\"https:\/\/www.evento.love\/blog\/cuando-hacer-el-baby-shower-madrid\/\">\r\n                Cu\u00e1ndo hacer el Baby Shower    <\/a>\r\n\r\n                <\/div>\r\n                            <div class=\"item\">\r\n                        <div class=\"thumb post_thumb\">\r\n        <a  title=\"\u00bfQui\u00e9n debe organizar el Baby Shower?\" href=\"https:\/\/www.evento.love\/blog\/quien-organizar-baby-shower-madrid\/\">\r\n\r\n            <img width=\"150\" height=\"150\" src=\"https:\/\/www.evento.love\/blog\/wp-content\/uploads\/2016\/09\/16_05_29_Qui\u00e9n-organiza-el-Baby-Shower-150x150.jpg\" class=\"attachment-thumbnail size-thumbnail wp-post-image\" alt=\"Organizaci\u00f3n Baby Shower Madrid fiesta beb\u00e9 embarazada\" decoding=\"async\" loading=\"lazy\" \/>\r\n\r\n        <\/a>\r\n    <\/div>\r\n\r\n    <a class=\"title post_title\"  title=\"\u00bfQui\u00e9n debe organizar el Baby Shower?\" href=\"https:\/\/www.evento.love\/blog\/quien-organizar-baby-shower-madrid\/\">\r\n                \u00bfQui\u00e9n debe organizar el Baby Shower?    <\/a>\r\n\r\n                <\/div>\r\n            \r\n    <\/div>\r\n\r\n    <script>\r\n            <\/script>\r\n    <style>\r\n        .related-post {}\r\n\r\n        .related-post .post-list {\r\n            text-align: left;\r\n                    }\r\n\r\n        .related-post .post-list .item {\r\n            margin: 5px 10px;\r\n            padding: 0px;\r\n                    }\r\n\r\n        .related-post .headline {\r\n            font-size: 24px !important;\r\n            color: #000000 !important;\r\n                    }\r\n\r\n        .related-post .headline{\r\nfont-weight:400 !important;\r\ntext-transform: uppercase;\r\n}.related-post .post-list .item .post_thumb {\r\n            max-height: 180px;\r\n            margin: 10px 0px;\r\n            padding: 0px;\r\n            display: block;\r\n                    }\r\n\r\n        .related-post .post-list .item .post_title {\r\n            font-size: 12px;\r\n            color: #607d8b;\r\n            margin: 10px 0px;\r\n            padding: 0px;\r\n            display: block;\r\n            text-decoration: none;\r\n                    }\r\n\r\n        .related-post .post-list .item .post_excerpt {\r\n            font-size: 13px;\r\n            color: #3f3f3f;\r\n            margin: 10px 0px;\r\n            padding: 0px;\r\n            display: block;\r\n            text-decoration: none;\r\n                    }\r\n\r\n        @media only screen and (min-width: 1024px) {\r\n            .related-post .post-list .item {\r\n                width: 22%;\r\n            }\r\n        }\r\n\r\n        @media only screen and (min-width: 768px) and (max-width: 1023px) {\r\n            .related-post .post-list .item {\r\n                width: 90%;\r\n            }\r\n        }\r\n\r\n        @media only screen and (min-width: 0px) and (max-width: 767px) {\r\n            .related-post .post-list .item {\r\n                width: 30%;\r\n            }\r\n        }\r\n\r\n            <\/style>\r\n        <\/div>\r\n","protected":false},"author":1,"featured_media":6000,"comment_status":"open","ping_status":"open","sticky":false,"template":"","format":"standard","meta":{"content-type":""},"categories":[2,391],"tags":[9,1649,514,105,613,1650,1651],"yoast_head":"<!-- This site is optimized with the Yoast SEO plugin v20.7 - https:\/\/yoast.com\/wordpress\/plugins\/seo\/ -->\n<title>El baby shower campestre de Casilda, \u00a1una gran sorpresa! - El Blog de evento.love<\/title>\n<meta name=\"description\" content=\"Descubre este baby shower campestre que organizamos, dise\u00f1amos y decoramos por sorpresa para la mam\u00e1 de Casilda y su familia.\" \/>\n<meta name=\"robots\" content=\"index, follow, max-snippet:-1, max-image-preview:large, max-video-preview:-1\" \/>\n<meta property=\"og:locale\" content=\"es_ES\" \/>\n<meta property=\"og:type\" content=\"article\" \/>\n<meta property=\"og:title\" content=\"El baby shower campestre de Casilda, \u00a1una gran sorpresa! - El Blog de evento.love\" \/>\n<meta property=\"og:description\" content=\"Descubre este baby shower campestre que organizamos, dise\u00f1amos y decoramos por sorpresa para la mam\u00e1 de Casilda y su familia.\" \/>\n<meta property=\"og:url\" content=\"https:\/\/www.evento.love\/blog\/el-baby-shower-campestre-de-casilda-una-gran-sorpresa\/\" \/>\n<meta property=\"og:site_name\" content=\"El Blog de evento.love\" \/>\n<meta property=\"article:publisher\" content=\"https:\/\/www.facebook.com\/Evento.love\/\" \/>\n<meta property=\"article:published_time\" content=\"2020-02-17T07:00:21+00:00\" \/>\n<meta property=\"article:modified_time\" content=\"2020-02-16T15:22:27+00:00\" \/>\n<meta property=\"og:image\" content=\"https:\/\/www.evento.love\/blog\/wp-content\/uploads\/2020\/02\/baby-shower-campestre-evento.love-59.jpg\" \/>\n\t<meta property=\"og:image:width\" content=\"850\" \/>\n\t<meta property=\"og:image:height\" content=\"567\" \/>\n\t<meta property=\"og:image:type\" content=\"image\/jpeg\" \/>\n<meta name=\"author\" content=\"Evento Love\" \/>\n<meta name=\"twitter:card\" content=\"summary_large_image\" \/>\n<meta name=\"twitter:creator\" content=\"@Evento_love\" \/>\n<meta name=\"twitter:site\" content=\"@Evento_love\" \/>\n<meta name=\"twitter:label1\" content=\"Escrito por\" \/>\n\t<meta name=\"twitter:data1\" content=\"Evento Love\" \/>\n\t<meta name=\"twitter:label2\" content=\"Tiempo de lectura\" \/>\n\t<meta name=\"twitter:data2\" content=\"2 minutos\" \/>\n<!-- \/ Yoast SEO plugin. -->","yoast_head_json":{"title":"El baby shower campestre de Casilda, \u00a1una gran sorpresa! - El Blog de evento.love","description":"Descubre este baby shower campestre que organizamos, dise\u00f1amos y decoramos por sorpresa para la mam\u00e1 de Casilda y su familia.","robots":{"index":"index","follow":"follow","max-snippet":"max-snippet:-1","max-image-preview":"max-image-preview:large","max-video-preview":"max-video-preview:-1"},"og_locale":"es_ES","og_type":"article","og_title":"El baby shower campestre de Casilda, \u00a1una gran sorpresa! - El Blog de evento.love","og_description":"Descubre este baby shower campestre que organizamos, dise\u00f1amos y decoramos por sorpresa para la mam\u00e1 de Casilda y su familia.","og_url":"https:\/\/www.evento.love\/blog\/el-baby-shower-campestre-de-casilda-una-gran-sorpresa\/","og_site_name":"El Blog de evento.love","article_publisher":"https:\/\/www.facebook.com\/Evento.love\/","article_published_time":"2020-02-17T07:00:21+00:00","article_modified_time":"2020-02-16T15:22:27+00:00","og_image":[{"width":850,"height":567,"url":"https:\/\/www.evento.love\/blog\/wp-content\/uploads\/2020\/02\/baby-shower-campestre-evento.love-59.jpg","type":"image\/jpeg"}],"author":"Evento Love","twitter_card":"summary_large_image","twitter_creator":"@Evento_love","twitter_site":"@Evento_love","twitter_misc":{"Escrito por":"Evento Love","Tiempo de lectura":"2 minutos"},"schema":{"@context":"https:\/\/schema.org","@graph":[{"@type":"Article","@id":"https:\/\/www.evento.love\/blog\/el-baby-shower-campestre-de-casilda-una-gran-sorpresa\/#article","isPartOf":{"@id":"https:\/\/www.evento.love\/blog\/el-baby-shower-campestre-de-casilda-una-gran-sorpresa\/"},"author":{"name":"Evento Love","@id":"https:\/\/www.evento.love\/blog\/#\/schema\/person\/a184c2ed424b7fb3006372ce8051542c"},"headline":"El baby shower campestre de Casilda, \u00a1una gran sorpresa!","datePublished":"2020-02-17T07:00:21+00:00","dateModified":"2020-02-16T15:22:27+00:00","mainEntityOfPage":{"@id":"https:\/\/www.evento.love\/blog\/el-baby-shower-campestre-de-casilda-una-gran-sorpresa\/"},"wordCount":414,"commentCount":0,"publisher":{"@id":"https:\/\/www.evento.love\/blog\/#organization"},"keywords":["baby shower","baby shower campestre","candy bar","decoracion de baby shower","fiesta del bebe","mesa dulce de baby shower","tarta de baby shower"],"articleSection":["Baby Shower","Nuestros eventos"],"inLanguage":"es","potentialAction":[{"@type":"CommentAction","name":"Comment","target":["https:\/\/www.evento.love\/blog\/el-baby-shower-campestre-de-casilda-una-gran-sorpresa\/#respond"]}]},{"@type":"WebPage","@id":"https:\/\/www.evento.love\/blog\/el-baby-shower-campestre-de-casilda-una-gran-sorpresa\/","url":"https:\/\/www.evento.love\/blog\/el-baby-shower-campestre-de-casilda-una-gran-sorpresa\/","name":"El baby shower campestre de Casilda, \u00a1una gran sorpresa! - El Blog de evento.love","isPartOf":{"@id":"https:\/\/www.evento.love\/blog\/#website"},"datePublished":"2020-02-17T07:00:21+00:00","dateModified":"2020-02-16T15:22:27+00:00","description":"Descubre este baby shower campestre que organizamos, dise\u00f1amos y decoramos por sorpresa para la mam\u00e1 de Casilda y su familia.","breadcrumb":{"@id":"https:\/\/www.evento.love\/blog\/el-baby-shower-campestre-de-casilda-una-gran-sorpresa\/#breadcrumb"},"inLanguage":"es","potentialAction":[{"@type":"ReadAction","target":["https:\/\/www.evento.love\/blog\/el-baby-shower-campestre-de-casilda-una-gran-sorpresa\/"]}]},{"@type":"BreadcrumbList","@id":"https:\/\/www.evento.love\/blog\/el-baby-shower-campestre-de-casilda-una-gran-sorpresa\/#breadcrumb","itemListElement":[{"@type":"ListItem","position":1,"name":"Evento.love","item":"https:\/\/www.evento.love\/blog\/"},{"@type":"ListItem","position":2,"name":"Nuestros eventos","item":"https:\/\/www.evento.love\/blog\/category\/nuestros-eventos\/"},{"@type":"ListItem","position":3,"name":"El baby shower campestre de Casilda, \u00a1una gran sorpresa!"}]},{"@type":"WebSite","@id":"https:\/\/www.evento.love\/blog\/#website","url":"https:\/\/www.evento.love\/blog\/","name":"El Blog de evento.love","description":"T\u00fa lo mereces. Disfruta de tu momento","publisher":{"@id":"https:\/\/www.evento.love\/blog\/#organization"},"potentialAction":[{"@type":"SearchAction","target":{"@type":"EntryPoint","urlTemplate":"https:\/\/www.evento.love\/blog\/?s={search_term_string}"},"query-input":"required name=search_term_string"}],"inLanguage":"es"},{"@type":"Organization","@id":"https:\/\/www.evento.love\/blog\/#organization","name":"evento.love","url":"https:\/\/www.evento.love\/blog\/","logo":{"@type":"ImageObject","inLanguage":"es","@id":"https:\/\/www.evento.love\/blog\/#\/schema\/logo\/image\/","url":"https:\/\/www.evento.love\/blog\/wp-content\/uploads\/2016\/07\/logo-evento-love.png","contentUrl":"https:\/\/www.evento.love\/blog\/wp-content\/uploads\/2016\/07\/logo-evento-love.png","width":197,"height":59,"caption":"evento.love"},"image":{"@id":"https:\/\/www.evento.love\/blog\/#\/schema\/logo\/image\/"},"sameAs":["https:\/\/www.facebook.com\/Evento.love\/","https:\/\/twitter.com\/Evento_love","https:\/\/www.instagram.com\/evento.love\/","https:\/\/es.pinterest.com\/evento_love\/","https:\/\/www.youtube.com\/channel\/UCcVbo6ymzx-7FlDJja8aQnw"]},{"@type":"Person","@id":"https:\/\/www.evento.love\/blog\/#\/schema\/person\/a184c2ed424b7fb3006372ce8051542c","name":"Evento Love"}]}},"_links":{"self":[{"href":"https:\/\/www.evento.love\/blog\/wp-json\/wp\/v2\/posts\/5989"}],"collection":[{"href":"https:\/\/www.evento.love\/blog\/wp-json\/wp\/v2\/posts"}],"about":[{"href":"https:\/\/www.evento.love\/blog\/wp-json\/wp\/v2\/types\/post"}],"author":[{"embeddable":true,"href":"https:\/\/www.evento.love\/blog\/wp-json\/wp\/v2\/users\/1"}],"replies":[{"embeddable":true,"href":"https:\/\/www.evento.love\/blog\/wp-json\/wp\/v2\/comments?post=5989"}],"version-history":[{"count":5,"href":"https:\/\/www.evento.love\/blog\/wp-json\/wp\/v2\/posts\/5989\/revisions"}],"predecessor-version":[{"id":6003,"href":"https:\/\/www.evento.love\/blog\/wp-json\/wp\/v2\/posts\/5989\/revisions\/6003"}],"wp:featuredmedia":[{"embeddable":true,"href":"https:\/\/www.evento.love\/blog\/wp-json\/wp\/v2\/media\/6000"}],"wp:attachment":[{"href":"https:\/\/www.evento.love\/blog\/wp-json\/wp\/v2\/media?parent=5989"}],"wp:term":[{"taxonomy":"category","embeddable":true,"href":"https:\/\/www.evento.love\/blog\/wp-json\/wp\/v2\/categories?post=5989"},{"taxonomy":"post_tag","embeddable":true,"href":"https:\/\/www.evento.love\/blog\/wp-json\/wp\/v2\/tags?post=5989"}],"curies":[{"name":"wp","href":"https:\/\/api.w.org\/{rel}","templated":true}]}}