{"id":6005,"date":"2020-02-20T09:00:43","date_gmt":"2020-02-20T07:00:43","guid":{"rendered":"https:\/\/www.evento.love\/blog\/?p=6005"},"modified":"2020-02-20T08:19:55","modified_gmt":"2020-02-20T06:19:55","slug":"4-pasos-para-escoger-la-decoracion-perfecta-para-tu-evento","status":"publish","type":"post","link":"https:\/\/www.evento.love\/blog\/4-pasos-para-escoger-la-decoracion-perfecta-para-tu-evento\/","title":{"rendered":"4 pasos para escoger la decoraci\u00f3n perfecta para tu evento"},"content":{"rendered":"<p>Sab\u00e9is que la decoraci\u00f3n es nuestra pasi\u00f3n, y gracias a las redes sociales hemos conocido que tambi\u00e9n la de much@s de vosotr@s que nos segu\u00eds en <a href=\"https:\/\/www.instagram.com\/evento.love\/\" target=\"_blank\" rel=\"noopener noreferrer\">redes sociales<\/a> y nos escrib\u00eds para pedirnos consejo y que os ayudemos a dise\u00f1ar la decoraci\u00f3n de vuestro evento.<!--more--><\/p>\n<p>A la hora de comenzar a dise\u00f1ar la decoraci\u00f3n de una fiesta, sea del tipo que sea (baby shower, bautizo, comuni\u00f3n, cumplea\u00f1os, boda, evento de empresa, etc.) lo primero que hacemos es conocer los gustos del anfitri\u00f3n y\/o organizador del evento. A veces lo ten\u00e9is muy claro pero otras, necesit\u00e1is algo de inspiraci\u00f3n para saber qu\u00e9 estilo de decoraci\u00f3n busc\u00e1is. En cualquier caso, desde el equipo de Evento.love os ayudamos a encontrarlo \ud83d\ude09<\/p>\n<p>Nosotros os ayudaremos con una propuesta personalizada acorde a las necesidades que teng\u00e1is y los detalles que quer\u00e1is para vuestro gran d\u00eda, pero tambi\u00e9n a dar con la idea que m\u00e1s os convenza. En el post de hoy queremos contaros los pasos a seguir a la hora de encontrar el estilo de decoraci\u00f3n perfecto para tu fiesta. \u00a1No te lo pierdas!<\/p>\n<p><img decoding=\"async\" loading=\"lazy\" class=\"aligncenter size-full wp-image-6009\" src=\"https:\/\/www.evento.love\/blog\/wp-content\/uploads\/2020\/02\/como-escoger-decoracion-evento-1.jpg\" alt=\"decoraci\u00f3n\" width=\"850\" height=\"576\" srcset=\"https:\/\/www.evento.love\/blog\/wp-content\/uploads\/2020\/02\/como-escoger-decoracion-evento-1.jpg 850w, https:\/\/www.evento.love\/blog\/wp-content\/uploads\/2020\/02\/como-escoger-decoracion-evento-1-300x203.jpg 300w, https:\/\/www.evento.love\/blog\/wp-content\/uploads\/2020\/02\/como-escoger-decoracion-evento-1-768x520.jpg 768w, https:\/\/www.evento.love\/blog\/wp-content\/uploads\/2020\/02\/como-escoger-decoracion-evento-1-398x270.jpg 398w\" sizes=\"(max-width: 850px) 100vw, 850px\" \/><\/p>\n<h2>1. Insp\u00edrate<\/h2>\n<p>El primer paso de casi todos los procesos: la inspiraci\u00f3n. Para encontrar el estilo de decoraci\u00f3n perfecto para tu evento, lo primero de todo es buscar inspiraci\u00f3n por todas partes. Te recomendamos bucear por <a href=\"https:\/\/www.evento.love\/blog\/?utm_source=web&amp;utm_medium=post&amp;utm_campaign=decoracion-perfecta\" target=\"_blank\" rel=\"noopener noreferrer\">blogs como el de Evento.love<\/a>, leer revistas, escudri\u00f1ar Pinterest y no quitar ojo a todo lo que ves a tu alrededor. \u00a1Incluso los escaparates de las tiendas!<\/p>\n<h2>2. Gama crom\u00e1tica<\/h2>\n<p>La gama crom\u00e1tica es uno de los aspectos m\u00e1s importantes de la decoraci\u00f3n. Se trata de escoger los colores que m\u00e1s vayan contigo y con el evento que quieres realizar. Cierra los ojos e imagina: \u00bfqu\u00e9 tipo de fiesta aparece por tu mente? Seguro que, despu\u00e9s de una buena dosis de inspiraci\u00f3n, los colores perfectos llegan casi sin &#8220;pensarlo&#8221;.<\/p>\n<p><img decoding=\"async\" loading=\"lazy\" class=\"aligncenter size-full wp-image-6008\" src=\"https:\/\/www.evento.love\/blog\/wp-content\/uploads\/2020\/02\/como-escoger-decoracion-evento.jpg\" alt=\"decoraci\u00f3n\" width=\"850\" height=\"576\" srcset=\"https:\/\/www.evento.love\/blog\/wp-content\/uploads\/2020\/02\/como-escoger-decoracion-evento.jpg 850w, https:\/\/www.evento.love\/blog\/wp-content\/uploads\/2020\/02\/como-escoger-decoracion-evento-300x203.jpg 300w, https:\/\/www.evento.love\/blog\/wp-content\/uploads\/2020\/02\/como-escoger-decoracion-evento-768x520.jpg 768w, https:\/\/www.evento.love\/blog\/wp-content\/uploads\/2020\/02\/como-escoger-decoracion-evento-398x270.jpg 398w\" sizes=\"(max-width: 850px) 100vw, 850px\" \/><\/p>\n<h2>3. Elementos decorativos &#8211; tem\u00e1tica<\/h2>\n<p>Este es uno de los pasos m\u00e1s divertidos. Funciona como un brainstorming, y se trata de apuntar todos aquellos elementos que m\u00e1s te gusten, aunque no sigan un orden determinado. Pueden ser desde figuras (mariposas, caballos, bailarinas), objetos (candelabros, alfombras, cojines, luces, globos) y, por supuesto, flores.<\/p>\n<p><img decoding=\"async\" loading=\"lazy\" class=\"aligncenter size-full wp-image-6010\" src=\"https:\/\/www.evento.love\/blog\/wp-content\/uploads\/2020\/02\/como-escoger-decoracion-evento-2.jpg\" alt=\"decoraci\u00f3n\" width=\"850\" height=\"567\" srcset=\"https:\/\/www.evento.love\/blog\/wp-content\/uploads\/2020\/02\/como-escoger-decoracion-evento-2.jpg 850w, https:\/\/www.evento.love\/blog\/wp-content\/uploads\/2020\/02\/como-escoger-decoracion-evento-2-300x200.jpg 300w, https:\/\/www.evento.love\/blog\/wp-content\/uploads\/2020\/02\/como-escoger-decoracion-evento-2-768x512.jpg 768w, https:\/\/www.evento.love\/blog\/wp-content\/uploads\/2020\/02\/como-escoger-decoracion-evento-2-405x270.jpg 405w\" sizes=\"(max-width: 850px) 100vw, 850px\" \/><\/p>\n<h2>4. Estilo<\/h2>\n<p>Una vez escojamos los elementos que m\u00e1s te atraen para la fiesta, la tem\u00e1tica casi saldr\u00e1 sola. A partir de ah\u00ed, quedar\u00e1 por definir el estilo desde elegante y chic o m\u00e1s informal hasta diferentes opciones de decoraci\u00f3n con la r\u00fastica, vintage, glam&#8230;todo vale y nada est\u00e1 escrito. Y no lo olvides, el equipo de Evento.love estar\u00e1 contigo a cada paso.<\/p>\n<p>Si quieres que te ayudemos a organizar, dise\u00f1ar y decorar tu evento, escr\u00edbenos a <a href=\"mailto:hola@evento.love\" target=\"_blank\" rel=\"noopener noreferrer\">hola@evento.love<\/a> \ud83d\ude42<\/p>\n    <div class=\"related-post grid\">\r\n                <div class=\"headline\">M\u00e1s art\u00edculos a tener en cuenta<\/div>\r\n        <div class=\"post-list \">\r\n\r\n                        <div class=\"item\">\r\n                        <div class=\"thumb post_thumb\">\r\n        <a  title=\"Baby Shower, mucho m\u00e1s que un evento social\" href=\"https:\/\/www.evento.love\/blog\/baby-shower-evento-social-madrid\/\">\r\n\r\n            <img width=\"150\" height=\"150\" src=\"https:\/\/www.evento.love\/blog\/wp-content\/uploads\/2016\/07\/babyshower-150x150.jpg\" class=\"attachment-thumbnail size-thumbnail wp-post-image\" alt=\"baby shower-fiesta-beb\u00e9-embarazo-embarazada\" decoding=\"async\" loading=\"lazy\" \/>\r\n\r\n        <\/a>\r\n    <\/div>\r\n\r\n    <a class=\"title post_title\"  title=\"Baby Shower, mucho m\u00e1s que un evento social\" href=\"https:\/\/www.evento.love\/blog\/baby-shower-evento-social-madrid\/\">\r\n                Baby Shower, mucho m\u00e1s que un evento social    <\/a>\r\n\r\n                <\/div>\r\n                            <div class=\"item\">\r\n                        <div class=\"thumb post_thumb\">\r\n        <a  title=\"12 consejos para un Baby Shower perfecto\" href=\"https:\/\/www.evento.love\/blog\/12-consejos-baby-shower-perfecto-madrid\/\">\r\n\r\n            <img width=\"150\" height=\"150\" src=\"https:\/\/www.evento.love\/blog\/wp-content\/uploads\/2016\/09\/16_05_20_12_consejos-para-que-tu-Baby-Shower-sea-perfecto-150x150.jpg\" class=\"attachment-thumbnail size-thumbnail wp-post-image\" alt=\"Baby Shower-perfecto-beb\u00e9-embarazado-embarazada-fiesta-babyshower\" decoding=\"async\" loading=\"lazy\" \/>\r\n\r\n        <\/a>\r\n    <\/div>\r\n\r\n    <a class=\"title post_title\"  title=\"12 consejos para un Baby Shower perfecto\" href=\"https:\/\/www.evento.love\/blog\/12-consejos-baby-shower-perfecto-madrid\/\">\r\n                12 consejos para un Baby Shower perfecto    <\/a>\r\n\r\n                <\/div>\r\n                            <div class=\"item\">\r\n                        <div class=\"thumb post_thumb\">\r\n        <a  title=\"Cu\u00e1ndo hacer el Baby Shower\" href=\"https:\/\/www.evento.love\/blog\/cuando-hacer-el-baby-shower-madrid\/\">\r\n\r\n            <img width=\"150\" height=\"150\" src=\"https:\/\/www.evento.love\/blog\/wp-content\/uploads\/2016\/09\/16_05_23_Cuando-hacer-el-Baby-Shower-150x150.jpg\" class=\"attachment-thumbnail size-thumbnail wp-post-image\" alt=\"Cu\u00e1ndo hacer el baby shower beb\u00e9 embarazo fiesta en Madrid\" decoding=\"async\" loading=\"lazy\" \/>\r\n\r\n        <\/a>\r\n    <\/div>\r\n\r\n    <a class=\"title post_title\"  title=\"Cu\u00e1ndo hacer el Baby Shower\" href=\"https:\/\/www.evento.love\/blog\/cuando-hacer-el-baby-shower-madrid\/\">\r\n                Cu\u00e1ndo hacer el Baby Shower    <\/a>\r\n\r\n                <\/div>\r\n                            <div class=\"item\">\r\n                        <div class=\"thumb post_thumb\">\r\n        <a  title=\"\u00bfQui\u00e9n debe organizar el Baby Shower?\" href=\"https:\/\/www.evento.love\/blog\/quien-organizar-baby-shower-madrid\/\">\r\n\r\n            <img width=\"150\" height=\"150\" src=\"https:\/\/www.evento.love\/blog\/wp-content\/uploads\/2016\/09\/16_05_29_Qui\u00e9n-organiza-el-Baby-Shower-150x150.jpg\" class=\"attachment-thumbnail size-thumbnail wp-post-image\" alt=\"Organizaci\u00f3n Baby Shower Madrid fiesta beb\u00e9 embarazada\" decoding=\"async\" loading=\"lazy\" \/>\r\n\r\n        <\/a>\r\n    <\/div>\r\n\r\n    <a class=\"title post_title\"  title=\"\u00bfQui\u00e9n debe organizar el Baby Shower?\" href=\"https:\/\/www.evento.love\/blog\/quien-organizar-baby-shower-madrid\/\">\r\n                \u00bfQui\u00e9n debe organizar el Baby Shower?    <\/a>\r\n\r\n                <\/div>\r\n            \r\n    <\/div>\r\n\r\n    <script>\r\n            <\/script>\r\n    <style>\r\n        .related-post {}\r\n\r\n        .related-post .post-list {\r\n            text-align: left;\r\n                    }\r\n\r\n        .related-post .post-list .item {\r\n            margin: 5px 10px;\r\n            padding: 0px;\r\n                    }\r\n\r\n        .related-post .headline {\r\n            font-size: 24px !important;\r\n            color: #000000 !important;\r\n                    }\r\n\r\n        .related-post .headline{\r\nfont-weight:400 !important;\r\ntext-transform: uppercase;\r\n}.related-post .post-list .item .post_thumb {\r\n            max-height: 180px;\r\n            margin: 10px 0px;\r\n            padding: 0px;\r\n            display: block;\r\n                    }\r\n\r\n        .related-post .post-list .item .post_title {\r\n            font-size: 12px;\r\n            color: #607d8b;\r\n            margin: 10px 0px;\r\n            padding: 0px;\r\n            display: block;\r\n            text-decoration: none;\r\n                    }\r\n\r\n        .related-post .post-list .item .post_excerpt {\r\n            font-size: 13px;\r\n            color: #3f3f3f;\r\n            margin: 10px 0px;\r\n            padding: 0px;\r\n            display: block;\r\n            text-decoration: none;\r\n                    }\r\n\r\n        @media only screen and (min-width: 1024px) {\r\n            .related-post .post-list .item {\r\n                width: 22%;\r\n            }\r\n        }\r\n\r\n        @media only screen and (min-width: 768px) and (max-width: 1023px) {\r\n            .related-post .post-list .item {\r\n                width: 90%;\r\n            }\r\n        }\r\n\r\n        @media only screen and (min-width: 0px) and (max-width: 767px) {\r\n            .related-post .post-list .item {\r\n                width: 30%;\r\n            }\r\n        }\r\n\r\n            <\/style>\r\n        <\/div>\r\n<!-- AddThis Advanced Settings generic via filter on the_content --><!-- AddThis Share Buttons generic via filter on the_content -->","protected":false},"excerpt":{"rendered":"<p>Sab\u00e9is que la decoraci\u00f3n es nuestra pasi\u00f3n, y gracias a las redes sociales hemos conocido que tambi\u00e9n la de much@s de vosotr@s que nos segu\u00eds en redes sociales y nos escrib\u00eds para pedirnos consejo y que os ayudemos a dise\u00f1ar la decoraci\u00f3n de vuestro evento. M\u00e1s art\u00edculos a tener en cuenta Baby Shower, mucho m\u00e1s que un evento social 12 consejos para un Baby Shower perfecto Cu\u00e1ndo hacer el Baby Shower \u00bfQui\u00e9n debe organizar el Baby Shower?<!-- AddThis Advanced Settings generic via filter on get_the_excerpt --><!-- AddThis Share Buttons generic via filter on get_the_excerpt --><\/p>\n    <div class=\"related-post grid\">\r\n                <div class=\"headline\">M\u00e1s art\u00edculos a tener en cuenta<\/div>\r\n        <div class=\"post-list \">\r\n\r\n                        <div class=\"item\">\r\n                        <div class=\"thumb post_thumb\">\r\n        <a  title=\"Baby Shower, mucho m\u00e1s que un evento social\" href=\"https:\/\/www.evento.love\/blog\/baby-shower-evento-social-madrid\/\">\r\n\r\n            <img width=\"150\" height=\"150\" src=\"https:\/\/www.evento.love\/blog\/wp-content\/uploads\/2016\/07\/babyshower-150x150.jpg\" class=\"attachment-thumbnail size-thumbnail wp-post-image\" alt=\"baby shower-fiesta-beb\u00e9-embarazo-embarazada\" decoding=\"async\" loading=\"lazy\" \/>\r\n\r\n        <\/a>\r\n    <\/div>\r\n\r\n    <a class=\"title post_title\"  title=\"Baby Shower, mucho m\u00e1s que un evento social\" href=\"https:\/\/www.evento.love\/blog\/baby-shower-evento-social-madrid\/\">\r\n                Baby Shower, mucho m\u00e1s que un evento social    <\/a>\r\n\r\n                <\/div>\r\n                            <div class=\"item\">\r\n                        <div class=\"thumb post_thumb\">\r\n        <a  title=\"12 consejos para un Baby Shower perfecto\" href=\"https:\/\/www.evento.love\/blog\/12-consejos-baby-shower-perfecto-madrid\/\">\r\n\r\n            <img width=\"150\" height=\"150\" src=\"https:\/\/www.evento.love\/blog\/wp-content\/uploads\/2016\/09\/16_05_20_12_consejos-para-que-tu-Baby-Shower-sea-perfecto-150x150.jpg\" class=\"attachment-thumbnail size-thumbnail wp-post-image\" alt=\"Baby Shower-perfecto-beb\u00e9-embarazado-embarazada-fiesta-babyshower\" decoding=\"async\" loading=\"lazy\" \/>\r\n\r\n        <\/a>\r\n    <\/div>\r\n\r\n    <a class=\"title post_title\"  title=\"12 consejos para un Baby Shower perfecto\" href=\"https:\/\/www.evento.love\/blog\/12-consejos-baby-shower-perfecto-madrid\/\">\r\n                12 consejos para un Baby Shower perfecto    <\/a>\r\n\r\n                <\/div>\r\n                            <div class=\"item\">\r\n                        <div class=\"thumb post_thumb\">\r\n        <a  title=\"Cu\u00e1ndo hacer el Baby Shower\" href=\"https:\/\/www.evento.love\/blog\/cuando-hacer-el-baby-shower-madrid\/\">\r\n\r\n            <img width=\"150\" height=\"150\" src=\"https:\/\/www.evento.love\/blog\/wp-content\/uploads\/2016\/09\/16_05_23_Cuando-hacer-el-Baby-Shower-150x150.jpg\" class=\"attachment-thumbnail size-thumbnail wp-post-image\" alt=\"Cu\u00e1ndo hacer el baby shower beb\u00e9 embarazo fiesta en Madrid\" decoding=\"async\" loading=\"lazy\" \/>\r\n\r\n        <\/a>\r\n    <\/div>\r\n\r\n    <a class=\"title post_title\"  title=\"Cu\u00e1ndo hacer el Baby Shower\" href=\"https:\/\/www.evento.love\/blog\/cuando-hacer-el-baby-shower-madrid\/\">\r\n                Cu\u00e1ndo hacer el Baby Shower    <\/a>\r\n\r\n                <\/div>\r\n                            <div class=\"item\">\r\n                        <div class=\"thumb post_thumb\">\r\n        <a  title=\"Baby Shower: Elaborando la lista de invitados\" href=\"https:\/\/www.evento.love\/blog\/baby-shower-lista-invitados-madrid\/\">\r\n\r\n            <img width=\"150\" height=\"150\" src=\"https:\/\/www.evento.love\/blog\/wp-content\/uploads\/2016\/09\/16_05_30_Baby-Shower-elaborando-la-lista-de-invitados-150x150.jpg\" class=\"attachment-thumbnail size-thumbnail wp-post-image\" alt=\"\" decoding=\"async\" loading=\"lazy\" \/>\r\n\r\n        <\/a>\r\n    <\/div>\r\n\r\n    <a class=\"title post_title\"  title=\"Baby Shower: Elaborando la lista de invitados\" href=\"https:\/\/www.evento.love\/blog\/baby-shower-lista-invitados-madrid\/\">\r\n                Baby Shower: Elaborando la lista de invitados    <\/a>\r\n\r\n                <\/div>\r\n            \r\n    <\/div>\r\n\r\n    <script>\r\n            <\/script>\r\n    <style>\r\n        .related-post {}\r\n\r\n        .related-post .post-list {\r\n            text-align: left;\r\n                    }\r\n\r\n        .related-post .post-list .item {\r\n            margin: 5px 10px;\r\n            padding: 0px;\r\n                    }\r\n\r\n        .related-post .headline {\r\n            font-size: 24px !important;\r\n            color: #000000 !important;\r\n                    }\r\n\r\n        .related-post .headline{\r\nfont-weight:400 !important;\r\ntext-transform: uppercase;\r\n}.related-post .post-list .item .post_thumb {\r\n            max-height: 180px;\r\n            margin: 10px 0px;\r\n            padding: 0px;\r\n            display: block;\r\n                    }\r\n\r\n        .related-post .post-list .item .post_title {\r\n            font-size: 12px;\r\n            color: #607d8b;\r\n            margin: 10px 0px;\r\n            padding: 0px;\r\n            display: block;\r\n            text-decoration: none;\r\n                    }\r\n\r\n        .related-post .post-list .item .post_excerpt {\r\n            font-size: 13px;\r\n            color: #3f3f3f;\r\n            margin: 10px 0px;\r\n            padding: 0px;\r\n            display: block;\r\n            text-decoration: none;\r\n                    }\r\n\r\n        @media only screen and (min-width: 1024px) {\r\n            .related-post .post-list .item {\r\n                width: 22%;\r\n            }\r\n        }\r\n\r\n        @media only screen and (min-width: 768px) and (max-width: 1023px) {\r\n            .related-post .post-list .item {\r\n                width: 90%;\r\n            }\r\n        }\r\n\r\n        @media only screen and (min-width: 0px) and (max-width: 767px) {\r\n            .related-post .post-list .item {\r\n                width: 30%;\r\n            }\r\n        }\r\n\r\n            <\/style>\r\n        <\/div>\r\n","protected":false},"author":1,"featured_media":6010,"comment_status":"open","ping_status":"open","sticky":false,"template":"","format":"standard","meta":{"content-type":""},"categories":[811],"tags":[316,1599,1061,1592,818],"yoast_head":"<!-- This site is optimized with the Yoast SEO plugin v20.7 - https:\/\/yoast.com\/wordpress\/plugins\/seo\/ -->\n<title>4 pasos para escoger la decoraci\u00f3n perfecta para tu evento - El Blog de evento.love<\/title>\n<meta name=\"description\" content=\"Descubre c\u00f3mo decidir cu\u00e1l va a ser la decoraci\u00f3n de tu evento en Madrid. Desde Evento.love te ayudaremos en todo momento.\" \/>\n<meta name=\"robots\" content=\"index, follow, max-snippet:-1, max-image-preview:large, max-video-preview:-1\" \/>\n<meta property=\"og:locale\" content=\"es_ES\" \/>\n<meta property=\"og:type\" content=\"article\" \/>\n<meta property=\"og:title\" content=\"4 pasos para escoger la decoraci\u00f3n perfecta para tu evento - El Blog de evento.love\" \/>\n<meta property=\"og:description\" content=\"Descubre c\u00f3mo decidir cu\u00e1l va a ser la decoraci\u00f3n de tu evento en Madrid. Desde Evento.love te ayudaremos en todo momento.\" \/>\n<meta property=\"og:url\" content=\"https:\/\/www.evento.love\/blog\/4-pasos-para-escoger-la-decoracion-perfecta-para-tu-evento\/\" \/>\n<meta property=\"og:site_name\" content=\"El Blog de evento.love\" \/>\n<meta property=\"article:publisher\" content=\"https:\/\/www.facebook.com\/Evento.love\/\" \/>\n<meta property=\"article:published_time\" content=\"2020-02-20T07:00:43+00:00\" \/>\n<meta property=\"article:modified_time\" content=\"2020-02-20T06:19:55+00:00\" \/>\n<meta property=\"og:image\" content=\"https:\/\/www.evento.love\/blog\/wp-content\/uploads\/2020\/02\/como-escoger-decoracion-evento-2.jpg\" \/>\n\t<meta property=\"og:image:width\" content=\"850\" \/>\n\t<meta property=\"og:image:height\" content=\"567\" \/>\n\t<meta property=\"og:image:type\" content=\"image\/jpeg\" \/>\n<meta name=\"author\" content=\"Evento Love\" \/>\n<meta name=\"twitter:card\" content=\"summary_large_image\" \/>\n<meta name=\"twitter:creator\" content=\"@Evento_love\" \/>\n<meta name=\"twitter:site\" content=\"@Evento_love\" \/>\n<meta name=\"twitter:label1\" content=\"Escrito por\" \/>\n\t<meta name=\"twitter:data1\" content=\"Evento Love\" \/>\n\t<meta name=\"twitter:label2\" content=\"Tiempo de lectura\" \/>\n\t<meta name=\"twitter:data2\" content=\"2 minutos\" \/>\n<!-- \/ Yoast SEO plugin. -->","yoast_head_json":{"title":"4 pasos para escoger la decoraci\u00f3n perfecta para tu evento - El Blog de evento.love","description":"Descubre c\u00f3mo decidir cu\u00e1l va a ser la decoraci\u00f3n de tu evento en Madrid. Desde Evento.love te ayudaremos en todo momento.","robots":{"index":"index","follow":"follow","max-snippet":"max-snippet:-1","max-image-preview":"max-image-preview:large","max-video-preview":"max-video-preview:-1"},"og_locale":"es_ES","og_type":"article","og_title":"4 pasos para escoger la decoraci\u00f3n perfecta para tu evento - El Blog de evento.love","og_description":"Descubre c\u00f3mo decidir cu\u00e1l va a ser la decoraci\u00f3n de tu evento en Madrid. Desde Evento.love te ayudaremos en todo momento.","og_url":"https:\/\/www.evento.love\/blog\/4-pasos-para-escoger-la-decoracion-perfecta-para-tu-evento\/","og_site_name":"El Blog de evento.love","article_publisher":"https:\/\/www.facebook.com\/Evento.love\/","article_published_time":"2020-02-20T07:00:43+00:00","article_modified_time":"2020-02-20T06:19:55+00:00","og_image":[{"width":850,"height":567,"url":"https:\/\/www.evento.love\/blog\/wp-content\/uploads\/2020\/02\/como-escoger-decoracion-evento-2.jpg","type":"image\/jpeg"}],"author":"Evento Love","twitter_card":"summary_large_image","twitter_creator":"@Evento_love","twitter_site":"@Evento_love","twitter_misc":{"Escrito por":"Evento Love","Tiempo de lectura":"2 minutos"},"schema":{"@context":"https:\/\/schema.org","@graph":[{"@type":"Article","@id":"https:\/\/www.evento.love\/blog\/4-pasos-para-escoger-la-decoracion-perfecta-para-tu-evento\/#article","isPartOf":{"@id":"https:\/\/www.evento.love\/blog\/4-pasos-para-escoger-la-decoracion-perfecta-para-tu-evento\/"},"author":{"name":"Evento Love","@id":"https:\/\/www.evento.love\/blog\/#\/schema\/person\/a184c2ed424b7fb3006372ce8051542c"},"headline":"4 pasos para escoger la decoraci\u00f3n perfecta para tu evento","datePublished":"2020-02-20T07:00:43+00:00","dateModified":"2020-02-20T06:19:55+00:00","mainEntityOfPage":{"@id":"https:\/\/www.evento.love\/blog\/4-pasos-para-escoger-la-decoracion-perfecta-para-tu-evento\/"},"wordCount":494,"commentCount":0,"publisher":{"@id":"https:\/\/www.evento.love\/blog\/#organization"},"keywords":["decoracion","decoraci\u00f3n a\u00f1os 20","decoraci\u00f3n de eventos","dise\u00f1o de eventos","organizaci\u00f3n de eventos"],"articleSection":["Decoraci\u00f3n"],"inLanguage":"es","potentialAction":[{"@type":"CommentAction","name":"Comment","target":["https:\/\/www.evento.love\/blog\/4-pasos-para-escoger-la-decoracion-perfecta-para-tu-evento\/#respond"]}]},{"@type":"WebPage","@id":"https:\/\/www.evento.love\/blog\/4-pasos-para-escoger-la-decoracion-perfecta-para-tu-evento\/","url":"https:\/\/www.evento.love\/blog\/4-pasos-para-escoger-la-decoracion-perfecta-para-tu-evento\/","name":"4 pasos para escoger la decoraci\u00f3n perfecta para tu evento - El Blog de evento.love","isPartOf":{"@id":"https:\/\/www.evento.love\/blog\/#website"},"datePublished":"2020-02-20T07:00:43+00:00","dateModified":"2020-02-20T06:19:55+00:00","description":"Descubre c\u00f3mo decidir cu\u00e1l va a ser la decoraci\u00f3n de tu evento en Madrid. Desde Evento.love te ayudaremos en todo momento.","breadcrumb":{"@id":"https:\/\/www.evento.love\/blog\/4-pasos-para-escoger-la-decoracion-perfecta-para-tu-evento\/#breadcrumb"},"inLanguage":"es","potentialAction":[{"@type":"ReadAction","target":["https:\/\/www.evento.love\/blog\/4-pasos-para-escoger-la-decoracion-perfecta-para-tu-evento\/"]}]},{"@type":"BreadcrumbList","@id":"https:\/\/www.evento.love\/blog\/4-pasos-para-escoger-la-decoracion-perfecta-para-tu-evento\/#breadcrumb","itemListElement":[{"@type":"ListItem","position":1,"name":"Evento.love","item":"https:\/\/www.evento.love\/blog\/"},{"@type":"ListItem","position":2,"name":"Decoraci\u00f3n","item":"https:\/\/www.evento.love\/blog\/category\/decoracion\/"},{"@type":"ListItem","position":3,"name":"4 pasos para escoger la decoraci\u00f3n perfecta para tu evento"}]},{"@type":"WebSite","@id":"https:\/\/www.evento.love\/blog\/#website","url":"https:\/\/www.evento.love\/blog\/","name":"El Blog de evento.love","description":"T\u00fa lo mereces. Disfruta de tu momento","publisher":{"@id":"https:\/\/www.evento.love\/blog\/#organization"},"potentialAction":[{"@type":"SearchAction","target":{"@type":"EntryPoint","urlTemplate":"https:\/\/www.evento.love\/blog\/?s={search_term_string}"},"query-input":"required name=search_term_string"}],"inLanguage":"es"},{"@type":"Organization","@id":"https:\/\/www.evento.love\/blog\/#organization","name":"evento.love","url":"https:\/\/www.evento.love\/blog\/","logo":{"@type":"ImageObject","inLanguage":"es","@id":"https:\/\/www.evento.love\/blog\/#\/schema\/logo\/image\/","url":"https:\/\/www.evento.love\/blog\/wp-content\/uploads\/2016\/07\/logo-evento-love.png","contentUrl":"https:\/\/www.evento.love\/blog\/wp-content\/uploads\/2016\/07\/logo-evento-love.png","width":197,"height":59,"caption":"evento.love"},"image":{"@id":"https:\/\/www.evento.love\/blog\/#\/schema\/logo\/image\/"},"sameAs":["https:\/\/www.facebook.com\/Evento.love\/","https:\/\/twitter.com\/Evento_love","https:\/\/www.instagram.com\/evento.love\/","https:\/\/es.pinterest.com\/evento_love\/","https:\/\/www.youtube.com\/channel\/UCcVbo6ymzx-7FlDJja8aQnw"]},{"@type":"Person","@id":"https:\/\/www.evento.love\/blog\/#\/schema\/person\/a184c2ed424b7fb3006372ce8051542c","name":"Evento Love"}]}},"_links":{"self":[{"href":"https:\/\/www.evento.love\/blog\/wp-json\/wp\/v2\/posts\/6005"}],"collection":[{"href":"https:\/\/www.evento.love\/blog\/wp-json\/wp\/v2\/posts"}],"about":[{"href":"https:\/\/www.evento.love\/blog\/wp-json\/wp\/v2\/types\/post"}],"author":[{"embeddable":true,"href":"https:\/\/www.evento.love\/blog\/wp-json\/wp\/v2\/users\/1"}],"replies":[{"embeddable":true,"href":"https:\/\/www.evento.love\/blog\/wp-json\/wp\/v2\/comments?post=6005"}],"version-history":[{"count":3,"href":"https:\/\/www.evento.love\/blog\/wp-json\/wp\/v2\/posts\/6005\/revisions"}],"predecessor-version":[{"id":6011,"href":"https:\/\/www.evento.love\/blog\/wp-json\/wp\/v2\/posts\/6005\/revisions\/6011"}],"wp:featuredmedia":[{"embeddable":true,"href":"https:\/\/www.evento.love\/blog\/wp-json\/wp\/v2\/media\/6010"}],"wp:attachment":[{"href":"https:\/\/www.evento.love\/blog\/wp-json\/wp\/v2\/media?parent=6005"}],"wp:term":[{"taxonomy":"category","embeddable":true,"href":"https:\/\/www.evento.love\/blog\/wp-json\/wp\/v2\/categories?post=6005"},{"taxonomy":"post_tag","embeddable":true,"href":"https:\/\/www.evento.love\/blog\/wp-json\/wp\/v2\/tags?post=6005"}],"curies":[{"name":"wp","href":"https:\/\/api.w.org\/{rel}","templated":true}]}}