{"id":6036,"date":"2020-03-05T09:00:13","date_gmt":"2020-03-05T07:00:13","guid":{"rendered":"https:\/\/www.evento.love\/blog\/?p=6036"},"modified":"2020-03-04T22:12:28","modified_gmt":"2020-03-04T20:12:28","slug":"una-espectacular-decoracion-con-globos-para-la-inauguracion-de-flavia-chamberi","status":"publish","type":"post","link":"https:\/\/www.evento.love\/blog\/una-espectacular-decoracion-con-globos-para-la-inauguracion-de-flavia-chamberi\/","title":{"rendered":"Una espectacular decoraci\u00f3n con globos para la inauguraci\u00f3n de Flavia Chamber\u00ed"},"content":{"rendered":"<p>Estamos muy emocionados de contaros todos los detalles de un evento maravilloso en el que dise\u00f1amos la decoraci\u00f3n. Se trata de la inauguraci\u00f3n del nuevo restaurante Flavia, <a href=\"https:\/\/www.evento.love\/blog\/eventos-de-empresa-by-evento-love\/?utm_source=web&amp;utm_medium=post&amp;utm_campaign=flavia-chamberi\" target=\"_blank\" rel=\"noopener noreferrer\">cadena con la que ya llevamos meses colaborando<\/a>.<!--more--><\/p>\n<p>Todo comenz\u00f3 en marzo del a\u00f1o pasado, cuando Laura nos contacto con un: &#8220;Hola! Llevo el marketing de grupo Flavia&#8230;&#8221;. Desde ese momento, supimos que ser\u00eda el comienzo de una hermosa relaci\u00f3n. \u00bfLa raz\u00f3n? Laura es pura sonrisa, pura simpat\u00eda y dulzura, y adem\u00e1s una enorme profesionalidad.<\/p>\n<p>Todos estos puntos, primordiales tambi\u00e9n para el equipo de Evento.love, hacen que ocuparnos de la decoraci\u00f3n de los eventos de esta estupenda cadena de restaurantes sea un reto que nos hace superarnos celebraci\u00f3n tras celebraci\u00f3n para satisfacer las demandas de sus exclusivos clientes.<\/p>\n<p>Desde entonces han sido muchos eventos, todos dise\u00f1ados de la mano de Laura, amante del dise\u00f1o y las decoraciones, los que hemos compartido con el grupo. Esta vez, tocaba la inauguraci\u00f3n de su maravilloso restaurante\u00a0Flavia Chamber\u00ed.<\/p>\n<p>La premisa era una decoraci\u00f3n con globos en dorado, negro y blanco. Para comenzar con la decoraci\u00f3n y antes de nada, fuimos personalmente a ver el nuevo espacio para pensar en las diferentes ideas y conversar con Laura las opciones que ten\u00edamos a nuestra disposici\u00f3n.<\/p>\n<p>\u00bfEl resultado? Como siempre, un evento m\u00e1gico con una espectacular decoraci\u00f3n con globos en el que, adem\u00e1s, pudimos disfrutar con amigas muy especiales como Mar\u00eda Jes\u00fas Garnica y Silvia (@ohmylooks).<\/p>\n<p>Gracias Laura y equipo de Flavia por contar con Evento.love para estas celebraciones tan especiales.<\/p>\n<p><img decoding=\"async\" loading=\"lazy\" class=\"aligncenter size-full wp-image-6037\" src=\"https:\/\/www.evento.love\/blog\/wp-content\/uploads\/2020\/03\/decoracion-con-globos.jpg\" alt=\"decoraci\u00f3n con globos\" width=\"850\" height=\"638\" srcset=\"https:\/\/www.evento.love\/blog\/wp-content\/uploads\/2020\/03\/decoracion-con-globos.jpg 850w, https:\/\/www.evento.love\/blog\/wp-content\/uploads\/2020\/03\/decoracion-con-globos-300x225.jpg 300w, https:\/\/www.evento.love\/blog\/wp-content\/uploads\/2020\/03\/decoracion-con-globos-768x576.jpg 768w, https:\/\/www.evento.love\/blog\/wp-content\/uploads\/2020\/03\/decoracion-con-globos-360x270.jpg 360w\" sizes=\"(max-width: 850px) 100vw, 850px\" \/><\/p>\n<p><img decoding=\"async\" loading=\"lazy\" class=\"aligncenter size-full wp-image-6038\" src=\"https:\/\/www.evento.love\/blog\/wp-content\/uploads\/2020\/03\/decoracion-con-globos-1.jpg\" alt=\"inauguraci\u00f3n restaurante Flavia\" width=\"600\" height=\"800\" srcset=\"https:\/\/www.evento.love\/blog\/wp-content\/uploads\/2020\/03\/decoracion-con-globos-1.jpg 600w, https:\/\/www.evento.love\/blog\/wp-content\/uploads\/2020\/03\/decoracion-con-globos-1-225x300.jpg 225w, https:\/\/www.evento.love\/blog\/wp-content\/uploads\/2020\/03\/decoracion-con-globos-1-203x270.jpg 203w\" sizes=\"(max-width: 600px) 100vw, 600px\" \/><\/p>\n<p><img decoding=\"async\" loading=\"lazy\" class=\"aligncenter size-full wp-image-6039\" src=\"https:\/\/www.evento.love\/blog\/wp-content\/uploads\/2020\/03\/decoracion-con-globos-2.jpg\" alt=\"decoraci\u00f3n con globos\" width=\"850\" height=\"638\" srcset=\"https:\/\/www.evento.love\/blog\/wp-content\/uploads\/2020\/03\/decoracion-con-globos-2.jpg 850w, https:\/\/www.evento.love\/blog\/wp-content\/uploads\/2020\/03\/decoracion-con-globos-2-300x225.jpg 300w, https:\/\/www.evento.love\/blog\/wp-content\/uploads\/2020\/03\/decoracion-con-globos-2-768x576.jpg 768w, https:\/\/www.evento.love\/blog\/wp-content\/uploads\/2020\/03\/decoracion-con-globos-2-360x270.jpg 360w\" sizes=\"(max-width: 850px) 100vw, 850px\" \/><\/p>\n<p><img decoding=\"async\" loading=\"lazy\" class=\"aligncenter size-full wp-image-6040\" src=\"https:\/\/www.evento.love\/blog\/wp-content\/uploads\/2020\/03\/decoracion-con-globos-3.jpg\" alt=\"inauguraci\u00f3n restaurante Flavia\" width=\"600\" height=\"800\" srcset=\"https:\/\/www.evento.love\/blog\/wp-content\/uploads\/2020\/03\/decoracion-con-globos-3.jpg 600w, https:\/\/www.evento.love\/blog\/wp-content\/uploads\/2020\/03\/decoracion-con-globos-3-225x300.jpg 225w, https:\/\/www.evento.love\/blog\/wp-content\/uploads\/2020\/03\/decoracion-con-globos-3-203x270.jpg 203w\" sizes=\"(max-width: 600px) 100vw, 600px\" \/><\/p>\n<p>\u00bfQuieres que te ayudemos a organizar un evento espectacular? Escr\u00edbenos a <a href=\"mailto:hola@evento.love\" target=\"_blank\" rel=\"noopener noreferrer\">hola@evento.love<\/a>. Puedes ver todo nuestro trabajo en <a href=\"https:\/\/www.instagram.com\/evento.love\/?hl=es\" target=\"_blank\" rel=\"noopener noreferrer\">Instagram<\/a> \ud83d\ude09<\/p>\n    <div class=\"related-post grid\">\r\n                <div class=\"headline\">M\u00e1s art\u00edculos a tener en cuenta<\/div>\r\n        <div class=\"post-list \">\r\n\r\n                        <div class=\"item\">\r\n                        <div class=\"thumb post_thumb\">\r\n        <a  title=\"Baby Shower, mucho m\u00e1s que un evento social\" href=\"https:\/\/www.evento.love\/blog\/baby-shower-evento-social-madrid\/\">\r\n\r\n            <img width=\"150\" height=\"150\" src=\"https:\/\/www.evento.love\/blog\/wp-content\/uploads\/2016\/07\/babyshower-150x150.jpg\" class=\"attachment-thumbnail size-thumbnail wp-post-image\" alt=\"baby shower-fiesta-beb\u00e9-embarazo-embarazada\" decoding=\"async\" loading=\"lazy\" \/>\r\n\r\n        <\/a>\r\n    <\/div>\r\n\r\n    <a class=\"title post_title\"  title=\"Baby Shower, mucho m\u00e1s que un evento social\" href=\"https:\/\/www.evento.love\/blog\/baby-shower-evento-social-madrid\/\">\r\n                Baby Shower, mucho m\u00e1s que un evento social    <\/a>\r\n\r\n                <\/div>\r\n                            <div class=\"item\">\r\n                        <div class=\"thumb post_thumb\">\r\n        <a  title=\"12 consejos para un Baby Shower perfecto\" href=\"https:\/\/www.evento.love\/blog\/12-consejos-baby-shower-perfecto-madrid\/\">\r\n\r\n            <img width=\"150\" height=\"150\" src=\"https:\/\/www.evento.love\/blog\/wp-content\/uploads\/2016\/09\/16_05_20_12_consejos-para-que-tu-Baby-Shower-sea-perfecto-150x150.jpg\" class=\"attachment-thumbnail size-thumbnail wp-post-image\" alt=\"Baby Shower-perfecto-beb\u00e9-embarazado-embarazada-fiesta-babyshower\" decoding=\"async\" loading=\"lazy\" \/>\r\n\r\n        <\/a>\r\n    <\/div>\r\n\r\n    <a class=\"title post_title\"  title=\"12 consejos para un Baby Shower perfecto\" href=\"https:\/\/www.evento.love\/blog\/12-consejos-baby-shower-perfecto-madrid\/\">\r\n                12 consejos para un Baby Shower perfecto    <\/a>\r\n\r\n                <\/div>\r\n                            <div class=\"item\">\r\n                        <div class=\"thumb post_thumb\">\r\n        <a  title=\"Cu\u00e1ndo hacer el Baby Shower\" href=\"https:\/\/www.evento.love\/blog\/cuando-hacer-el-baby-shower-madrid\/\">\r\n\r\n            <img width=\"150\" height=\"150\" src=\"https:\/\/www.evento.love\/blog\/wp-content\/uploads\/2016\/09\/16_05_23_Cuando-hacer-el-Baby-Shower-150x150.jpg\" class=\"attachment-thumbnail size-thumbnail wp-post-image\" alt=\"Cu\u00e1ndo hacer el baby shower beb\u00e9 embarazo fiesta en Madrid\" decoding=\"async\" loading=\"lazy\" \/>\r\n\r\n        <\/a>\r\n    <\/div>\r\n\r\n    <a class=\"title post_title\"  title=\"Cu\u00e1ndo hacer el Baby Shower\" href=\"https:\/\/www.evento.love\/blog\/cuando-hacer-el-baby-shower-madrid\/\">\r\n                Cu\u00e1ndo hacer el Baby Shower    <\/a>\r\n\r\n                <\/div>\r\n                            <div class=\"item\">\r\n                        <div class=\"thumb post_thumb\">\r\n        <a  title=\"\u00bfQui\u00e9n debe organizar el Baby Shower?\" href=\"https:\/\/www.evento.love\/blog\/quien-organizar-baby-shower-madrid\/\">\r\n\r\n            <img width=\"150\" height=\"150\" src=\"https:\/\/www.evento.love\/blog\/wp-content\/uploads\/2016\/09\/16_05_29_Qui\u00e9n-organiza-el-Baby-Shower-150x150.jpg\" class=\"attachment-thumbnail size-thumbnail wp-post-image\" alt=\"Organizaci\u00f3n Baby Shower Madrid fiesta beb\u00e9 embarazada\" decoding=\"async\" loading=\"lazy\" \/>\r\n\r\n        <\/a>\r\n    <\/div>\r\n\r\n    <a class=\"title post_title\"  title=\"\u00bfQui\u00e9n debe organizar el Baby Shower?\" href=\"https:\/\/www.evento.love\/blog\/quien-organizar-baby-shower-madrid\/\">\r\n                \u00bfQui\u00e9n debe organizar el Baby Shower?    <\/a>\r\n\r\n                <\/div>\r\n            \r\n    <\/div>\r\n\r\n    <script>\r\n            <\/script>\r\n    <style>\r\n        .related-post {}\r\n\r\n        .related-post .post-list {\r\n            text-align: left;\r\n                    }\r\n\r\n        .related-post .post-list .item {\r\n            margin: 5px 10px;\r\n            padding: 0px;\r\n                    }\r\n\r\n        .related-post .headline {\r\n            font-size: 24px !important;\r\n            color: #000000 !important;\r\n                    }\r\n\r\n        .related-post .headline{\r\nfont-weight:400 !important;\r\ntext-transform: uppercase;\r\n}.related-post .post-list .item .post_thumb {\r\n            max-height: 180px;\r\n            margin: 10px 0px;\r\n            padding: 0px;\r\n            display: block;\r\n                    }\r\n\r\n        .related-post .post-list .item .post_title {\r\n            font-size: 12px;\r\n            color: #607d8b;\r\n            margin: 10px 0px;\r\n            padding: 0px;\r\n            display: block;\r\n            text-decoration: none;\r\n                    }\r\n\r\n        .related-post .post-list .item .post_excerpt {\r\n            font-size: 13px;\r\n            color: #3f3f3f;\r\n            margin: 10px 0px;\r\n            padding: 0px;\r\n            display: block;\r\n            text-decoration: none;\r\n                    }\r\n\r\n        @media only screen and (min-width: 1024px) {\r\n            .related-post .post-list .item {\r\n                width: 22%;\r\n            }\r\n        }\r\n\r\n        @media only screen and (min-width: 768px) and (max-width: 1023px) {\r\n            .related-post .post-list .item {\r\n                width: 90%;\r\n            }\r\n        }\r\n\r\n        @media only screen and (min-width: 0px) and (max-width: 767px) {\r\n            .related-post .post-list .item {\r\n                width: 30%;\r\n            }\r\n        }\r\n\r\n            <\/style>\r\n        <\/div>\r\n<!-- AddThis Advanced Settings generic via filter on the_content --><!-- AddThis Share Buttons generic via filter on the_content -->","protected":false},"excerpt":{"rendered":"<p>Estamos muy emocionados de contaros todos los detalles de un evento maravilloso en el que dise\u00f1amos la decoraci\u00f3n. Se trata de la inauguraci\u00f3n del nuevo restaurante Flavia, cadena con la que ya llevamos meses colaborando. M\u00e1s art\u00edculos a tener en cuenta Baby Shower, mucho m\u00e1s que un evento social 12 consejos para un Baby Shower perfecto Cu\u00e1ndo hacer el Baby Shower \u00bfQui\u00e9n debe organizar el Baby Shower?<!-- AddThis Advanced Settings generic via filter on get_the_excerpt --><!-- AddThis Share Buttons generic via filter on get_the_excerpt --><\/p>\n    <div class=\"related-post grid\">\r\n                <div class=\"headline\">M\u00e1s art\u00edculos a tener en cuenta<\/div>\r\n        <div class=\"post-list \">\r\n\r\n                        <div class=\"item\">\r\n                        <div class=\"thumb post_thumb\">\r\n        <a  title=\"Baby Shower, mucho m\u00e1s que un evento social\" href=\"https:\/\/www.evento.love\/blog\/baby-shower-evento-social-madrid\/\">\r\n\r\n            <img width=\"150\" height=\"150\" src=\"https:\/\/www.evento.love\/blog\/wp-content\/uploads\/2016\/07\/babyshower-150x150.jpg\" class=\"attachment-thumbnail size-thumbnail wp-post-image\" alt=\"baby shower-fiesta-beb\u00e9-embarazo-embarazada\" decoding=\"async\" loading=\"lazy\" \/>\r\n\r\n        <\/a>\r\n    <\/div>\r\n\r\n    <a class=\"title post_title\"  title=\"Baby Shower, mucho m\u00e1s que un evento social\" href=\"https:\/\/www.evento.love\/blog\/baby-shower-evento-social-madrid\/\">\r\n                Baby Shower, mucho m\u00e1s que un evento social    <\/a>\r\n\r\n                <\/div>\r\n                            <div class=\"item\">\r\n                        <div class=\"thumb post_thumb\">\r\n        <a  title=\"12 consejos para un Baby Shower perfecto\" href=\"https:\/\/www.evento.love\/blog\/12-consejos-baby-shower-perfecto-madrid\/\">\r\n\r\n            <img width=\"150\" height=\"150\" src=\"https:\/\/www.evento.love\/blog\/wp-content\/uploads\/2016\/09\/16_05_20_12_consejos-para-que-tu-Baby-Shower-sea-perfecto-150x150.jpg\" class=\"attachment-thumbnail size-thumbnail wp-post-image\" alt=\"Baby Shower-perfecto-beb\u00e9-embarazado-embarazada-fiesta-babyshower\" decoding=\"async\" loading=\"lazy\" \/>\r\n\r\n        <\/a>\r\n    <\/div>\r\n\r\n    <a class=\"title post_title\"  title=\"12 consejos para un Baby Shower perfecto\" href=\"https:\/\/www.evento.love\/blog\/12-consejos-baby-shower-perfecto-madrid\/\">\r\n                12 consejos para un Baby Shower perfecto    <\/a>\r\n\r\n                <\/div>\r\n                            <div class=\"item\">\r\n                        <div class=\"thumb post_thumb\">\r\n        <a  title=\"Cu\u00e1ndo hacer el Baby Shower\" href=\"https:\/\/www.evento.love\/blog\/cuando-hacer-el-baby-shower-madrid\/\">\r\n\r\n            <img width=\"150\" height=\"150\" src=\"https:\/\/www.evento.love\/blog\/wp-content\/uploads\/2016\/09\/16_05_23_Cuando-hacer-el-Baby-Shower-150x150.jpg\" class=\"attachment-thumbnail size-thumbnail wp-post-image\" alt=\"Cu\u00e1ndo hacer el baby shower beb\u00e9 embarazo fiesta en Madrid\" decoding=\"async\" loading=\"lazy\" \/>\r\n\r\n        <\/a>\r\n    <\/div>\r\n\r\n    <a class=\"title post_title\"  title=\"Cu\u00e1ndo hacer el Baby Shower\" href=\"https:\/\/www.evento.love\/blog\/cuando-hacer-el-baby-shower-madrid\/\">\r\n                Cu\u00e1ndo hacer el Baby Shower    <\/a>\r\n\r\n                <\/div>\r\n                            <div class=\"item\">\r\n                        <div class=\"thumb post_thumb\">\r\n        <a  title=\"Baby Shower: Elaborando la lista de invitados\" href=\"https:\/\/www.evento.love\/blog\/baby-shower-lista-invitados-madrid\/\">\r\n\r\n            <img width=\"150\" height=\"150\" src=\"https:\/\/www.evento.love\/blog\/wp-content\/uploads\/2016\/09\/16_05_30_Baby-Shower-elaborando-la-lista-de-invitados-150x150.jpg\" class=\"attachment-thumbnail size-thumbnail wp-post-image\" alt=\"\" decoding=\"async\" loading=\"lazy\" \/>\r\n\r\n        <\/a>\r\n    <\/div>\r\n\r\n    <a class=\"title post_title\"  title=\"Baby Shower: Elaborando la lista de invitados\" href=\"https:\/\/www.evento.love\/blog\/baby-shower-lista-invitados-madrid\/\">\r\n                Baby Shower: Elaborando la lista de invitados    <\/a>\r\n\r\n                <\/div>\r\n            \r\n    <\/div>\r\n\r\n    <script>\r\n            <\/script>\r\n    <style>\r\n        .related-post {}\r\n\r\n        .related-post .post-list {\r\n            text-align: left;\r\n                    }\r\n\r\n        .related-post .post-list .item {\r\n            margin: 5px 10px;\r\n            padding: 0px;\r\n                    }\r\n\r\n        .related-post .headline {\r\n            font-size: 24px !important;\r\n            color: #000000 !important;\r\n                    }\r\n\r\n        .related-post .headline{\r\nfont-weight:400 !important;\r\ntext-transform: uppercase;\r\n}.related-post .post-list .item .post_thumb {\r\n            max-height: 180px;\r\n            margin: 10px 0px;\r\n            padding: 0px;\r\n            display: block;\r\n                    }\r\n\r\n        .related-post .post-list .item .post_title {\r\n            font-size: 12px;\r\n            color: #607d8b;\r\n            margin: 10px 0px;\r\n            padding: 0px;\r\n            display: block;\r\n            text-decoration: none;\r\n                    }\r\n\r\n        .related-post .post-list .item .post_excerpt {\r\n            font-size: 13px;\r\n            color: #3f3f3f;\r\n            margin: 10px 0px;\r\n            padding: 0px;\r\n            display: block;\r\n            text-decoration: none;\r\n                    }\r\n\r\n        @media only screen and (min-width: 1024px) {\r\n            .related-post .post-list .item {\r\n                width: 22%;\r\n            }\r\n        }\r\n\r\n        @media only screen and (min-width: 768px) and (max-width: 1023px) {\r\n            .related-post .post-list .item {\r\n                width: 90%;\r\n            }\r\n        }\r\n\r\n        @media only screen and (min-width: 0px) and (max-width: 767px) {\r\n            .related-post .post-list .item {\r\n                width: 30%;\r\n            }\r\n        }\r\n\r\n            <\/style>\r\n        <\/div>\r\n","protected":false},"author":1,"featured_media":6037,"comment_status":"open","ping_status":"open","sticky":false,"template":"","format":"standard","meta":{"content-type":""},"categories":[803],"tags":[969,1654,1655,1656,1657],"yoast_head":"<!-- This site is optimized with the Yoast SEO plugin v20.7 - https:\/\/yoast.com\/wordpress\/plugins\/seo\/ -->\n<title>La decoraci\u00f3n con globos de la inauguraci\u00f3n de Flavia - Evento.love<\/title>\n<meta name=\"description\" content=\"Descubre la maravillosa decoraci\u00f3n con globos que dise\u00f1amos para la apertura de este nuevo local de moda en Madrid: Flavia Chamber\u00ed.\" \/>\n<meta name=\"robots\" content=\"index, follow, max-snippet:-1, max-image-preview:large, max-video-preview:-1\" \/>\n<meta property=\"og:locale\" content=\"es_ES\" \/>\n<meta property=\"og:type\" content=\"article\" \/>\n<meta property=\"og:title\" content=\"La decoraci\u00f3n con globos de la inauguraci\u00f3n de Flavia - Evento.love\" \/>\n<meta property=\"og:description\" content=\"Descubre la maravillosa decoraci\u00f3n con globos que dise\u00f1amos para la apertura de este nuevo local de moda en Madrid: Flavia Chamber\u00ed.\" \/>\n<meta property=\"og:url\" content=\"https:\/\/www.evento.love\/blog\/una-espectacular-decoracion-con-globos-para-la-inauguracion-de-flavia-chamberi\/\" \/>\n<meta property=\"og:site_name\" content=\"El Blog de evento.love\" \/>\n<meta property=\"article:publisher\" content=\"https:\/\/www.facebook.com\/Evento.love\/\" \/>\n<meta property=\"article:published_time\" content=\"2020-03-05T07:00:13+00:00\" \/>\n<meta property=\"article:modified_time\" content=\"2020-03-04T20:12:28+00:00\" \/>\n<meta property=\"og:image\" content=\"https:\/\/www.evento.love\/blog\/wp-content\/uploads\/2020\/03\/decoracion-con-globos.jpg\" \/>\n\t<meta property=\"og:image:width\" content=\"850\" \/>\n\t<meta property=\"og:image:height\" content=\"638\" \/>\n\t<meta property=\"og:image:type\" content=\"image\/jpeg\" \/>\n<meta name=\"author\" content=\"Evento Love\" \/>\n<meta name=\"twitter:card\" content=\"summary_large_image\" \/>\n<meta name=\"twitter:creator\" content=\"@Evento_love\" \/>\n<meta name=\"twitter:site\" content=\"@Evento_love\" \/>\n<meta name=\"twitter:label1\" content=\"Escrito por\" \/>\n\t<meta name=\"twitter:data1\" content=\"Evento Love\" \/>\n\t<meta name=\"twitter:label2\" content=\"Tiempo de lectura\" \/>\n\t<meta name=\"twitter:data2\" content=\"2 minutos\" \/>\n<!-- \/ Yoast SEO plugin. -->","yoast_head_json":{"title":"La decoraci\u00f3n con globos de la inauguraci\u00f3n de Flavia - Evento.love","description":"Descubre la maravillosa decoraci\u00f3n con globos que dise\u00f1amos para la apertura de este nuevo local de moda en Madrid: Flavia Chamber\u00ed.","robots":{"index":"index","follow":"follow","max-snippet":"max-snippet:-1","max-image-preview":"max-image-preview:large","max-video-preview":"max-video-preview:-1"},"og_locale":"es_ES","og_type":"article","og_title":"La decoraci\u00f3n con globos de la inauguraci\u00f3n de Flavia - Evento.love","og_description":"Descubre la maravillosa decoraci\u00f3n con globos que dise\u00f1amos para la apertura de este nuevo local de moda en Madrid: Flavia Chamber\u00ed.","og_url":"https:\/\/www.evento.love\/blog\/una-espectacular-decoracion-con-globos-para-la-inauguracion-de-flavia-chamberi\/","og_site_name":"El Blog de evento.love","article_publisher":"https:\/\/www.facebook.com\/Evento.love\/","article_published_time":"2020-03-05T07:00:13+00:00","article_modified_time":"2020-03-04T20:12:28+00:00","og_image":[{"width":850,"height":638,"url":"https:\/\/www.evento.love\/blog\/wp-content\/uploads\/2020\/03\/decoracion-con-globos.jpg","type":"image\/jpeg"}],"author":"Evento Love","twitter_card":"summary_large_image","twitter_creator":"@Evento_love","twitter_site":"@Evento_love","twitter_misc":{"Escrito por":"Evento Love","Tiempo de lectura":"2 minutos"},"schema":{"@context":"https:\/\/schema.org","@graph":[{"@type":"Article","@id":"https:\/\/www.evento.love\/blog\/una-espectacular-decoracion-con-globos-para-la-inauguracion-de-flavia-chamberi\/#article","isPartOf":{"@id":"https:\/\/www.evento.love\/blog\/una-espectacular-decoracion-con-globos-para-la-inauguracion-de-flavia-chamberi\/"},"author":{"name":"Evento Love","@id":"https:\/\/www.evento.love\/blog\/#\/schema\/person\/a184c2ed424b7fb3006372ce8051542c"},"headline":"Una espectacular decoraci\u00f3n con globos para la inauguraci\u00f3n de Flavia Chamber\u00ed","datePublished":"2020-03-05T07:00:13+00:00","dateModified":"2020-03-04T20:12:28+00:00","mainEntityOfPage":{"@id":"https:\/\/www.evento.love\/blog\/una-espectacular-decoracion-con-globos-para-la-inauguracion-de-flavia-chamberi\/"},"wordCount":314,"commentCount":0,"publisher":{"@id":"https:\/\/www.evento.love\/blog\/#organization"},"keywords":["decoraci\u00f3n con globos","Flavia","Flavia Chamber\u00ed","inauguraci\u00f3n de Flavia Chamber\u00ed","party planner"],"articleSection":["Eventos de empresa"],"inLanguage":"es","potentialAction":[{"@type":"CommentAction","name":"Comment","target":["https:\/\/www.evento.love\/blog\/una-espectacular-decoracion-con-globos-para-la-inauguracion-de-flavia-chamberi\/#respond"]}]},{"@type":"WebPage","@id":"https:\/\/www.evento.love\/blog\/una-espectacular-decoracion-con-globos-para-la-inauguracion-de-flavia-chamberi\/","url":"https:\/\/www.evento.love\/blog\/una-espectacular-decoracion-con-globos-para-la-inauguracion-de-flavia-chamberi\/","name":"La decoraci\u00f3n con globos de la inauguraci\u00f3n de Flavia - Evento.love","isPartOf":{"@id":"https:\/\/www.evento.love\/blog\/#website"},"datePublished":"2020-03-05T07:00:13+00:00","dateModified":"2020-03-04T20:12:28+00:00","description":"Descubre la maravillosa decoraci\u00f3n con globos que dise\u00f1amos para la apertura de este nuevo local de moda en Madrid: Flavia Chamber\u00ed.","breadcrumb":{"@id":"https:\/\/www.evento.love\/blog\/una-espectacular-decoracion-con-globos-para-la-inauguracion-de-flavia-chamberi\/#breadcrumb"},"inLanguage":"es","potentialAction":[{"@type":"ReadAction","target":["https:\/\/www.evento.love\/blog\/una-espectacular-decoracion-con-globos-para-la-inauguracion-de-flavia-chamberi\/"]}]},{"@type":"BreadcrumbList","@id":"https:\/\/www.evento.love\/blog\/una-espectacular-decoracion-con-globos-para-la-inauguracion-de-flavia-chamberi\/#breadcrumb","itemListElement":[{"@type":"ListItem","position":1,"name":"Evento.love","item":"https:\/\/www.evento.love\/blog\/"},{"@type":"ListItem","position":2,"name":"Eventos de empresa","item":"https:\/\/www.evento.love\/blog\/category\/eventos-de-empresa\/"},{"@type":"ListItem","position":3,"name":"Una espectacular decoraci\u00f3n con globos para la inauguraci\u00f3n de Flavia Chamber\u00ed"}]},{"@type":"WebSite","@id":"https:\/\/www.evento.love\/blog\/#website","url":"https:\/\/www.evento.love\/blog\/","name":"El Blog de evento.love","description":"T\u00fa lo mereces. Disfruta de tu momento","publisher":{"@id":"https:\/\/www.evento.love\/blog\/#organization"},"potentialAction":[{"@type":"SearchAction","target":{"@type":"EntryPoint","urlTemplate":"https:\/\/www.evento.love\/blog\/?s={search_term_string}"},"query-input":"required name=search_term_string"}],"inLanguage":"es"},{"@type":"Organization","@id":"https:\/\/www.evento.love\/blog\/#organization","name":"evento.love","url":"https:\/\/www.evento.love\/blog\/","logo":{"@type":"ImageObject","inLanguage":"es","@id":"https:\/\/www.evento.love\/blog\/#\/schema\/logo\/image\/","url":"https:\/\/www.evento.love\/blog\/wp-content\/uploads\/2016\/07\/logo-evento-love.png","contentUrl":"https:\/\/www.evento.love\/blog\/wp-content\/uploads\/2016\/07\/logo-evento-love.png","width":197,"height":59,"caption":"evento.love"},"image":{"@id":"https:\/\/www.evento.love\/blog\/#\/schema\/logo\/image\/"},"sameAs":["https:\/\/www.facebook.com\/Evento.love\/","https:\/\/twitter.com\/Evento_love","https:\/\/www.instagram.com\/evento.love\/","https:\/\/es.pinterest.com\/evento_love\/","https:\/\/www.youtube.com\/channel\/UCcVbo6ymzx-7FlDJja8aQnw"]},{"@type":"Person","@id":"https:\/\/www.evento.love\/blog\/#\/schema\/person\/a184c2ed424b7fb3006372ce8051542c","name":"Evento Love"}]}},"_links":{"self":[{"href":"https:\/\/www.evento.love\/blog\/wp-json\/wp\/v2\/posts\/6036"}],"collection":[{"href":"https:\/\/www.evento.love\/blog\/wp-json\/wp\/v2\/posts"}],"about":[{"href":"https:\/\/www.evento.love\/blog\/wp-json\/wp\/v2\/types\/post"}],"author":[{"embeddable":true,"href":"https:\/\/www.evento.love\/blog\/wp-json\/wp\/v2\/users\/1"}],"replies":[{"embeddable":true,"href":"https:\/\/www.evento.love\/blog\/wp-json\/wp\/v2\/comments?post=6036"}],"version-history":[{"count":2,"href":"https:\/\/www.evento.love\/blog\/wp-json\/wp\/v2\/posts\/6036\/revisions"}],"predecessor-version":[{"id":6042,"href":"https:\/\/www.evento.love\/blog\/wp-json\/wp\/v2\/posts\/6036\/revisions\/6042"}],"wp:featuredmedia":[{"embeddable":true,"href":"https:\/\/www.evento.love\/blog\/wp-json\/wp\/v2\/media\/6037"}],"wp:attachment":[{"href":"https:\/\/www.evento.love\/blog\/wp-json\/wp\/v2\/media?parent=6036"}],"wp:term":[{"taxonomy":"category","embeddable":true,"href":"https:\/\/www.evento.love\/blog\/wp-json\/wp\/v2\/categories?post=6036"},{"taxonomy":"post_tag","embeddable":true,"href":"https:\/\/www.evento.love\/blog\/wp-json\/wp\/v2\/tags?post=6036"}],"curies":[{"name":"wp","href":"https:\/\/api.w.org\/{rel}","templated":true}]}}