{"id":6149,"date":"2020-04-06T09:00:20","date_gmt":"2020-04-06T07:00:20","guid":{"rendered":"https:\/\/www.evento.love\/blog\/?p=6149"},"modified":"2020-06-23T18:58:29","modified_gmt":"2020-06-23T16:58:29","slug":"inspiracion-7-fotos-de-boda-originales","status":"publish","type":"post","link":"https:\/\/www.evento.love\/blog\/inspiracion-7-fotos-de-boda-originales\/","title":{"rendered":"Inspiraci\u00f3n: 7 fotos de boda originales"},"content":{"rendered":"<p>Tal y como os comentamos en <a href=\"https:\/\/www.evento.love\/blog\/5-maneras-de-disenar-y-decorar-el-photocall-de-tu-fiesta\/?utm_source=web&amp;utm_medium=post&amp;utm_campaign=fotos-originales\" target=\"_blank\" rel=\"noopener noreferrer\">nuestro \u00faltimo post<\/a>, las fotos son uno de los recuerdos m\u00e1s bonitos que guardar\u00e9is de vuestra boda.<!--more--><\/p>\n<p>Si nos segu\u00eds desde hace tiempo por nuestro blog y redes sociales, sabr\u00e9is que el team Evento.love siembre aboga por la naturalidad por encima de todo. Sin embargo, la organizaci\u00f3n es una de las claves fundamentales de nuestro trabajo y, en el caso de las fotograf\u00edas de boda, puede ayudar a que el resultado sea absolutamente maravilloso. Por dos motivos principales:<\/p>\n<ol>\n<li><em>Queremos que teng\u00e1is las fotos de boda con las que siempre so\u00f1asteis (y que no se quede ninguna por hacer)<\/em><\/li>\n<li><em>No queremos que os pas\u00e9is toooodo el d\u00eda de la boda sac\u00e1ndoos fotos<\/em><\/li>\n<\/ol>\n<p>\u00bfLa soluci\u00f3n? Elaborar una lista previa con las fotos de boda que s\u00ed o s\u00ed os gustar\u00eda tener del gran d\u00eda y hablarlo con el fot\u00f3grafo para ver los tiempos \ud83d\ude42 Una vez teng\u00e1is claro qu\u00e9 tipo de fotos os encantar\u00eda sacaros (no hace falta que sean muy detalladas, \u00fanicamente el &#8220;tipo&#8221; de imagen que quer\u00e9is&#8230;Ejemplo: primer beso como marido y mujer), del resto se encargar\u00e1 la felicidad que os invadir\u00e1 en vuestro d\u00eda y el talento del fot\u00f3grafo que seguro os acompa\u00f1ar\u00e1.<\/p>\n<p>Para que pod\u00e1is inspiraros esta cuarentena e ir pensando en las fotos de boda que m\u00e1s os gustan, os dejamos a continuaci\u00f3n una serie de im\u00e1genes que nos han enamorado. Originales, rom\u00e1nticas y MARAVILLOSAS.<\/p>\n<h2>1. Paisaje<\/h2>\n<figure id=\"attachment_6156\" aria-describedby=\"caption-attachment-6156\" style=\"width: 850px\" class=\"wp-caption aligncenter\"><img decoding=\"async\" loading=\"lazy\" class=\"wp-image-6156 size-full\" src=\"https:\/\/www.evento.love\/blog\/wp-content\/uploads\/2020\/04\/fotos-boda-originales-6.png\" alt=\"fotos de boda\" width=\"850\" height=\"567\" srcset=\"https:\/\/www.evento.love\/blog\/wp-content\/uploads\/2020\/04\/fotos-boda-originales-6.png 850w, https:\/\/www.evento.love\/blog\/wp-content\/uploads\/2020\/04\/fotos-boda-originales-6-300x200.png 300w, https:\/\/www.evento.love\/blog\/wp-content\/uploads\/2020\/04\/fotos-boda-originales-6-768x512.png 768w, https:\/\/www.evento.love\/blog\/wp-content\/uploads\/2020\/04\/fotos-boda-originales-6-405x270.png 405w\" sizes=\"(max-width: 850px) 100vw, 850px\" \/><figcaption id=\"caption-attachment-6156\" class=\"wp-caption-text\">Foto Pettine<\/figcaption><\/figure>\n<h2>2. Toque urbano<\/h2>\n<figure id=\"attachment_6155\" aria-describedby=\"caption-attachment-6155\" style=\"width: 850px\" class=\"wp-caption aligncenter\"><img decoding=\"async\" loading=\"lazy\" class=\"wp-image-6155 size-full\" src=\"https:\/\/www.evento.love\/blog\/wp-content\/uploads\/2020\/04\/fotos-boda-originales-2.png\" alt=\"fotos de boda\" width=\"850\" height=\"567\" srcset=\"https:\/\/www.evento.love\/blog\/wp-content\/uploads\/2020\/04\/fotos-boda-originales-2.png 850w, https:\/\/www.evento.love\/blog\/wp-content\/uploads\/2020\/04\/fotos-boda-originales-2-300x200.png 300w, https:\/\/www.evento.love\/blog\/wp-content\/uploads\/2020\/04\/fotos-boda-originales-2-768x512.png 768w, https:\/\/www.evento.love\/blog\/wp-content\/uploads\/2020\/04\/fotos-boda-originales-2-405x270.png 405w\" sizes=\"(max-width: 850px) 100vw, 850px\" \/><figcaption id=\"caption-attachment-6155\" class=\"wp-caption-text\">Foto Pettine<\/figcaption><\/figure>\n<h2>3. Velo<\/h2>\n<figure id=\"attachment_6164\" aria-describedby=\"caption-attachment-6164\" style=\"width: 600px\" class=\"wp-caption aligncenter\"><img decoding=\"async\" loading=\"lazy\" class=\"wp-image-6164\" src=\"https:\/\/www.evento.love\/blog\/wp-content\/uploads\/2020\/04\/fotos-boda.jpg\" alt=\"\" width=\"600\" height=\"900\" srcset=\"https:\/\/www.evento.love\/blog\/wp-content\/uploads\/2020\/04\/fotos-boda.jpg 850w, https:\/\/www.evento.love\/blog\/wp-content\/uploads\/2020\/04\/fotos-boda-200x300.jpg 200w, https:\/\/www.evento.love\/blog\/wp-content\/uploads\/2020\/04\/fotos-boda-768x1152.jpg 768w, https:\/\/www.evento.love\/blog\/wp-content\/uploads\/2020\/04\/fotos-boda-683x1024.jpg 683w, https:\/\/www.evento.love\/blog\/wp-content\/uploads\/2020\/04\/fotos-boda-180x270.jpg 180w\" sizes=\"(max-width: 600px) 100vw, 600px\" \/><figcaption id=\"caption-attachment-6164\" class=\"wp-caption-text\">Cameron Stow<\/figcaption><\/figure>\n<h2>4. Arroz<\/h2>\n<figure id=\"attachment_6157\" aria-describedby=\"caption-attachment-6157\" style=\"width: 600px\" class=\"wp-caption aligncenter\"><img decoding=\"async\" loading=\"lazy\" class=\"wp-image-6157 size-full\" src=\"https:\/\/www.evento.love\/blog\/wp-content\/uploads\/2020\/04\/fotos-boda-originales-8.png\" alt=\"\" width=\"600\" height=\"900\" srcset=\"https:\/\/www.evento.love\/blog\/wp-content\/uploads\/2020\/04\/fotos-boda-originales-8.png 600w, https:\/\/www.evento.love\/blog\/wp-content\/uploads\/2020\/04\/fotos-boda-originales-8-200x300.png 200w, https:\/\/www.evento.love\/blog\/wp-content\/uploads\/2020\/04\/fotos-boda-originales-8-180x270.png 180w\" sizes=\"(max-width: 600px) 100vw, 600px\" \/><figcaption id=\"caption-attachment-6157\" class=\"wp-caption-text\">Frans Hulet<\/figcaption><\/figure>\n<h2>5. Detalles<\/h2>\n<figure id=\"attachment_6158\" aria-describedby=\"caption-attachment-6158\" style=\"width: 850px\" class=\"wp-caption aligncenter\"><img decoding=\"async\" loading=\"lazy\" class=\"wp-image-6158 size-full\" src=\"https:\/\/www.evento.love\/blog\/wp-content\/uploads\/2020\/04\/fotos-boda-originales-9.png\" alt=\"\" width=\"850\" height=\"567\" srcset=\"https:\/\/www.evento.love\/blog\/wp-content\/uploads\/2020\/04\/fotos-boda-originales-9.png 850w, https:\/\/www.evento.love\/blog\/wp-content\/uploads\/2020\/04\/fotos-boda-originales-9-300x200.png 300w, https:\/\/www.evento.love\/blog\/wp-content\/uploads\/2020\/04\/fotos-boda-originales-9-768x512.png 768w, https:\/\/www.evento.love\/blog\/wp-content\/uploads\/2020\/04\/fotos-boda-originales-9-405x270.png 405w\" sizes=\"(max-width: 850px) 100vw, 850px\" \/><figcaption id=\"caption-attachment-6158\" class=\"wp-caption-text\">Marc A. Sporys<\/figcaption><\/figure>\n<h2>6. Atardecer<\/h2>\n<figure id=\"attachment_6153\" aria-describedby=\"caption-attachment-6153\" style=\"width: 850px\" class=\"wp-caption aligncenter\"><img decoding=\"async\" loading=\"lazy\" class=\"wp-image-6153 size-full\" src=\"https:\/\/www.evento.love\/blog\/wp-content\/uploads\/2020\/04\/fotos-boda-originales-5.png\" alt=\"\" width=\"850\" height=\"567\" srcset=\"https:\/\/www.evento.love\/blog\/wp-content\/uploads\/2020\/04\/fotos-boda-originales-5.png 850w, https:\/\/www.evento.love\/blog\/wp-content\/uploads\/2020\/04\/fotos-boda-originales-5-300x200.png 300w, https:\/\/www.evento.love\/blog\/wp-content\/uploads\/2020\/04\/fotos-boda-originales-5-768x512.png 768w, https:\/\/www.evento.love\/blog\/wp-content\/uploads\/2020\/04\/fotos-boda-originales-5-405x270.png 405w\" sizes=\"(max-width: 850px) 100vw, 850px\" \/><figcaption id=\"caption-attachment-6153\" class=\"wp-caption-text\">Callie Morgan<\/figcaption><\/figure>\n<h2>7. First kiss<\/h2>\n<figure id=\"attachment_6159\" aria-describedby=\"caption-attachment-6159\" style=\"width: 600px\" class=\"wp-caption aligncenter\"><img decoding=\"async\" loading=\"lazy\" class=\"wp-image-6159 size-full\" src=\"https:\/\/www.evento.love\/blog\/wp-content\/uploads\/2020\/04\/fotos-boda-originales-10.png\" alt=\"\" width=\"600\" height=\"900\" srcset=\"https:\/\/www.evento.love\/blog\/wp-content\/uploads\/2020\/04\/fotos-boda-originales-10.png 600w, https:\/\/www.evento.love\/blog\/wp-content\/uploads\/2020\/04\/fotos-boda-originales-10-200x300.png 200w, https:\/\/www.evento.love\/blog\/wp-content\/uploads\/2020\/04\/fotos-boda-originales-10-180x270.png 180w\" sizes=\"(max-width: 600px) 100vw, 600px\" \/><figcaption id=\"caption-attachment-6159\" class=\"wp-caption-text\">Vitor Pinto<\/figcaption><\/figure>\n<p>\u00bfQuieres que te ayudemos a organizar, dise\u00f1ar y decorar tu boda o evento este 2020? Escr\u00edbenos a <a href=\"mailto:hola@evento.love\" target=\"_blank\" rel=\"noopener noreferrer\">hola@evento.love<\/a> o ll\u00e1manos al 650669436, \u00a1estaremos encantados de ayudarte! Os esperamos tambi\u00e9n en <a href=\"https:\/\/www.instagram.com\/evento.love\/\" target=\"_blank\" rel=\"noopener noreferrer\">nuestras redes sociales<\/a>.<\/p>\n    <div class=\"related-post grid\">\r\n                <div class=\"headline\">M\u00e1s art\u00edculos a tener en cuenta<\/div>\r\n        <div class=\"post-list \">\r\n\r\n                        <div class=\"item\">\r\n                        <div class=\"thumb post_thumb\">\r\n        <a  title=\"5+1 ideas imprescindibles para dar un toque especial a tu boda\" href=\"https:\/\/www.evento.love\/blog\/ideas-imprescindibles-tu-boda-madrid\/\">\r\n\r\n            <img width=\"150\" height=\"150\" src=\"https:\/\/www.evento.love\/blog\/wp-content\/uploads\/2017\/04\/17_04_01-150x150.jpg\" class=\"attachment-thumbnail size-thumbnail wp-post-image\" alt=\"Ideas para tu boda organizaci\u00f3n eventos madrid\" decoding=\"async\" loading=\"lazy\" \/>\r\n\r\n        <\/a>\r\n    <\/div>\r\n\r\n    <a class=\"title post_title\"  title=\"5+1 ideas imprescindibles para dar un toque especial a tu boda\" href=\"https:\/\/www.evento.love\/blog\/ideas-imprescindibles-tu-boda-madrid\/\">\r\n                5+1 ideas imprescindibles para dar un toque especial a tu boda    <\/a>\r\n\r\n                <\/div>\r\n                            <div class=\"item\">\r\n                        <div class=\"thumb post_thumb\">\r\n        <a  title=\"\u00bfQu\u00e9 es una preboda?\" href=\"https:\/\/www.evento.love\/blog\/que-es-una-preboda-madrid\/\">\r\n\r\n            <img width=\"150\" height=\"150\" src=\"https:\/\/www.evento.love\/blog\/wp-content\/uploads\/2017\/04\/17_04_15-150x150.jpg\" class=\"attachment-thumbnail size-thumbnail wp-post-image\" alt=\"preboda boda fotograf\u00eda novios madrid\" decoding=\"async\" loading=\"lazy\" \/>\r\n\r\n        <\/a>\r\n    <\/div>\r\n\r\n    <a class=\"title post_title\"  title=\"\u00bfQu\u00e9 es una preboda?\" href=\"https:\/\/www.evento.love\/blog\/que-es-una-preboda-madrid\/\">\r\n                \u00bfQu\u00e9 es una preboda?    <\/a>\r\n\r\n                <\/div>\r\n                            <div class=\"item\">\r\n                        <div class=\"thumb post_thumb\">\r\n        <a  title=\"Consejos para organizar una sesi\u00f3n postboda\" href=\"https:\/\/www.evento.love\/blog\/consejos-sesion-postboda-madrid\/\">\r\n\r\n            <img width=\"150\" height=\"150\" src=\"https:\/\/www.evento.love\/blog\/wp-content\/uploads\/2017\/05\/17_05_10-150x150.jpg\" class=\"attachment-thumbnail size-thumbnail wp-post-image\" alt=\"Consejos para una sesi\u00f3n de fotograf\u00eda postboda en Madrid\" decoding=\"async\" loading=\"lazy\" \/>\r\n\r\n        <\/a>\r\n    <\/div>\r\n\r\n    <a class=\"title post_title\"  title=\"Consejos para organizar una sesi\u00f3n postboda\" href=\"https:\/\/www.evento.love\/blog\/consejos-sesion-postboda-madrid\/\">\r\n                Consejos para organizar una sesi\u00f3n postboda    <\/a>\r\n\r\n                <\/div>\r\n                            <div class=\"item\">\r\n                        <div class=\"thumb post_thumb\">\r\n        <a  title=\"Cinco hermosos textos para leer en una boda\" href=\"https:\/\/www.evento.love\/blog\/cinco-hermosos-textos-pueden-leer-boda\/\">\r\n\r\n            <img width=\"150\" height=\"150\" src=\"https:\/\/www.evento.love\/blog\/wp-content\/uploads\/2017\/06\/16_06_08-150x150.jpg\" class=\"attachment-thumbnail size-thumbnail wp-post-image\" alt=\"textos para leer en una boda religiosa civil madrid\" decoding=\"async\" loading=\"lazy\" \/>\r\n\r\n        <\/a>\r\n    <\/div>\r\n\r\n    <a class=\"title post_title\"  title=\"Cinco hermosos textos para leer en una boda\" href=\"https:\/\/www.evento.love\/blog\/cinco-hermosos-textos-pueden-leer-boda\/\">\r\n                Cinco hermosos textos para leer en una boda    <\/a>\r\n\r\n                <\/div>\r\n            \r\n    <\/div>\r\n\r\n    <script>\r\n            <\/script>\r\n    <style>\r\n        .related-post {}\r\n\r\n        .related-post .post-list {\r\n            text-align: left;\r\n                    }\r\n\r\n        .related-post .post-list .item {\r\n            margin: 5px 10px;\r\n            padding: 0px;\r\n                    }\r\n\r\n        .related-post .headline {\r\n            font-size: 24px !important;\r\n            color: #000000 !important;\r\n                    }\r\n\r\n        .related-post .headline{\r\nfont-weight:400 !important;\r\ntext-transform: uppercase;\r\n}.related-post .post-list .item .post_thumb {\r\n            max-height: 180px;\r\n            margin: 10px 0px;\r\n            padding: 0px;\r\n            display: block;\r\n                    }\r\n\r\n        .related-post .post-list .item .post_title {\r\n            font-size: 12px;\r\n            color: #607d8b;\r\n            margin: 10px 0px;\r\n            padding: 0px;\r\n            display: block;\r\n            text-decoration: none;\r\n                    }\r\n\r\n        .related-post .post-list .item .post_excerpt {\r\n            font-size: 13px;\r\n            color: #3f3f3f;\r\n            margin: 10px 0px;\r\n            padding: 0px;\r\n            display: block;\r\n            text-decoration: none;\r\n                    }\r\n\r\n        @media only screen and (min-width: 1024px) {\r\n            .related-post .post-list .item {\r\n                width: 22%;\r\n            }\r\n        }\r\n\r\n        @media only screen and (min-width: 768px) and (max-width: 1023px) {\r\n            .related-post .post-list .item {\r\n                width: 90%;\r\n            }\r\n        }\r\n\r\n        @media only screen and (min-width: 0px) and (max-width: 767px) {\r\n            .related-post .post-list .item {\r\n                width: 30%;\r\n            }\r\n        }\r\n\r\n            <\/style>\r\n        <\/div>\r\n<!-- AddThis Advanced Settings generic via filter on the_content --><!-- AddThis Share Buttons generic via filter on the_content -->","protected":false},"excerpt":{"rendered":"<p>Tal y como os comentamos en nuestro \u00faltimo post, las fotos son uno de los recuerdos m\u00e1s bonitos que guardar\u00e9is de vuestra boda. M\u00e1s art\u00edculos a tener en cuenta Juegos y actividades en tu baby shower C\u00f3mo inmortalizar tu baby shower Juegos en el baby shower Un beb\u00e9 en camino \u00bfBaby shower o bautizo?<!-- AddThis Advanced Settings generic via filter on get_the_excerpt --><!-- AddThis Share Buttons generic via filter on get_the_excerpt --><\/p>\n    <div class=\"related-post grid\">\r\n                <div class=\"headline\">M\u00e1s art\u00edculos a tener en cuenta<\/div>\r\n        <div class=\"post-list \">\r\n\r\n                        <div class=\"item\">\r\n                        <div class=\"thumb post_thumb\">\r\n        <a  title=\"Baby Shower, mucho m\u00e1s que un evento social\" href=\"https:\/\/www.evento.love\/blog\/baby-shower-evento-social-madrid\/\">\r\n\r\n            <img width=\"150\" height=\"150\" src=\"https:\/\/www.evento.love\/blog\/wp-content\/uploads\/2016\/07\/babyshower-150x150.jpg\" class=\"attachment-thumbnail size-thumbnail wp-post-image\" alt=\"baby shower-fiesta-beb\u00e9-embarazo-embarazada\" decoding=\"async\" loading=\"lazy\" \/>\r\n\r\n        <\/a>\r\n    <\/div>\r\n\r\n    <a class=\"title post_title\"  title=\"Baby Shower, mucho m\u00e1s que un evento social\" href=\"https:\/\/www.evento.love\/blog\/baby-shower-evento-social-madrid\/\">\r\n                Baby Shower, mucho m\u00e1s que un evento social    <\/a>\r\n\r\n                <\/div>\r\n                            <div class=\"item\">\r\n                        <div class=\"thumb post_thumb\">\r\n        <a  title=\"12 consejos para un Baby Shower perfecto\" href=\"https:\/\/www.evento.love\/blog\/12-consejos-baby-shower-perfecto-madrid\/\">\r\n\r\n            <img width=\"150\" height=\"150\" src=\"https:\/\/www.evento.love\/blog\/wp-content\/uploads\/2016\/09\/16_05_20_12_consejos-para-que-tu-Baby-Shower-sea-perfecto-150x150.jpg\" class=\"attachment-thumbnail size-thumbnail wp-post-image\" alt=\"Baby Shower-perfecto-beb\u00e9-embarazado-embarazada-fiesta-babyshower\" decoding=\"async\" loading=\"lazy\" \/>\r\n\r\n        <\/a>\r\n    <\/div>\r\n\r\n    <a class=\"title post_title\"  title=\"12 consejos para un Baby Shower perfecto\" href=\"https:\/\/www.evento.love\/blog\/12-consejos-baby-shower-perfecto-madrid\/\">\r\n                12 consejos para un Baby Shower perfecto    <\/a>\r\n\r\n                <\/div>\r\n                            <div class=\"item\">\r\n                        <div class=\"thumb post_thumb\">\r\n        <a  title=\"Cu\u00e1ndo hacer el Baby Shower\" href=\"https:\/\/www.evento.love\/blog\/cuando-hacer-el-baby-shower-madrid\/\">\r\n\r\n            <img width=\"150\" height=\"150\" src=\"https:\/\/www.evento.love\/blog\/wp-content\/uploads\/2016\/09\/16_05_23_Cuando-hacer-el-Baby-Shower-150x150.jpg\" class=\"attachment-thumbnail size-thumbnail wp-post-image\" alt=\"Cu\u00e1ndo hacer el baby shower beb\u00e9 embarazo fiesta en Madrid\" decoding=\"async\" loading=\"lazy\" \/>\r\n\r\n        <\/a>\r\n    <\/div>\r\n\r\n    <a class=\"title post_title\"  title=\"Cu\u00e1ndo hacer el Baby Shower\" href=\"https:\/\/www.evento.love\/blog\/cuando-hacer-el-baby-shower-madrid\/\">\r\n                Cu\u00e1ndo hacer el Baby Shower    <\/a>\r\n\r\n                <\/div>\r\n                            <div class=\"item\">\r\n                        <div class=\"thumb post_thumb\">\r\n        <a  title=\"\u00bfQui\u00e9n debe organizar el Baby Shower?\" href=\"https:\/\/www.evento.love\/blog\/quien-organizar-baby-shower-madrid\/\">\r\n\r\n            <img width=\"150\" height=\"150\" src=\"https:\/\/www.evento.love\/blog\/wp-content\/uploads\/2016\/09\/16_05_29_Qui\u00e9n-organiza-el-Baby-Shower-150x150.jpg\" class=\"attachment-thumbnail size-thumbnail wp-post-image\" alt=\"Organizaci\u00f3n Baby Shower Madrid fiesta beb\u00e9 embarazada\" decoding=\"async\" loading=\"lazy\" \/>\r\n\r\n        <\/a>\r\n    <\/div>\r\n\r\n    <a class=\"title post_title\"  title=\"\u00bfQui\u00e9n debe organizar el Baby Shower?\" href=\"https:\/\/www.evento.love\/blog\/quien-organizar-baby-shower-madrid\/\">\r\n                \u00bfQui\u00e9n debe organizar el Baby Shower?    <\/a>\r\n\r\n                <\/div>\r\n            \r\n    <\/div>\r\n\r\n    <script>\r\n            <\/script>\r\n    <style>\r\n        .related-post {}\r\n\r\n        .related-post .post-list {\r\n            text-align: left;\r\n                    }\r\n\r\n        .related-post .post-list .item {\r\n            margin: 5px 10px;\r\n            padding: 0px;\r\n                    }\r\n\r\n        .related-post .headline {\r\n            font-size: 24px !important;\r\n            color: #000000 !important;\r\n                    }\r\n\r\n        .related-post .headline{\r\nfont-weight:400 !important;\r\ntext-transform: uppercase;\r\n}.related-post .post-list .item .post_thumb {\r\n            max-height: 180px;\r\n            margin: 10px 0px;\r\n            padding: 0px;\r\n            display: block;\r\n                    }\r\n\r\n        .related-post .post-list .item .post_title {\r\n            font-size: 12px;\r\n            color: #607d8b;\r\n            margin: 10px 0px;\r\n            padding: 0px;\r\n            display: block;\r\n            text-decoration: none;\r\n                    }\r\n\r\n        .related-post .post-list .item .post_excerpt {\r\n            font-size: 13px;\r\n            color: #3f3f3f;\r\n            margin: 10px 0px;\r\n            padding: 0px;\r\n            display: block;\r\n            text-decoration: none;\r\n                    }\r\n\r\n        @media only screen and (min-width: 1024px) {\r\n            .related-post .post-list .item {\r\n                width: 22%;\r\n            }\r\n        }\r\n\r\n        @media only screen and (min-width: 768px) and (max-width: 1023px) {\r\n            .related-post .post-list .item {\r\n                width: 90%;\r\n            }\r\n        }\r\n\r\n        @media only screen and (min-width: 0px) and (max-width: 767px) {\r\n            .related-post .post-list .item {\r\n                width: 30%;\r\n            }\r\n        }\r\n\r\n            <\/style>\r\n        <\/div>\r\n","protected":false},"author":1,"featured_media":6156,"comment_status":"open","ping_status":"open","sticky":false,"template":"","format":"standard","meta":{"content-type":""},"categories":[756],"tags":[1577,1671,1673,1672,1020,888,1161],"yoast_head":"<!-- This site is optimized with the Yoast SEO plugin v20.7 - https:\/\/yoast.com\/wordpress\/plugins\/seo\/ -->\n<title>Inspiraci\u00f3n: 7 fotos de boda originales - El Blog de evento.love<\/title>\n<meta name=\"description\" content=\"Descubre estas originales y rom\u00e1nticas fotos de boda para guardar como recuerdo del d\u00eda m\u00e1s maravilloso de vuestras vidas.\" \/>\n<meta name=\"robots\" content=\"index, follow, max-snippet:-1, max-image-preview:large, max-video-preview:-1\" \/>\n<meta property=\"og:locale\" content=\"es_ES\" \/>\n<meta property=\"og:type\" content=\"article\" \/>\n<meta property=\"og:title\" content=\"Inspiraci\u00f3n: 7 fotos de boda originales - El Blog de evento.love\" \/>\n<meta property=\"og:description\" content=\"Descubre estas originales y rom\u00e1nticas fotos de boda para guardar como recuerdo del d\u00eda m\u00e1s maravilloso de vuestras vidas.\" \/>\n<meta property=\"og:url\" content=\"https:\/\/www.evento.love\/blog\/inspiracion-7-fotos-de-boda-originales\/\" \/>\n<meta property=\"og:site_name\" content=\"El Blog de evento.love\" \/>\n<meta property=\"article:publisher\" content=\"https:\/\/www.facebook.com\/Evento.love\/\" \/>\n<meta property=\"article:published_time\" content=\"2020-04-06T07:00:20+00:00\" \/>\n<meta property=\"article:modified_time\" content=\"2020-06-23T16:58:29+00:00\" \/>\n<meta property=\"og:image\" content=\"https:\/\/www.evento.love\/blog\/wp-content\/uploads\/2020\/04\/fotos-boda-originales-6.png\" \/>\n\t<meta property=\"og:image:width\" content=\"850\" \/>\n\t<meta property=\"og:image:height\" content=\"567\" \/>\n\t<meta property=\"og:image:type\" content=\"image\/png\" \/>\n<meta name=\"author\" content=\"Evento Love\" \/>\n<meta name=\"twitter:card\" content=\"summary_large_image\" \/>\n<meta name=\"twitter:creator\" content=\"@Evento_love\" \/>\n<meta name=\"twitter:site\" content=\"@Evento_love\" \/>\n<meta name=\"twitter:label1\" content=\"Escrito por\" \/>\n\t<meta name=\"twitter:data1\" content=\"Evento Love\" \/>\n\t<meta name=\"twitter:label2\" content=\"Tiempo de lectura\" \/>\n\t<meta name=\"twitter:data2\" content=\"2 minutos\" \/>\n<!-- \/ Yoast SEO plugin. -->","yoast_head_json":{"title":"Inspiraci\u00f3n: 7 fotos de boda originales - El Blog de evento.love","description":"Descubre estas originales y rom\u00e1nticas fotos de boda para guardar como recuerdo del d\u00eda m\u00e1s maravilloso de vuestras vidas.","robots":{"index":"index","follow":"follow","max-snippet":"max-snippet:-1","max-image-preview":"max-image-preview:large","max-video-preview":"max-video-preview:-1"},"og_locale":"es_ES","og_type":"article","og_title":"Inspiraci\u00f3n: 7 fotos de boda originales - El Blog de evento.love","og_description":"Descubre estas originales y rom\u00e1nticas fotos de boda para guardar como recuerdo del d\u00eda m\u00e1s maravilloso de vuestras vidas.","og_url":"https:\/\/www.evento.love\/blog\/inspiracion-7-fotos-de-boda-originales\/","og_site_name":"El Blog de evento.love","article_publisher":"https:\/\/www.facebook.com\/Evento.love\/","article_published_time":"2020-04-06T07:00:20+00:00","article_modified_time":"2020-06-23T16:58:29+00:00","og_image":[{"width":850,"height":567,"url":"https:\/\/www.evento.love\/blog\/wp-content\/uploads\/2020\/04\/fotos-boda-originales-6.png","type":"image\/png"}],"author":"Evento Love","twitter_card":"summary_large_image","twitter_creator":"@Evento_love","twitter_site":"@Evento_love","twitter_misc":{"Escrito por":"Evento Love","Tiempo de lectura":"2 minutos"},"schema":{"@context":"https:\/\/schema.org","@graph":[{"@type":"Article","@id":"https:\/\/www.evento.love\/blog\/inspiracion-7-fotos-de-boda-originales\/#article","isPartOf":{"@id":"https:\/\/www.evento.love\/blog\/inspiracion-7-fotos-de-boda-originales\/"},"author":{"name":"Evento Love","@id":"https:\/\/www.evento.love\/blog\/#\/schema\/person\/a184c2ed424b7fb3006372ce8051542c"},"headline":"Inspiraci\u00f3n: 7 fotos de boda originales","datePublished":"2020-04-06T07:00:20+00:00","dateModified":"2020-06-23T16:58:29+00:00","mainEntityOfPage":{"@id":"https:\/\/www.evento.love\/blog\/inspiracion-7-fotos-de-boda-originales\/"},"wordCount":377,"commentCount":0,"publisher":{"@id":"https:\/\/www.evento.love\/blog\/#organization"},"keywords":["fotograf\u00eda de boda","fotograf\u00edas de boda","fotograf\u00edas originales","fotos de boda","tendencias de boda","wedding planner","wedding planner en Madrid"],"articleSection":["Bodas"],"inLanguage":"es","potentialAction":[{"@type":"CommentAction","name":"Comment","target":["https:\/\/www.evento.love\/blog\/inspiracion-7-fotos-de-boda-originales\/#respond"]}]},{"@type":"WebPage","@id":"https:\/\/www.evento.love\/blog\/inspiracion-7-fotos-de-boda-originales\/","url":"https:\/\/www.evento.love\/blog\/inspiracion-7-fotos-de-boda-originales\/","name":"Inspiraci\u00f3n: 7 fotos de boda originales - El Blog de evento.love","isPartOf":{"@id":"https:\/\/www.evento.love\/blog\/#website"},"datePublished":"2020-04-06T07:00:20+00:00","dateModified":"2020-06-23T16:58:29+00:00","description":"Descubre estas originales y rom\u00e1nticas fotos de boda para guardar como recuerdo del d\u00eda m\u00e1s maravilloso de vuestras vidas.","breadcrumb":{"@id":"https:\/\/www.evento.love\/blog\/inspiracion-7-fotos-de-boda-originales\/#breadcrumb"},"inLanguage":"es","potentialAction":[{"@type":"ReadAction","target":["https:\/\/www.evento.love\/blog\/inspiracion-7-fotos-de-boda-originales\/"]}]},{"@type":"BreadcrumbList","@id":"https:\/\/www.evento.love\/blog\/inspiracion-7-fotos-de-boda-originales\/#breadcrumb","itemListElement":[{"@type":"ListItem","position":1,"name":"Evento.love","item":"https:\/\/www.evento.love\/blog\/"},{"@type":"ListItem","position":2,"name":"Bodas","item":"https:\/\/www.evento.love\/blog\/category\/bodas\/"},{"@type":"ListItem","position":3,"name":"Inspiraci\u00f3n: 7 fotos de boda originales"}]},{"@type":"WebSite","@id":"https:\/\/www.evento.love\/blog\/#website","url":"https:\/\/www.evento.love\/blog\/","name":"El Blog de evento.love","description":"T\u00fa lo mereces. Disfruta de tu momento","publisher":{"@id":"https:\/\/www.evento.love\/blog\/#organization"},"potentialAction":[{"@type":"SearchAction","target":{"@type":"EntryPoint","urlTemplate":"https:\/\/www.evento.love\/blog\/?s={search_term_string}"},"query-input":"required name=search_term_string"}],"inLanguage":"es"},{"@type":"Organization","@id":"https:\/\/www.evento.love\/blog\/#organization","name":"evento.love","url":"https:\/\/www.evento.love\/blog\/","logo":{"@type":"ImageObject","inLanguage":"es","@id":"https:\/\/www.evento.love\/blog\/#\/schema\/logo\/image\/","url":"https:\/\/www.evento.love\/blog\/wp-content\/uploads\/2016\/07\/logo-evento-love.png","contentUrl":"https:\/\/www.evento.love\/blog\/wp-content\/uploads\/2016\/07\/logo-evento-love.png","width":197,"height":59,"caption":"evento.love"},"image":{"@id":"https:\/\/www.evento.love\/blog\/#\/schema\/logo\/image\/"},"sameAs":["https:\/\/www.facebook.com\/Evento.love\/","https:\/\/twitter.com\/Evento_love","https:\/\/www.instagram.com\/evento.love\/","https:\/\/es.pinterest.com\/evento_love\/","https:\/\/www.youtube.com\/channel\/UCcVbo6ymzx-7FlDJja8aQnw"]},{"@type":"Person","@id":"https:\/\/www.evento.love\/blog\/#\/schema\/person\/a184c2ed424b7fb3006372ce8051542c","name":"Evento Love"}]}},"_links":{"self":[{"href":"https:\/\/www.evento.love\/blog\/wp-json\/wp\/v2\/posts\/6149"}],"collection":[{"href":"https:\/\/www.evento.love\/blog\/wp-json\/wp\/v2\/posts"}],"about":[{"href":"https:\/\/www.evento.love\/blog\/wp-json\/wp\/v2\/types\/post"}],"author":[{"embeddable":true,"href":"https:\/\/www.evento.love\/blog\/wp-json\/wp\/v2\/users\/1"}],"replies":[{"embeddable":true,"href":"https:\/\/www.evento.love\/blog\/wp-json\/wp\/v2\/comments?post=6149"}],"version-history":[{"count":13,"href":"https:\/\/www.evento.love\/blog\/wp-json\/wp\/v2\/posts\/6149\/revisions"}],"predecessor-version":[{"id":6175,"href":"https:\/\/www.evento.love\/blog\/wp-json\/wp\/v2\/posts\/6149\/revisions\/6175"}],"wp:featuredmedia":[{"embeddable":true,"href":"https:\/\/www.evento.love\/blog\/wp-json\/wp\/v2\/media\/6156"}],"wp:attachment":[{"href":"https:\/\/www.evento.love\/blog\/wp-json\/wp\/v2\/media?parent=6149"}],"wp:term":[{"taxonomy":"category","embeddable":true,"href":"https:\/\/www.evento.love\/blog\/wp-json\/wp\/v2\/categories?post=6149"},{"taxonomy":"post_tag","embeddable":true,"href":"https:\/\/www.evento.love\/blog\/wp-json\/wp\/v2\/tags?post=6149"}],"curies":[{"name":"wp","href":"https:\/\/api.w.org\/{rel}","templated":true}]}}