{"id":6210,"date":"2020-04-16T09:00:53","date_gmt":"2020-04-16T07:00:53","guid":{"rendered":"https:\/\/www.evento.love\/blog\/?p=6210"},"modified":"2020-06-23T18:57:10","modified_gmt":"2020-06-23T16:57:10","slug":"3-razones-para-celebrar-por-todo-lo-alto-el-primer-cumpleanos-de-tu-peque","status":"publish","type":"post","link":"https:\/\/www.evento.love\/blog\/3-razones-para-celebrar-por-todo-lo-alto-el-primer-cumpleanos-de-tu-peque\/","title":{"rendered":"3 razones para celebrar por todo lo alto el primer cumplea\u00f1os de tu peque"},"content":{"rendered":"<p>En Evento.love nos dedicamos a nuestra gran pasi\u00f3n, celebrar eventos \u00fanicos y personalizados, 100% al gusto de los clientes que conf\u00edan en nosotros para su gran d\u00eda. Aunque organizamos todo tipo de bodas y eventos, hoy queremos hablar de una de las celebraciones m\u00e1s especiales: el primer cumplea\u00f1os.<!--more--><\/p>\n<p>\u00bfCu\u00e1ntas veces has imaginado el d\u00eda en el que tu peque cumpla su primer a\u00f1ito? Parece mentira que haya pasado un a\u00f1o, el m\u00e1s intenso y bonito de vuestras vidas. Se trata de un d\u00eda absolutamente m\u00e1gico tanto para el beb\u00e9 como para la familia, y es por eso por lo que desde Evento.love creemos que es un d\u00eda para celebrar por todo lo alto. Y con &#8220;por todo lo alto&#8221; no nos referimos a gastar enormes cantidades de dinero, sino a esos peque\u00f1os grandes detalles que nos llenan de felicidad: una reuni\u00f3n entre amigos, una <a href=\"https:\/\/www.evento.love\/blog\/5-tartas-originales-para-celebrar-tu-fiesta\/?utm_source=web&amp;utm_medium=post&amp;utm_campaign=razones-primer-cumpleanos\" target=\"_blank\" rel=\"noopener noreferrer\">tarta<\/a> y una bonita decoraci\u00f3n. Aunque ahora debido a la cuarentena no es posible realizar la fiesta que so\u00f1abas, si tu peque cumple a\u00f1os ahora no te preocupes, pod\u00e9is organizar algo en casa, conectar con vuestra gente por videollamadas y, cuando todo esto pase, \u00a1organizar una fiesta!<\/p>\n<p>A continuaci\u00f3n, os damos tres poderosas razones para celebrar el primer cumplea\u00f1os de tu peque:<\/p>\n<h2>1. Un d\u00eda para celebrar con familiares y amigos<\/h2>\n<p>A lo largo de este intenso a\u00f1o e, incluso, durante el embarazo, vuestros familiares y amigos han vivido con vosotros la ilusi\u00f3n de la llegada de un nuevo miembro, y ser\u00e1 igual de emocionante o m\u00e1s poder celebrar todos juntos este primer a\u00f1o. Porque la felicidad compartida es doble, \u00a1ser\u00e1 precioso poder disfrutar de este momento con todos vuestros seres queridos! Pensad en la de an\u00e9cdotas que podr\u00e9is rememorar cuando el nene o nena haya crecido&#8230;son recuerdos que se transforman en aut\u00e9nticos tesoros.<\/p>\n<p><img decoding=\"async\" loading=\"lazy\" class=\"aligncenter size-full wp-image-5209\" src=\"https:\/\/www.evento.love\/blog\/wp-content\/uploads\/2019\/08\/tarta-personalizada-cumpleanos-unicornios-1.jpg\" alt=\"tarta de unicornios\" width=\"850\" height=\"553\" srcset=\"https:\/\/www.evento.love\/blog\/wp-content\/uploads\/2019\/08\/tarta-personalizada-cumpleanos-unicornios-1.jpg 850w, https:\/\/www.evento.love\/blog\/wp-content\/uploads\/2019\/08\/tarta-personalizada-cumpleanos-unicornios-1-300x195.jpg 300w, https:\/\/www.evento.love\/blog\/wp-content\/uploads\/2019\/08\/tarta-personalizada-cumpleanos-unicornios-1-768x500.jpg 768w, https:\/\/www.evento.love\/blog\/wp-content\/uploads\/2019\/08\/tarta-personalizada-cumpleanos-unicornios-1-415x270.jpg 415w\" sizes=\"(max-width: 850px) 100vw, 850px\" \/><\/p>\n<h2>2. &#8220;Las primeras veces&#8221;<\/h2>\n<p>Ser\u00e1 un d\u00eda de muchas &#8220;primeras veces&#8221;. La primera vez que sople la vela de la tarta y la primera vez que le canten el cumplea\u00f1os feliz. Ya solo por eso, este d\u00eda se merece una gran celebraci\u00f3n.<\/p>\n<h2>3. Ser\u00e1 un recuerdo inolvidable<\/h2>\n<p>Aunque el beb\u00e9 no recuerde su fiesta como los mayores, s\u00ed podr\u00e1 hacerlo con las innumerables fotograf\u00edas que saqu\u00e9is durante la fiesta. Aprovechad para tomarlas con un fondo bonito, como puede ser el photocall o la mesa dulce, y ser\u00e1n un recuerdo precioso para toda la vida.<\/p>\n<p>&#8211;<\/p>\n<p>Si quieres que te ayudemos a celebrar un primer cumplea\u00f1os inolvidable, escr\u00edbenos a <a href=\"mailto:hola@evento.love\" target=\"_blank\" rel=\"noopener noreferrer\">hola@evento.love<\/a>\u00a0o ll\u00e1manos al 650 669 436.\u00a0\u00a1Nos vemos tambi\u00e9n en <a href=\"https:\/\/www.instagram.com\/evento.love\/\" target=\"_blank\" rel=\"noopener noreferrer\">nuestras redes sociales<\/a> con mucha m\u00e1s inspiraci\u00f3n y decoraci\u00f3n!<\/p>\n    <div class=\"related-post grid\">\r\n                <div class=\"headline\">M\u00e1s art\u00edculos a tener en cuenta<\/div>\r\n        <div class=\"post-list \">\r\n\r\n                        <div class=\"item\">\r\n                        <div class=\"thumb post_thumb\">\r\n        <a  title=\"Baby Shower, mucho m\u00e1s que un evento social\" href=\"https:\/\/www.evento.love\/blog\/baby-shower-evento-social-madrid\/\">\r\n\r\n            <img width=\"150\" height=\"150\" src=\"https:\/\/www.evento.love\/blog\/wp-content\/uploads\/2016\/07\/babyshower-150x150.jpg\" class=\"attachment-thumbnail size-thumbnail wp-post-image\" alt=\"baby shower-fiesta-beb\u00e9-embarazo-embarazada\" decoding=\"async\" loading=\"lazy\" \/>\r\n\r\n        <\/a>\r\n    <\/div>\r\n\r\n    <a class=\"title post_title\"  title=\"Baby Shower, mucho m\u00e1s que un evento social\" href=\"https:\/\/www.evento.love\/blog\/baby-shower-evento-social-madrid\/\">\r\n                Baby Shower, mucho m\u00e1s que un evento social    <\/a>\r\n\r\n                <\/div>\r\n                            <div class=\"item\">\r\n                        <div class=\"thumb post_thumb\">\r\n        <a  title=\"12 consejos para un Baby Shower perfecto\" href=\"https:\/\/www.evento.love\/blog\/12-consejos-baby-shower-perfecto-madrid\/\">\r\n\r\n            <img width=\"150\" height=\"150\" src=\"https:\/\/www.evento.love\/blog\/wp-content\/uploads\/2016\/09\/16_05_20_12_consejos-para-que-tu-Baby-Shower-sea-perfecto-150x150.jpg\" class=\"attachment-thumbnail size-thumbnail wp-post-image\" alt=\"Baby Shower-perfecto-beb\u00e9-embarazado-embarazada-fiesta-babyshower\" decoding=\"async\" loading=\"lazy\" \/>\r\n\r\n        <\/a>\r\n    <\/div>\r\n\r\n    <a class=\"title post_title\"  title=\"12 consejos para un Baby Shower perfecto\" href=\"https:\/\/www.evento.love\/blog\/12-consejos-baby-shower-perfecto-madrid\/\">\r\n                12 consejos para un Baby Shower perfecto    <\/a>\r\n\r\n                <\/div>\r\n                            <div class=\"item\">\r\n                        <div class=\"thumb post_thumb\">\r\n        <a  title=\"Cu\u00e1ndo hacer el Baby Shower\" href=\"https:\/\/www.evento.love\/blog\/cuando-hacer-el-baby-shower-madrid\/\">\r\n\r\n            <img width=\"150\" height=\"150\" src=\"https:\/\/www.evento.love\/blog\/wp-content\/uploads\/2016\/09\/16_05_23_Cuando-hacer-el-Baby-Shower-150x150.jpg\" class=\"attachment-thumbnail size-thumbnail wp-post-image\" alt=\"Cu\u00e1ndo hacer el baby shower beb\u00e9 embarazo fiesta en Madrid\" decoding=\"async\" loading=\"lazy\" \/>\r\n\r\n        <\/a>\r\n    <\/div>\r\n\r\n    <a class=\"title post_title\"  title=\"Cu\u00e1ndo hacer el Baby Shower\" href=\"https:\/\/www.evento.love\/blog\/cuando-hacer-el-baby-shower-madrid\/\">\r\n                Cu\u00e1ndo hacer el Baby Shower    <\/a>\r\n\r\n                <\/div>\r\n                            <div class=\"item\">\r\n                        <div class=\"thumb post_thumb\">\r\n        <a  title=\"\u00bfQui\u00e9n debe organizar el Baby Shower?\" href=\"https:\/\/www.evento.love\/blog\/quien-organizar-baby-shower-madrid\/\">\r\n\r\n            <img width=\"150\" height=\"150\" src=\"https:\/\/www.evento.love\/blog\/wp-content\/uploads\/2016\/09\/16_05_29_Qui\u00e9n-organiza-el-Baby-Shower-150x150.jpg\" class=\"attachment-thumbnail size-thumbnail wp-post-image\" alt=\"Organizaci\u00f3n Baby Shower Madrid fiesta beb\u00e9 embarazada\" decoding=\"async\" loading=\"lazy\" \/>\r\n\r\n        <\/a>\r\n    <\/div>\r\n\r\n    <a class=\"title post_title\"  title=\"\u00bfQui\u00e9n debe organizar el Baby Shower?\" href=\"https:\/\/www.evento.love\/blog\/quien-organizar-baby-shower-madrid\/\">\r\n                \u00bfQui\u00e9n debe organizar el Baby Shower?    <\/a>\r\n\r\n                <\/div>\r\n            \r\n    <\/div>\r\n\r\n    <script>\r\n            <\/script>\r\n    <style>\r\n        .related-post {}\r\n\r\n        .related-post .post-list {\r\n            text-align: left;\r\n                    }\r\n\r\n        .related-post .post-list .item {\r\n            margin: 5px 10px;\r\n            padding: 0px;\r\n                    }\r\n\r\n        .related-post .headline {\r\n            font-size: 24px !important;\r\n            color: #000000 !important;\r\n                    }\r\n\r\n        .related-post .headline{\r\nfont-weight:400 !important;\r\ntext-transform: uppercase;\r\n}.related-post .post-list .item .post_thumb {\r\n            max-height: 180px;\r\n            margin: 10px 0px;\r\n            padding: 0px;\r\n            display: block;\r\n                    }\r\n\r\n        .related-post .post-list .item .post_title {\r\n            font-size: 12px;\r\n            color: #607d8b;\r\n            margin: 10px 0px;\r\n            padding: 0px;\r\n            display: block;\r\n            text-decoration: none;\r\n                    }\r\n\r\n        .related-post .post-list .item .post_excerpt {\r\n            font-size: 13px;\r\n            color: #3f3f3f;\r\n            margin: 10px 0px;\r\n            padding: 0px;\r\n            display: block;\r\n            text-decoration: none;\r\n                    }\r\n\r\n        @media only screen and (min-width: 1024px) {\r\n            .related-post .post-list .item {\r\n                width: 22%;\r\n            }\r\n        }\r\n\r\n        @media only screen and (min-width: 768px) and (max-width: 1023px) {\r\n            .related-post .post-list .item {\r\n                width: 90%;\r\n            }\r\n        }\r\n\r\n        @media only screen and (min-width: 0px) and (max-width: 767px) {\r\n            .related-post .post-list .item {\r\n                width: 30%;\r\n            }\r\n        }\r\n\r\n            <\/style>\r\n        <\/div>\r\n<!-- AddThis Advanced Settings generic via filter on the_content --><!-- AddThis Share Buttons generic via filter on the_content -->","protected":false},"excerpt":{"rendered":"<p>En Evento.love nos dedicamos a nuestra gran pasi\u00f3n, celebrar eventos \u00fanicos y personalizados, 100% al gusto de los clientes que conf\u00edan en nosotros para su gran d\u00eda. Aunque organizamos todo tipo de bodas y eventos, hoy queremos hablar de una de las celebraciones m\u00e1s especiales: el primer cumplea\u00f1os. M\u00e1s art\u00edculos a tener en cuenta Baby Shower, mucho m\u00e1s que un evento social 12 consejos para un Baby Shower perfecto Cu\u00e1ndo hacer el Baby Shower \u00bfQui\u00e9n debe organizar el Baby Shower?<!-- AddThis Advanced Settings generic via filter on get_the_excerpt --><!-- AddThis Share Buttons generic via filter on get_the_excerpt --><\/p>\n    <div class=\"related-post grid\">\r\n                <div class=\"headline\">M\u00e1s art\u00edculos a tener en cuenta<\/div>\r\n        <div class=\"post-list \">\r\n\r\n                        <div class=\"item\">\r\n                        <div class=\"thumb post_thumb\">\r\n        <a  title=\"Baby Shower, mucho m\u00e1s que un evento social\" href=\"https:\/\/www.evento.love\/blog\/baby-shower-evento-social-madrid\/\">\r\n\r\n            <img width=\"150\" height=\"150\" src=\"https:\/\/www.evento.love\/blog\/wp-content\/uploads\/2016\/07\/babyshower-150x150.jpg\" class=\"attachment-thumbnail size-thumbnail wp-post-image\" alt=\"baby shower-fiesta-beb\u00e9-embarazo-embarazada\" decoding=\"async\" loading=\"lazy\" \/>\r\n\r\n        <\/a>\r\n    <\/div>\r\n\r\n    <a class=\"title post_title\"  title=\"Baby Shower, mucho m\u00e1s que un evento social\" href=\"https:\/\/www.evento.love\/blog\/baby-shower-evento-social-madrid\/\">\r\n                Baby Shower, mucho m\u00e1s que un evento social    <\/a>\r\n\r\n                <\/div>\r\n                            <div class=\"item\">\r\n                        <div class=\"thumb post_thumb\">\r\n        <a  title=\"12 consejos para un Baby Shower perfecto\" href=\"https:\/\/www.evento.love\/blog\/12-consejos-baby-shower-perfecto-madrid\/\">\r\n\r\n            <img width=\"150\" height=\"150\" src=\"https:\/\/www.evento.love\/blog\/wp-content\/uploads\/2016\/09\/16_05_20_12_consejos-para-que-tu-Baby-Shower-sea-perfecto-150x150.jpg\" class=\"attachment-thumbnail size-thumbnail wp-post-image\" alt=\"Baby Shower-perfecto-beb\u00e9-embarazado-embarazada-fiesta-babyshower\" decoding=\"async\" loading=\"lazy\" \/>\r\n\r\n        <\/a>\r\n    <\/div>\r\n\r\n    <a class=\"title post_title\"  title=\"12 consejos para un Baby Shower perfecto\" href=\"https:\/\/www.evento.love\/blog\/12-consejos-baby-shower-perfecto-madrid\/\">\r\n                12 consejos para un Baby Shower perfecto    <\/a>\r\n\r\n                <\/div>\r\n                            <div class=\"item\">\r\n                        <div class=\"thumb post_thumb\">\r\n        <a  title=\"Cu\u00e1ndo hacer el Baby Shower\" href=\"https:\/\/www.evento.love\/blog\/cuando-hacer-el-baby-shower-madrid\/\">\r\n\r\n            <img width=\"150\" height=\"150\" src=\"https:\/\/www.evento.love\/blog\/wp-content\/uploads\/2016\/09\/16_05_23_Cuando-hacer-el-Baby-Shower-150x150.jpg\" class=\"attachment-thumbnail size-thumbnail wp-post-image\" alt=\"Cu\u00e1ndo hacer el baby shower beb\u00e9 embarazo fiesta en Madrid\" decoding=\"async\" loading=\"lazy\" \/>\r\n\r\n        <\/a>\r\n    <\/div>\r\n\r\n    <a class=\"title post_title\"  title=\"Cu\u00e1ndo hacer el Baby Shower\" href=\"https:\/\/www.evento.love\/blog\/cuando-hacer-el-baby-shower-madrid\/\">\r\n                Cu\u00e1ndo hacer el Baby Shower    <\/a>\r\n\r\n                <\/div>\r\n                            <div class=\"item\">\r\n                        <div class=\"thumb post_thumb\">\r\n        <a  title=\"Baby Shower: Elaborando la lista de invitados\" href=\"https:\/\/www.evento.love\/blog\/baby-shower-lista-invitados-madrid\/\">\r\n\r\n            <img width=\"150\" height=\"150\" src=\"https:\/\/www.evento.love\/blog\/wp-content\/uploads\/2016\/09\/16_05_30_Baby-Shower-elaborando-la-lista-de-invitados-150x150.jpg\" class=\"attachment-thumbnail size-thumbnail wp-post-image\" alt=\"\" decoding=\"async\" loading=\"lazy\" \/>\r\n\r\n        <\/a>\r\n    <\/div>\r\n\r\n    <a class=\"title post_title\"  title=\"Baby Shower: Elaborando la lista de invitados\" href=\"https:\/\/www.evento.love\/blog\/baby-shower-lista-invitados-madrid\/\">\r\n                Baby Shower: Elaborando la lista de invitados    <\/a>\r\n\r\n                <\/div>\r\n            \r\n    <\/div>\r\n\r\n    <script>\r\n            <\/script>\r\n    <style>\r\n        .related-post {}\r\n\r\n        .related-post .post-list {\r\n            text-align: left;\r\n                    }\r\n\r\n        .related-post .post-list .item {\r\n            margin: 5px 10px;\r\n            padding: 0px;\r\n                    }\r\n\r\n        .related-post .headline {\r\n            font-size: 24px !important;\r\n            color: #000000 !important;\r\n                    }\r\n\r\n        .related-post .headline{\r\nfont-weight:400 !important;\r\ntext-transform: uppercase;\r\n}.related-post .post-list .item .post_thumb {\r\n            max-height: 180px;\r\n            margin: 10px 0px;\r\n            padding: 0px;\r\n            display: block;\r\n                    }\r\n\r\n        .related-post .post-list .item .post_title {\r\n            font-size: 12px;\r\n            color: #607d8b;\r\n            margin: 10px 0px;\r\n            padding: 0px;\r\n            display: block;\r\n            text-decoration: none;\r\n                    }\r\n\r\n        .related-post .post-list .item .post_excerpt {\r\n            font-size: 13px;\r\n            color: #3f3f3f;\r\n            margin: 10px 0px;\r\n            padding: 0px;\r\n            display: block;\r\n            text-decoration: none;\r\n                    }\r\n\r\n        @media only screen and (min-width: 1024px) {\r\n            .related-post .post-list .item {\r\n                width: 22%;\r\n            }\r\n        }\r\n\r\n        @media only screen and (min-width: 768px) and (max-width: 1023px) {\r\n            .related-post .post-list .item {\r\n                width: 90%;\r\n            }\r\n        }\r\n\r\n        @media only screen and (min-width: 0px) and (max-width: 767px) {\r\n            .related-post .post-list .item {\r\n                width: 30%;\r\n            }\r\n        }\r\n\r\n            <\/style>\r\n        <\/div>\r\n","protected":false},"author":1,"featured_media":6212,"comment_status":"open","ping_status":"open","sticky":false,"template":"","format":"standard","meta":{"content-type":""},"categories":[57],"tags":[188,1375,171,309,142,156],"yoast_head":"<!-- This site is optimized with the Yoast SEO plugin v20.7 - https:\/\/yoast.com\/wordpress\/plugins\/seo\/ -->\n<title>3 razones para celebrar el primer cumplea\u00f1os de tu peque - Evento.love<\/title>\n<meta name=\"description\" content=\"Te ayudamos a dise\u00f1ar, organizar y decorar el primer cumplea\u00f1os de tu hij@ de forma 100% personalizada con la tem\u00e1tica que t\u00fa elijas.\" \/>\n<meta name=\"robots\" content=\"index, follow, max-snippet:-1, max-image-preview:large, max-video-preview:-1\" \/>\n<meta property=\"og:locale\" content=\"es_ES\" \/>\n<meta property=\"og:type\" content=\"article\" \/>\n<meta property=\"og:title\" content=\"3 razones para celebrar el primer cumplea\u00f1os de tu peque - Evento.love\" \/>\n<meta property=\"og:description\" content=\"Te ayudamos a dise\u00f1ar, organizar y decorar el primer cumplea\u00f1os de tu hij@ de forma 100% personalizada con la tem\u00e1tica que t\u00fa elijas.\" \/>\n<meta property=\"og:url\" content=\"https:\/\/www.evento.love\/blog\/3-razones-para-celebrar-por-todo-lo-alto-el-primer-cumpleanos-de-tu-peque\/\" \/>\n<meta property=\"og:site_name\" content=\"El Blog de evento.love\" \/>\n<meta property=\"article:publisher\" content=\"https:\/\/www.facebook.com\/Evento.love\/\" \/>\n<meta property=\"article:published_time\" content=\"2020-04-16T07:00:53+00:00\" \/>\n<meta property=\"article:modified_time\" content=\"2020-06-23T16:57:10+00:00\" \/>\n<meta property=\"og:image\" content=\"https:\/\/www.evento.love\/blog\/wp-content\/uploads\/2020\/04\/primer-cumplea\u00f1os.jpg\" \/>\n\t<meta property=\"og:image:width\" content=\"799\" \/>\n\t<meta property=\"og:image:height\" content=\"383\" \/>\n\t<meta property=\"og:image:type\" content=\"image\/jpeg\" \/>\n<meta name=\"author\" content=\"Evento Love\" \/>\n<meta name=\"twitter:card\" content=\"summary_large_image\" \/>\n<meta name=\"twitter:creator\" content=\"@Evento_love\" \/>\n<meta name=\"twitter:site\" content=\"@Evento_love\" \/>\n<meta name=\"twitter:label1\" content=\"Escrito por\" \/>\n\t<meta name=\"twitter:data1\" content=\"Evento Love\" \/>\n\t<meta name=\"twitter:label2\" content=\"Tiempo de lectura\" \/>\n\t<meta name=\"twitter:data2\" content=\"2 minutos\" \/>\n<!-- \/ Yoast SEO plugin. -->","yoast_head_json":{"title":"3 razones para celebrar el primer cumplea\u00f1os de tu peque - Evento.love","description":"Te ayudamos a dise\u00f1ar, organizar y decorar el primer cumplea\u00f1os de tu hij@ de forma 100% personalizada con la tem\u00e1tica que t\u00fa elijas.","robots":{"index":"index","follow":"follow","max-snippet":"max-snippet:-1","max-image-preview":"max-image-preview:large","max-video-preview":"max-video-preview:-1"},"og_locale":"es_ES","og_type":"article","og_title":"3 razones para celebrar el primer cumplea\u00f1os de tu peque - Evento.love","og_description":"Te ayudamos a dise\u00f1ar, organizar y decorar el primer cumplea\u00f1os de tu hij@ de forma 100% personalizada con la tem\u00e1tica que t\u00fa elijas.","og_url":"https:\/\/www.evento.love\/blog\/3-razones-para-celebrar-por-todo-lo-alto-el-primer-cumpleanos-de-tu-peque\/","og_site_name":"El Blog de evento.love","article_publisher":"https:\/\/www.facebook.com\/Evento.love\/","article_published_time":"2020-04-16T07:00:53+00:00","article_modified_time":"2020-06-23T16:57:10+00:00","og_image":[{"width":799,"height":383,"url":"https:\/\/www.evento.love\/blog\/wp-content\/uploads\/2020\/04\/primer-cumplea\u00f1os.jpg","type":"image\/jpeg"}],"author":"Evento Love","twitter_card":"summary_large_image","twitter_creator":"@Evento_love","twitter_site":"@Evento_love","twitter_misc":{"Escrito por":"Evento Love","Tiempo de lectura":"2 minutos"},"schema":{"@context":"https:\/\/schema.org","@graph":[{"@type":"Article","@id":"https:\/\/www.evento.love\/blog\/3-razones-para-celebrar-por-todo-lo-alto-el-primer-cumpleanos-de-tu-peque\/#article","isPartOf":{"@id":"https:\/\/www.evento.love\/blog\/3-razones-para-celebrar-por-todo-lo-alto-el-primer-cumpleanos-de-tu-peque\/"},"author":{"name":"Evento Love","@id":"https:\/\/www.evento.love\/blog\/#\/schema\/person\/a184c2ed424b7fb3006372ce8051542c"},"headline":"3 razones para celebrar por todo lo alto el primer cumplea\u00f1os de tu peque","datePublished":"2020-04-16T07:00:53+00:00","dateModified":"2020-06-23T16:57:10+00:00","mainEntityOfPage":{"@id":"https:\/\/www.evento.love\/blog\/3-razones-para-celebrar-por-todo-lo-alto-el-primer-cumpleanos-de-tu-peque\/"},"wordCount":481,"commentCount":0,"publisher":{"@id":"https:\/\/www.evento.love\/blog\/#organization"},"keywords":["cumplea\u00f1os infantil","cumplea\u00f1os personalizado","cumplea\u00f1os tematico","fiesta de cumplea\u00f1os","primer cumplea\u00f1os","tarta de cumplea\u00f1os"],"articleSection":["Cumplea\u00f1os"],"inLanguage":"es","potentialAction":[{"@type":"CommentAction","name":"Comment","target":["https:\/\/www.evento.love\/blog\/3-razones-para-celebrar-por-todo-lo-alto-el-primer-cumpleanos-de-tu-peque\/#respond"]}]},{"@type":"WebPage","@id":"https:\/\/www.evento.love\/blog\/3-razones-para-celebrar-por-todo-lo-alto-el-primer-cumpleanos-de-tu-peque\/","url":"https:\/\/www.evento.love\/blog\/3-razones-para-celebrar-por-todo-lo-alto-el-primer-cumpleanos-de-tu-peque\/","name":"3 razones para celebrar el primer cumplea\u00f1os de tu peque - Evento.love","isPartOf":{"@id":"https:\/\/www.evento.love\/blog\/#website"},"datePublished":"2020-04-16T07:00:53+00:00","dateModified":"2020-06-23T16:57:10+00:00","description":"Te ayudamos a dise\u00f1ar, organizar y decorar el primer cumplea\u00f1os de tu hij@ de forma 100% personalizada con la tem\u00e1tica que t\u00fa elijas.","breadcrumb":{"@id":"https:\/\/www.evento.love\/blog\/3-razones-para-celebrar-por-todo-lo-alto-el-primer-cumpleanos-de-tu-peque\/#breadcrumb"},"inLanguage":"es","potentialAction":[{"@type":"ReadAction","target":["https:\/\/www.evento.love\/blog\/3-razones-para-celebrar-por-todo-lo-alto-el-primer-cumpleanos-de-tu-peque\/"]}]},{"@type":"BreadcrumbList","@id":"https:\/\/www.evento.love\/blog\/3-razones-para-celebrar-por-todo-lo-alto-el-primer-cumpleanos-de-tu-peque\/#breadcrumb","itemListElement":[{"@type":"ListItem","position":1,"name":"Evento.love","item":"https:\/\/www.evento.love\/blog\/"},{"@type":"ListItem","position":2,"name":"Cumplea\u00f1os","item":"https:\/\/www.evento.love\/blog\/category\/cumpleanos\/"},{"@type":"ListItem","position":3,"name":"3 razones para celebrar por todo lo alto el primer cumplea\u00f1os de tu peque"}]},{"@type":"WebSite","@id":"https:\/\/www.evento.love\/blog\/#website","url":"https:\/\/www.evento.love\/blog\/","name":"El Blog de evento.love","description":"T\u00fa lo mereces. Disfruta de tu momento","publisher":{"@id":"https:\/\/www.evento.love\/blog\/#organization"},"potentialAction":[{"@type":"SearchAction","target":{"@type":"EntryPoint","urlTemplate":"https:\/\/www.evento.love\/blog\/?s={search_term_string}"},"query-input":"required name=search_term_string"}],"inLanguage":"es"},{"@type":"Organization","@id":"https:\/\/www.evento.love\/blog\/#organization","name":"evento.love","url":"https:\/\/www.evento.love\/blog\/","logo":{"@type":"ImageObject","inLanguage":"es","@id":"https:\/\/www.evento.love\/blog\/#\/schema\/logo\/image\/","url":"https:\/\/www.evento.love\/blog\/wp-content\/uploads\/2016\/07\/logo-evento-love.png","contentUrl":"https:\/\/www.evento.love\/blog\/wp-content\/uploads\/2016\/07\/logo-evento-love.png","width":197,"height":59,"caption":"evento.love"},"image":{"@id":"https:\/\/www.evento.love\/blog\/#\/schema\/logo\/image\/"},"sameAs":["https:\/\/www.facebook.com\/Evento.love\/","https:\/\/twitter.com\/Evento_love","https:\/\/www.instagram.com\/evento.love\/","https:\/\/es.pinterest.com\/evento_love\/","https:\/\/www.youtube.com\/channel\/UCcVbo6ymzx-7FlDJja8aQnw"]},{"@type":"Person","@id":"https:\/\/www.evento.love\/blog\/#\/schema\/person\/a184c2ed424b7fb3006372ce8051542c","name":"Evento Love"}]}},"_links":{"self":[{"href":"https:\/\/www.evento.love\/blog\/wp-json\/wp\/v2\/posts\/6210"}],"collection":[{"href":"https:\/\/www.evento.love\/blog\/wp-json\/wp\/v2\/posts"}],"about":[{"href":"https:\/\/www.evento.love\/blog\/wp-json\/wp\/v2\/types\/post"}],"author":[{"embeddable":true,"href":"https:\/\/www.evento.love\/blog\/wp-json\/wp\/v2\/users\/1"}],"replies":[{"embeddable":true,"href":"https:\/\/www.evento.love\/blog\/wp-json\/wp\/v2\/comments?post=6210"}],"version-history":[{"count":4,"href":"https:\/\/www.evento.love\/blog\/wp-json\/wp\/v2\/posts\/6210\/revisions"}],"predecessor-version":[{"id":6216,"href":"https:\/\/www.evento.love\/blog\/wp-json\/wp\/v2\/posts\/6210\/revisions\/6216"}],"wp:featuredmedia":[{"embeddable":true,"href":"https:\/\/www.evento.love\/blog\/wp-json\/wp\/v2\/media\/6212"}],"wp:attachment":[{"href":"https:\/\/www.evento.love\/blog\/wp-json\/wp\/v2\/media?parent=6210"}],"wp:term":[{"taxonomy":"category","embeddable":true,"href":"https:\/\/www.evento.love\/blog\/wp-json\/wp\/v2\/categories?post=6210"},{"taxonomy":"post_tag","embeddable":true,"href":"https:\/\/www.evento.love\/blog\/wp-json\/wp\/v2\/tags?post=6210"}],"curies":[{"name":"wp","href":"https:\/\/api.w.org\/{rel}","templated":true}]}}