{"id":6496,"date":"2020-07-09T11:53:50","date_gmt":"2020-07-09T09:53:50","guid":{"rendered":"https:\/\/www.evento.love\/blog\/?p=6496"},"modified":"2020-09-04T10:01:18","modified_gmt":"2020-09-04T08:01:18","slug":"una-mesa-dulce-tematica-con-el-conejito-bing-para-un-cumpleanos-magico","status":"publish","type":"post","link":"https:\/\/www.evento.love\/blog\/una-mesa-dulce-tematica-con-el-conejito-bing-para-un-cumpleanos-magico\/","title":{"rendered":"Una mesa dulce tem\u00e1tica con el conejito Bing para el cumplea\u00f1os de Ignacio"},"content":{"rendered":"<p>Preparar una <strong>mesa dulce tem\u00e1tica para un ni\u00f1o de 2 a\u00f1os<\/strong> es realmente satisfactorio. Tan solo hay que conocer los gustos del ni\u00f1o para lograr un rinc\u00f3n dulce realmente inolvidable y un cumplea\u00f1os m\u00e1gico, tanto para el cumplea\u00f1ero como para sus seres queridos.<\/p>\n<p><!--more--><\/p>\n<p>A principios de junio Sandra se puso en contacto con nosotros. Estaba feliz, porque su peque\u00f1o Ignacio cumpl\u00eda 2 a\u00f1os. <strong>Una fecha tan especial hab\u00eda que celebrarla como la ocasi\u00f3n merec\u00eda.<\/strong><\/p>\n<h2><strong>Preparar una mesa dulce tem\u00e1tica<\/strong><\/h2>\n<p>Sandra nos pidi\u00f3 que decor\u00e1ramos su <strong>mesa dulce tem\u00e1tica basada en el conejito Bing<\/strong>, un precioso y colorista conejito capaz de encandilar a los m\u00e1s peque\u00f1os de la casa. Desde el momento en que se nos propuso esta mesa dulce tem\u00e1tica nos pusimos manos a la obra.<\/p>\n<p>Lo primero fue conocer m\u00e1s en profundidad al conejito Bing y aquellos detalles que lo hacen realmente especial. En este caso, <strong>su alegre colorido nos sirvi\u00f3 de excusa<\/strong> para buscar todas las fuentes de inspiraci\u00f3n que nos llevaran a conseguir una <strong>mesa dulce tem\u00e1tica diferente, original y muy divertida.<\/strong><\/p>\n<p><img decoding=\"async\" loading=\"lazy\" class=\"aligncenter wp-image-6498 size-large\" src=\"https:\/\/www.evento.love\/blog\/wp-content\/uploads\/2020\/07\/eventolove-cumplean\u0303osbing-eventplanners-organizaciondecumplean\u0303os-768x1024.jpg\" alt=\"eventolove cumplea\u00f1osbing eventplanners organiaciondecumplea\u00f1os\" width=\"640\" height=\"853\" srcset=\"https:\/\/www.evento.love\/blog\/wp-content\/uploads\/2020\/07\/eventolove-cumplean\u0303osbing-eventplanners-organizaciondecumplean\u0303os-768x1024.jpg 768w, https:\/\/www.evento.love\/blog\/wp-content\/uploads\/2020\/07\/eventolove-cumplean\u0303osbing-eventplanners-organizaciondecumplean\u0303os-225x300.jpg 225w, https:\/\/www.evento.love\/blog\/wp-content\/uploads\/2020\/07\/eventolove-cumplean\u0303osbing-eventplanners-organizaciondecumplean\u0303os-203x270.jpg 203w\" sizes=\"(max-width: 640px) 100vw, 640px\" \/><\/p>\n<h2><strong>\u00a1Manos a la obra!<\/strong><\/h2>\n<p>Al ser el protagonista de nuestra fiesta de cumplea\u00f1os un conejito, decidimos que colocar\u00edamos <strong>c\u00e9sped como base<\/strong> en la preciosa mesa del sal\u00f3n del piso de Sandra. Por supuesto, nos preocupamos de incluir a<strong> todos los personajes de la serie en la decoraci\u00f3n<\/strong>, as\u00ed como de utilizar globos en los colores de la tem\u00e1tica elegida.<\/p>\n<p>Tras consultarlo con Sandra realizamos <strong>preciosas bolsitas de chuches personalizadas<\/strong>, para que sus amiguitos pudieran disfrutar tanto como \u00e9l. En cada una de ellas colocamos una bolsa de <em>jumpers<\/em>, un escalofr\u00edo, un <em>dipper<\/em>, una nube azul y una bolsita con chuches. Las cerramos y las adornamos cada una de ellas con un globo. \u00a1Est\u00e1bamos convencidos de que iba a ser <strong>una gran sorpresa<\/strong> para los amiguitos de Ignacio.<\/p>\n<h2><strong>\u00a1Y lleg\u00f3 el gran d\u00eda!<\/strong><\/h2>\n<p>Y lleg\u00f3 el gran d\u00eda. La ma\u00f1ana de la celebraci\u00f3n estuvimos en casa de Sandra muy temprano, para que la mesa dulce tem\u00e1tica con el conejito Bing estuviera lista cuanto llegaran los invitados. <strong>La cara de felicidad de Ignacio era m\u00e1s que evidente<\/strong>. Estaba muy contento por celebrar su fiesta y nosotras m\u00e1s felices a\u00fan de <strong>saber que har\u00edamos realidad el sue\u00f1o de esta preciosa familia <\/strong>en el cumplea\u00f1os del peque\u00f1o.<\/p>\n<p>Las fotos de la preciosa mesa dulce tem\u00e1tica, decorada con los personajes favoritos de Ignacio, ser\u00e1n <strong>uno de los mejores recuerdos<\/strong> que guarde esta familia del segundo cumplea\u00f1os del peque\u00f1o. \u00a1Felicidades, Ignacio!<\/p>\n    <div class=\"related-post grid\">\r\n                <div class=\"headline\">M\u00e1s art\u00edculos a tener en cuenta<\/div>\r\n        <div class=\"post-list \">\r\n\r\n                        <div class=\"item\">\r\n                        <div class=\"thumb post_thumb\">\r\n        <a  title=\"Baby Shower, mucho m\u00e1s que un evento social\" href=\"https:\/\/www.evento.love\/blog\/baby-shower-evento-social-madrid\/\">\r\n\r\n            <img width=\"150\" height=\"150\" src=\"https:\/\/www.evento.love\/blog\/wp-content\/uploads\/2016\/07\/babyshower-150x150.jpg\" class=\"attachment-thumbnail size-thumbnail wp-post-image\" alt=\"baby shower-fiesta-beb\u00e9-embarazo-embarazada\" decoding=\"async\" loading=\"lazy\" \/>\r\n\r\n        <\/a>\r\n    <\/div>\r\n\r\n    <a class=\"title post_title\"  title=\"Baby Shower, mucho m\u00e1s que un evento social\" href=\"https:\/\/www.evento.love\/blog\/baby-shower-evento-social-madrid\/\">\r\n                Baby Shower, mucho m\u00e1s que un evento social    <\/a>\r\n\r\n                <\/div>\r\n                            <div class=\"item\">\r\n                        <div class=\"thumb post_thumb\">\r\n        <a  title=\"12 consejos para un Baby Shower perfecto\" href=\"https:\/\/www.evento.love\/blog\/12-consejos-baby-shower-perfecto-madrid\/\">\r\n\r\n            <img width=\"150\" height=\"150\" src=\"https:\/\/www.evento.love\/blog\/wp-content\/uploads\/2016\/09\/16_05_20_12_consejos-para-que-tu-Baby-Shower-sea-perfecto-150x150.jpg\" class=\"attachment-thumbnail size-thumbnail wp-post-image\" alt=\"Baby Shower-perfecto-beb\u00e9-embarazado-embarazada-fiesta-babyshower\" decoding=\"async\" loading=\"lazy\" \/>\r\n\r\n        <\/a>\r\n    <\/div>\r\n\r\n    <a class=\"title post_title\"  title=\"12 consejos para un Baby Shower perfecto\" href=\"https:\/\/www.evento.love\/blog\/12-consejos-baby-shower-perfecto-madrid\/\">\r\n                12 consejos para un Baby Shower perfecto    <\/a>\r\n\r\n                <\/div>\r\n                            <div class=\"item\">\r\n                        <div class=\"thumb post_thumb\">\r\n        <a  title=\"Cu\u00e1ndo hacer el Baby Shower\" href=\"https:\/\/www.evento.love\/blog\/cuando-hacer-el-baby-shower-madrid\/\">\r\n\r\n            <img width=\"150\" height=\"150\" src=\"https:\/\/www.evento.love\/blog\/wp-content\/uploads\/2016\/09\/16_05_23_Cuando-hacer-el-Baby-Shower-150x150.jpg\" class=\"attachment-thumbnail size-thumbnail wp-post-image\" alt=\"Cu\u00e1ndo hacer el baby shower beb\u00e9 embarazo fiesta en Madrid\" decoding=\"async\" loading=\"lazy\" \/>\r\n\r\n        <\/a>\r\n    <\/div>\r\n\r\n    <a class=\"title post_title\"  title=\"Cu\u00e1ndo hacer el Baby Shower\" href=\"https:\/\/www.evento.love\/blog\/cuando-hacer-el-baby-shower-madrid\/\">\r\n                Cu\u00e1ndo hacer el Baby Shower    <\/a>\r\n\r\n                <\/div>\r\n                            <div class=\"item\">\r\n                        <div class=\"thumb post_thumb\">\r\n        <a  title=\"Baby Shower: Elaborando la lista de invitados\" href=\"https:\/\/www.evento.love\/blog\/baby-shower-lista-invitados-madrid\/\">\r\n\r\n            <img width=\"150\" height=\"150\" src=\"https:\/\/www.evento.love\/blog\/wp-content\/uploads\/2016\/09\/16_05_30_Baby-Shower-elaborando-la-lista-de-invitados-150x150.jpg\" class=\"attachment-thumbnail size-thumbnail wp-post-image\" alt=\"\" decoding=\"async\" loading=\"lazy\" \/>\r\n\r\n        <\/a>\r\n    <\/div>\r\n\r\n    <a class=\"title post_title\"  title=\"Baby Shower: Elaborando la lista de invitados\" href=\"https:\/\/www.evento.love\/blog\/baby-shower-lista-invitados-madrid\/\">\r\n                Baby Shower: Elaborando la lista de invitados    <\/a>\r\n\r\n                <\/div>\r\n            \r\n    <\/div>\r\n\r\n    <script>\r\n            <\/script>\r\n    <style>\r\n        .related-post {}\r\n\r\n        .related-post .post-list {\r\n            text-align: left;\r\n                    }\r\n\r\n        .related-post .post-list .item {\r\n            margin: 5px 10px;\r\n            padding: 0px;\r\n                    }\r\n\r\n        .related-post .headline {\r\n            font-size: 24px !important;\r\n            color: #000000 !important;\r\n                    }\r\n\r\n        .related-post .headline{\r\nfont-weight:400 !important;\r\ntext-transform: uppercase;\r\n}.related-post .post-list .item .post_thumb {\r\n            max-height: 180px;\r\n            margin: 10px 0px;\r\n            padding: 0px;\r\n            display: block;\r\n                    }\r\n\r\n        .related-post .post-list .item .post_title {\r\n            font-size: 12px;\r\n            color: #607d8b;\r\n            margin: 10px 0px;\r\n            padding: 0px;\r\n            display: block;\r\n            text-decoration: none;\r\n                    }\r\n\r\n        .related-post .post-list .item .post_excerpt {\r\n            font-size: 13px;\r\n            color: #3f3f3f;\r\n            margin: 10px 0px;\r\n            padding: 0px;\r\n            display: block;\r\n            text-decoration: none;\r\n                    }\r\n\r\n        @media only screen and (min-width: 1024px) {\r\n            .related-post .post-list .item {\r\n                width: 22%;\r\n            }\r\n        }\r\n\r\n        @media only screen and (min-width: 768px) and (max-width: 1023px) {\r\n            .related-post .post-list .item {\r\n                width: 90%;\r\n            }\r\n        }\r\n\r\n        @media only screen and (min-width: 0px) and (max-width: 767px) {\r\n            .related-post .post-list .item {\r\n                width: 30%;\r\n            }\r\n        }\r\n\r\n            <\/style>\r\n        <\/div>\r\n<!-- AddThis Advanced Settings generic via filter on the_content --><!-- AddThis Share Buttons generic via filter on the_content -->","protected":false},"excerpt":{"rendered":"<p>Preparar una mesa dulce tem\u00e1tica para un ni\u00f1o de 2 a\u00f1os es realmente satisfactorio. Tan solo hay que conocer los gustos del ni\u00f1o para lograr un rinc\u00f3n dulce realmente inolvidable y un cumplea\u00f1os m\u00e1gico, tanto para el cumplea\u00f1ero como para sus seres queridos. M\u00e1s art\u00edculos a tener en cuenta Baby Shower, mucho m\u00e1s que un evento social 12 consejos para un Baby Shower perfecto Cu\u00e1ndo hacer el Baby Shower Baby Shower: Elaborando la lista de invitados<!-- AddThis Advanced Settings generic via filter on get_the_excerpt --><!-- AddThis Share Buttons generic via filter on get_the_excerpt --><\/p>\n    <div class=\"related-post grid\">\r\n                <div class=\"headline\">M\u00e1s art\u00edculos a tener en cuenta<\/div>\r\n        <div class=\"post-list \">\r\n\r\n                        <div class=\"item\">\r\n                        <div class=\"thumb post_thumb\">\r\n        <a  title=\"Baby Shower, mucho m\u00e1s que un evento social\" href=\"https:\/\/www.evento.love\/blog\/baby-shower-evento-social-madrid\/\">\r\n\r\n            <img width=\"150\" height=\"150\" src=\"https:\/\/www.evento.love\/blog\/wp-content\/uploads\/2016\/07\/babyshower-150x150.jpg\" class=\"attachment-thumbnail size-thumbnail wp-post-image\" alt=\"baby shower-fiesta-beb\u00e9-embarazo-embarazada\" decoding=\"async\" loading=\"lazy\" \/>\r\n\r\n        <\/a>\r\n    <\/div>\r\n\r\n    <a class=\"title post_title\"  title=\"Baby Shower, mucho m\u00e1s que un evento social\" href=\"https:\/\/www.evento.love\/blog\/baby-shower-evento-social-madrid\/\">\r\n                Baby Shower, mucho m\u00e1s que un evento social    <\/a>\r\n\r\n                <\/div>\r\n                            <div class=\"item\">\r\n                        <div class=\"thumb post_thumb\">\r\n        <a  title=\"12 consejos para un Baby Shower perfecto\" href=\"https:\/\/www.evento.love\/blog\/12-consejos-baby-shower-perfecto-madrid\/\">\r\n\r\n            <img width=\"150\" height=\"150\" src=\"https:\/\/www.evento.love\/blog\/wp-content\/uploads\/2016\/09\/16_05_20_12_consejos-para-que-tu-Baby-Shower-sea-perfecto-150x150.jpg\" class=\"attachment-thumbnail size-thumbnail wp-post-image\" alt=\"Baby Shower-perfecto-beb\u00e9-embarazado-embarazada-fiesta-babyshower\" decoding=\"async\" loading=\"lazy\" \/>\r\n\r\n        <\/a>\r\n    <\/div>\r\n\r\n    <a class=\"title post_title\"  title=\"12 consejos para un Baby Shower perfecto\" href=\"https:\/\/www.evento.love\/blog\/12-consejos-baby-shower-perfecto-madrid\/\">\r\n                12 consejos para un Baby Shower perfecto    <\/a>\r\n\r\n                <\/div>\r\n                            <div class=\"item\">\r\n                        <div class=\"thumb post_thumb\">\r\n        <a  title=\"Cu\u00e1ndo hacer el Baby Shower\" href=\"https:\/\/www.evento.love\/blog\/cuando-hacer-el-baby-shower-madrid\/\">\r\n\r\n            <img width=\"150\" height=\"150\" src=\"https:\/\/www.evento.love\/blog\/wp-content\/uploads\/2016\/09\/16_05_23_Cuando-hacer-el-Baby-Shower-150x150.jpg\" class=\"attachment-thumbnail size-thumbnail wp-post-image\" alt=\"Cu\u00e1ndo hacer el baby shower beb\u00e9 embarazo fiesta en Madrid\" decoding=\"async\" loading=\"lazy\" \/>\r\n\r\n        <\/a>\r\n    <\/div>\r\n\r\n    <a class=\"title post_title\"  title=\"Cu\u00e1ndo hacer el Baby Shower\" href=\"https:\/\/www.evento.love\/blog\/cuando-hacer-el-baby-shower-madrid\/\">\r\n                Cu\u00e1ndo hacer el Baby Shower    <\/a>\r\n\r\n                <\/div>\r\n                            <div class=\"item\">\r\n                        <div class=\"thumb post_thumb\">\r\n        <a  title=\"\u00bfQui\u00e9n debe organizar el Baby Shower?\" href=\"https:\/\/www.evento.love\/blog\/quien-organizar-baby-shower-madrid\/\">\r\n\r\n            <img width=\"150\" height=\"150\" src=\"https:\/\/www.evento.love\/blog\/wp-content\/uploads\/2016\/09\/16_05_29_Qui\u00e9n-organiza-el-Baby-Shower-150x150.jpg\" class=\"attachment-thumbnail size-thumbnail wp-post-image\" alt=\"Organizaci\u00f3n Baby Shower Madrid fiesta beb\u00e9 embarazada\" decoding=\"async\" loading=\"lazy\" \/>\r\n\r\n        <\/a>\r\n    <\/div>\r\n\r\n    <a class=\"title post_title\"  title=\"\u00bfQui\u00e9n debe organizar el Baby Shower?\" href=\"https:\/\/www.evento.love\/blog\/quien-organizar-baby-shower-madrid\/\">\r\n                \u00bfQui\u00e9n debe organizar el Baby Shower?    <\/a>\r\n\r\n                <\/div>\r\n            \r\n    <\/div>\r\n\r\n    <script>\r\n            <\/script>\r\n    <style>\r\n        .related-post {}\r\n\r\n        .related-post .post-list {\r\n            text-align: left;\r\n                    }\r\n\r\n        .related-post .post-list .item {\r\n            margin: 5px 10px;\r\n            padding: 0px;\r\n                    }\r\n\r\n        .related-post .headline {\r\n            font-size: 24px !important;\r\n            color: #000000 !important;\r\n                    }\r\n\r\n        .related-post .headline{\r\nfont-weight:400 !important;\r\ntext-transform: uppercase;\r\n}.related-post .post-list .item .post_thumb {\r\n            max-height: 180px;\r\n            margin: 10px 0px;\r\n            padding: 0px;\r\n            display: block;\r\n                    }\r\n\r\n        .related-post .post-list .item .post_title {\r\n            font-size: 12px;\r\n            color: #607d8b;\r\n            margin: 10px 0px;\r\n            padding: 0px;\r\n            display: block;\r\n            text-decoration: none;\r\n                    }\r\n\r\n        .related-post .post-list .item .post_excerpt {\r\n            font-size: 13px;\r\n            color: #3f3f3f;\r\n            margin: 10px 0px;\r\n            padding: 0px;\r\n            display: block;\r\n            text-decoration: none;\r\n                    }\r\n\r\n        @media only screen and (min-width: 1024px) {\r\n            .related-post .post-list .item {\r\n                width: 22%;\r\n            }\r\n        }\r\n\r\n        @media only screen and (min-width: 768px) and (max-width: 1023px) {\r\n            .related-post .post-list .item {\r\n                width: 90%;\r\n            }\r\n        }\r\n\r\n        @media only screen and (min-width: 0px) and (max-width: 767px) {\r\n            .related-post .post-list .item {\r\n                width: 30%;\r\n            }\r\n        }\r\n\r\n            <\/style>\r\n        <\/div>\r\n","protected":false},"author":1,"featured_media":6497,"comment_status":"open","ping_status":"open","sticky":false,"template":"","format":"standard","meta":{"content-type":""},"categories":[57,391],"tags":[70,447,316,969,1061,669,668,309,33,366,422,818],"yoast_head":"<!-- This site is optimized with the Yoast SEO plugin v20.7 - https:\/\/yoast.com\/wordpress\/plugins\/seo\/ -->\n<title>Una mesa dulce tem\u00e1tica con el conejito Bing para un cumplea\u00f1os m\u00e1gico<\/title>\n<meta name=\"description\" content=\"Una mesa dulce tem\u00e1tica con el conejito Bing. En evento.love somos expertos en organizaci\u00f3n de eventos \u00fanicos y personalizados en Madrid. \u00a1Compru\u00e9balo!\" \/>\n<meta name=\"robots\" content=\"index, follow, max-snippet:-1, max-image-preview:large, max-video-preview:-1\" \/>\n<meta property=\"og:locale\" content=\"es_ES\" \/>\n<meta property=\"og:type\" content=\"article\" \/>\n<meta property=\"og:title\" content=\"Una mesa dulce tem\u00e1tica con el conejito Bing para un cumplea\u00f1os m\u00e1gico\" \/>\n<meta property=\"og:description\" content=\"Una mesa dulce tem\u00e1tica con el conejito Bing. En evento.love somos expertos en organizaci\u00f3n de eventos \u00fanicos y personalizados en Madrid. \u00a1Compru\u00e9balo!\" \/>\n<meta property=\"og:url\" content=\"https:\/\/www.evento.love\/blog\/una-mesa-dulce-tematica-con-el-conejito-bing-para-un-cumpleanos-magico\/\" \/>\n<meta property=\"og:site_name\" content=\"El Blog de evento.love\" \/>\n<meta property=\"article:publisher\" content=\"https:\/\/www.facebook.com\/Evento.love\/\" \/>\n<meta property=\"article:published_time\" content=\"2020-07-09T09:53:50+00:00\" \/>\n<meta property=\"article:modified_time\" content=\"2020-09-04T08:01:18+00:00\" \/>\n<meta property=\"og:image\" content=\"https:\/\/www.evento.love\/blog\/wp-content\/uploads\/2020\/07\/eventolove-cumplean\u0303osorpresa-conejitobing-eventplanners-organizaciondecumplean\u0303os.jpg\" \/>\n\t<meta property=\"og:image:width\" content=\"3648\" \/>\n\t<meta property=\"og:image:height\" content=\"2736\" \/>\n\t<meta property=\"og:image:type\" content=\"image\/jpeg\" \/>\n<meta name=\"author\" content=\"Evento Love\" \/>\n<meta name=\"twitter:card\" content=\"summary_large_image\" \/>\n<meta name=\"twitter:creator\" content=\"@Evento_love\" \/>\n<meta name=\"twitter:site\" content=\"@Evento_love\" \/>\n<meta name=\"twitter:label1\" content=\"Escrito por\" \/>\n\t<meta name=\"twitter:data1\" content=\"Evento Love\" \/>\n\t<meta name=\"twitter:label2\" content=\"Tiempo de lectura\" \/>\n\t<meta name=\"twitter:data2\" content=\"2 minutos\" \/>\n<!-- \/ Yoast SEO plugin. -->","yoast_head_json":{"title":"Una mesa dulce tem\u00e1tica con el conejito Bing para un cumplea\u00f1os m\u00e1gico","description":"Una mesa dulce tem\u00e1tica con el conejito Bing. En evento.love somos expertos en organizaci\u00f3n de eventos \u00fanicos y personalizados en Madrid. \u00a1Compru\u00e9balo!","robots":{"index":"index","follow":"follow","max-snippet":"max-snippet:-1","max-image-preview":"max-image-preview:large","max-video-preview":"max-video-preview:-1"},"og_locale":"es_ES","og_type":"article","og_title":"Una mesa dulce tem\u00e1tica con el conejito Bing para un cumplea\u00f1os m\u00e1gico","og_description":"Una mesa dulce tem\u00e1tica con el conejito Bing. En evento.love somos expertos en organizaci\u00f3n de eventos \u00fanicos y personalizados en Madrid. \u00a1Compru\u00e9balo!","og_url":"https:\/\/www.evento.love\/blog\/una-mesa-dulce-tematica-con-el-conejito-bing-para-un-cumpleanos-magico\/","og_site_name":"El Blog de evento.love","article_publisher":"https:\/\/www.facebook.com\/Evento.love\/","article_published_time":"2020-07-09T09:53:50+00:00","article_modified_time":"2020-09-04T08:01:18+00:00","og_image":[{"width":3648,"height":2736,"url":"https:\/\/www.evento.love\/blog\/wp-content\/uploads\/2020\/07\/eventolove-cumplean\u0303osorpresa-conejitobing-eventplanners-organizaciondecumplean\u0303os.jpg","type":"image\/jpeg"}],"author":"Evento Love","twitter_card":"summary_large_image","twitter_creator":"@Evento_love","twitter_site":"@Evento_love","twitter_misc":{"Escrito por":"Evento Love","Tiempo de lectura":"2 minutos"},"schema":{"@context":"https:\/\/schema.org","@graph":[{"@type":"Article","@id":"https:\/\/www.evento.love\/blog\/una-mesa-dulce-tematica-con-el-conejito-bing-para-un-cumpleanos-magico\/#article","isPartOf":{"@id":"https:\/\/www.evento.love\/blog\/una-mesa-dulce-tematica-con-el-conejito-bing-para-un-cumpleanos-magico\/"},"author":{"name":"Evento Love","@id":"https:\/\/www.evento.love\/blog\/#\/schema\/person\/a184c2ed424b7fb3006372ce8051542c"},"headline":"Una mesa dulce tem\u00e1tica con el conejito Bing para el cumplea\u00f1os de Ignacio","datePublished":"2020-07-09T09:53:50+00:00","dateModified":"2020-09-04T08:01:18+00:00","mainEntityOfPage":{"@id":"https:\/\/www.evento.love\/blog\/una-mesa-dulce-tematica-con-el-conejito-bing-para-un-cumpleanos-magico\/"},"wordCount":470,"commentCount":0,"publisher":{"@id":"https:\/\/www.evento.love\/blog\/#organization"},"keywords":["cumplea\u00f1os","cumplea\u00f1os en madrid","decoracion","decoraci\u00f3n con globos","decoraci\u00f3n de eventos","event planner","event planner madrid","fiesta de cumplea\u00f1os","ideas","madrid","mesa dulce","organizaci\u00f3n de eventos"],"articleSection":["Cumplea\u00f1os","Nuestros eventos"],"inLanguage":"es","potentialAction":[{"@type":"CommentAction","name":"Comment","target":["https:\/\/www.evento.love\/blog\/una-mesa-dulce-tematica-con-el-conejito-bing-para-un-cumpleanos-magico\/#respond"]}]},{"@type":"WebPage","@id":"https:\/\/www.evento.love\/blog\/una-mesa-dulce-tematica-con-el-conejito-bing-para-un-cumpleanos-magico\/","url":"https:\/\/www.evento.love\/blog\/una-mesa-dulce-tematica-con-el-conejito-bing-para-un-cumpleanos-magico\/","name":"Una mesa dulce tem\u00e1tica con el conejito Bing para un cumplea\u00f1os m\u00e1gico","isPartOf":{"@id":"https:\/\/www.evento.love\/blog\/#website"},"datePublished":"2020-07-09T09:53:50+00:00","dateModified":"2020-09-04T08:01:18+00:00","description":"Una mesa dulce tem\u00e1tica con el conejito Bing. En evento.love somos expertos en organizaci\u00f3n de eventos \u00fanicos y personalizados en Madrid. \u00a1Compru\u00e9balo!","breadcrumb":{"@id":"https:\/\/www.evento.love\/blog\/una-mesa-dulce-tematica-con-el-conejito-bing-para-un-cumpleanos-magico\/#breadcrumb"},"inLanguage":"es","potentialAction":[{"@type":"ReadAction","target":["https:\/\/www.evento.love\/blog\/una-mesa-dulce-tematica-con-el-conejito-bing-para-un-cumpleanos-magico\/"]}]},{"@type":"BreadcrumbList","@id":"https:\/\/www.evento.love\/blog\/una-mesa-dulce-tematica-con-el-conejito-bing-para-un-cumpleanos-magico\/#breadcrumb","itemListElement":[{"@type":"ListItem","position":1,"name":"Evento.love","item":"https:\/\/www.evento.love\/blog\/"},{"@type":"ListItem","position":2,"name":"Cumplea\u00f1os","item":"https:\/\/www.evento.love\/blog\/category\/cumpleanos\/"},{"@type":"ListItem","position":3,"name":"Una mesa dulce tem\u00e1tica con el conejito Bing para el cumplea\u00f1os de Ignacio"}]},{"@type":"WebSite","@id":"https:\/\/www.evento.love\/blog\/#website","url":"https:\/\/www.evento.love\/blog\/","name":"El Blog de evento.love","description":"T\u00fa lo mereces. Disfruta de tu momento","publisher":{"@id":"https:\/\/www.evento.love\/blog\/#organization"},"potentialAction":[{"@type":"SearchAction","target":{"@type":"EntryPoint","urlTemplate":"https:\/\/www.evento.love\/blog\/?s={search_term_string}"},"query-input":"required name=search_term_string"}],"inLanguage":"es"},{"@type":"Organization","@id":"https:\/\/www.evento.love\/blog\/#organization","name":"evento.love","url":"https:\/\/www.evento.love\/blog\/","logo":{"@type":"ImageObject","inLanguage":"es","@id":"https:\/\/www.evento.love\/blog\/#\/schema\/logo\/image\/","url":"https:\/\/www.evento.love\/blog\/wp-content\/uploads\/2016\/07\/logo-evento-love.png","contentUrl":"https:\/\/www.evento.love\/blog\/wp-content\/uploads\/2016\/07\/logo-evento-love.png","width":197,"height":59,"caption":"evento.love"},"image":{"@id":"https:\/\/www.evento.love\/blog\/#\/schema\/logo\/image\/"},"sameAs":["https:\/\/www.facebook.com\/Evento.love\/","https:\/\/twitter.com\/Evento_love","https:\/\/www.instagram.com\/evento.love\/","https:\/\/es.pinterest.com\/evento_love\/","https:\/\/www.youtube.com\/channel\/UCcVbo6ymzx-7FlDJja8aQnw"]},{"@type":"Person","@id":"https:\/\/www.evento.love\/blog\/#\/schema\/person\/a184c2ed424b7fb3006372ce8051542c","name":"Evento Love"}]}},"_links":{"self":[{"href":"https:\/\/www.evento.love\/blog\/wp-json\/wp\/v2\/posts\/6496"}],"collection":[{"href":"https:\/\/www.evento.love\/blog\/wp-json\/wp\/v2\/posts"}],"about":[{"href":"https:\/\/www.evento.love\/blog\/wp-json\/wp\/v2\/types\/post"}],"author":[{"embeddable":true,"href":"https:\/\/www.evento.love\/blog\/wp-json\/wp\/v2\/users\/1"}],"replies":[{"embeddable":true,"href":"https:\/\/www.evento.love\/blog\/wp-json\/wp\/v2\/comments?post=6496"}],"version-history":[{"count":1,"href":"https:\/\/www.evento.love\/blog\/wp-json\/wp\/v2\/posts\/6496\/revisions"}],"predecessor-version":[{"id":6499,"href":"https:\/\/www.evento.love\/blog\/wp-json\/wp\/v2\/posts\/6496\/revisions\/6499"}],"wp:featuredmedia":[{"embeddable":true,"href":"https:\/\/www.evento.love\/blog\/wp-json\/wp\/v2\/media\/6497"}],"wp:attachment":[{"href":"https:\/\/www.evento.love\/blog\/wp-json\/wp\/v2\/media?parent=6496"}],"wp:term":[{"taxonomy":"category","embeddable":true,"href":"https:\/\/www.evento.love\/blog\/wp-json\/wp\/v2\/categories?post=6496"},{"taxonomy":"post_tag","embeddable":true,"href":"https:\/\/www.evento.love\/blog\/wp-json\/wp\/v2\/tags?post=6496"}],"curies":[{"name":"wp","href":"https:\/\/api.w.org\/{rel}","templated":true}]}}