{"id":653,"date":"2017-04-06T15:00:48","date_gmt":"2017-04-06T13:00:48","guid":{"rendered":"https:\/\/www.evento.love\/blog\/?p=653"},"modified":"2018-10-01T16:43:18","modified_gmt":"2018-10-01T14:43:18","slug":"una-fecha-ideal-para-celebrar-un-baby-shower-madrid","status":"publish","type":"post","link":"https:\/\/www.evento.love\/blog\/una-fecha-ideal-para-celebrar-un-baby-shower-madrid\/","title":{"rendered":"Una fecha ideal para celebrar un Baby Shower"},"content":{"rendered":"<p><script type=\"text\/javascript\" src=\"\/\/s3.amazonaws.com\/downloads.mailchimp.com\/js\/signup-forms\/popup\/embed.js\" data-dojo-config=\"usePlainJson: true, isDebug: false\"><\/script><script type=\"text\/javascript\">require([\"mojo\/signup-forms\/Loader\"], function(L) { L.start({\"baseUrl\":\"mc.us14.list-manage.com\",\"uuid\":\"948e92642f8726fd4245ad272\",\"lid\":\"5f112b55a1\"}) })<\/script><\/p>\n<h2>Aprovechar una fecha se\u00f1alada puede ser todo un acierto a la hora de celebrar un baby shower.<\/h2>\n<p>El primer domingo de mayo se celebra el D\u00eda de la Madre y para aquellas embarazadas, especialmente las primerizas, es un d\u00eda si cabe a\u00fan m\u00e1s especial.<!--more--><\/p>\n<p>Las embarazadas primerizas, se sienten ya mam\u00e1s aun todav\u00eda cuando no han dado a luz. Y pueden aprovechar esta fecha se\u00f1alada para organizar la celebraci\u00f3n de su Baby Shower.<\/p>\n<h2>\u00bfPor qu\u00e9 celebrar un baby shower el primer domingo de mayo?<\/h2>\n<p>Celebrar el baby shower en una fecha tan especial como el <strong>D\u00eda de la Madre<\/strong> cuenta con muchas ventajas, entre las que destacan:<\/p>\n<ul>\n<li>Es un d\u00eda se\u00f1alado especialmente vinculado a la celebraci\u00f3n. Pronto la protagonista de la fiesta va a ser madre.<\/li>\n<li>Los d\u00edas ya son m\u00e1s largos y la fiesta puede durar m\u00e1s horas<\/li>\n<li>La climatolog\u00eda ser\u00e1 m\u00e1s favorable y ser\u00e1 m\u00e1s probable poder realizar la fiesta en un jard\u00edn.<\/li>\n<li>La primavera estar\u00e1 en su apogeo y nos permitir\u00e1 recurrir a decoraciones florales naturales m\u00e1s f\u00e1cilmente.<\/li>\n<\/ul>\n<h2>\u00bfQu\u00e9 debemos tener en cuenta?<\/h2>\n<p>Como siempre, conviene tener una buena planificaci\u00f3n previa del Baby Shower: lugar de celebraci\u00f3n, n\u00famero de invitados, catering, men\u00fa, decoraci\u00f3n, photo call, etc.<\/p>\n<p>No debemos tampoco olvidarnos de nuestras recomendaciones para estimar <a href=\"https:\/\/www.evento.love\/blog\/mes-baby-shower-madrid\/\" target=\"_blank\" rel=\"noopener\">en qu\u00e9 mes hacer un baby shower<\/a>. Lo ideal ser\u00eda que el <strong>D\u00eda de la Madre<\/strong> cuadrase en el segundo trimestre del embarazo. Pues en el primer trimestre la futura mam\u00e1 est\u00e1 expuesta a desajustes hormonales que pueden llevarla a no disfrutar la fiesta o incluso llegar a estar totalmente indispuesta. Y en el tercer trimestre, puede darse el caso de que lo que menos le apetezca a la futura mam\u00e1 sea estar rodeada de gente en torno a su barriga.<\/p>\n<p>Otro punto importante, es que aunque siempre debemos indagar sobre alergias e intolerancias alimentarias de los invitados para poder confeccionar el men\u00fa, debemos adem\u00e1s en esta \u00e9poca informarnos si alguno de los invitados sufre de alergias primaverales. En caso de haber invitados sabidamente al\u00e9rgicos y que sea imprescindible su asistencia al baby shower, se deber\u00eda cambiar a fechas m\u00e1s llevaderas para ellos.<\/p>\n<p>Si est\u00e1s embarazada y a\u00fan no has planificado tu baby shower todav\u00eda est\u00e1s a tiempo de organizar el tuyo para el <strong>D\u00eda de la Madre<\/strong>. Si vas a ser tu quien organice el baby shower, y necesitas asesoramiento no dudes en ponerte en <a href=\"https:\/\/evento.love\/#contacto\" target=\"_blank\" rel=\"noopener\">contacto con evento<\/a>.<a href=\"https:\/\/evento.love\/#contacto\">love<\/a> y te ayudaremos a preparar <strong>la fiesta del beb\u00e9 perfecta<\/strong> <strong>en Madrid el d\u00eda de la madre<\/strong>.<\/p>\n    <div class=\"related-post grid\">\r\n                <div class=\"headline\">M\u00e1s art\u00edculos a tener en cuenta<\/div>\r\n        <div class=\"post-list \">\r\n\r\n                        <div class=\"item\">\r\n                        <div class=\"thumb post_thumb\">\r\n        <a  title=\"Baby Shower, mucho m\u00e1s que un evento social\" href=\"https:\/\/www.evento.love\/blog\/baby-shower-evento-social-madrid\/\">\r\n\r\n            <img width=\"150\" height=\"150\" src=\"https:\/\/www.evento.love\/blog\/wp-content\/uploads\/2016\/07\/babyshower-150x150.jpg\" class=\"attachment-thumbnail size-thumbnail wp-post-image\" alt=\"baby shower-fiesta-beb\u00e9-embarazo-embarazada\" decoding=\"async\" loading=\"lazy\" \/>\r\n\r\n        <\/a>\r\n    <\/div>\r\n\r\n    <a class=\"title post_title\"  title=\"Baby Shower, mucho m\u00e1s que un evento social\" href=\"https:\/\/www.evento.love\/blog\/baby-shower-evento-social-madrid\/\">\r\n                Baby Shower, mucho m\u00e1s que un evento social    <\/a>\r\n\r\n                <\/div>\r\n                            <div class=\"item\">\r\n                        <div class=\"thumb post_thumb\">\r\n        <a  title=\"12 consejos para un Baby Shower perfecto\" href=\"https:\/\/www.evento.love\/blog\/12-consejos-baby-shower-perfecto-madrid\/\">\r\n\r\n            <img width=\"150\" height=\"150\" src=\"https:\/\/www.evento.love\/blog\/wp-content\/uploads\/2016\/09\/16_05_20_12_consejos-para-que-tu-Baby-Shower-sea-perfecto-150x150.jpg\" class=\"attachment-thumbnail size-thumbnail wp-post-image\" alt=\"Baby Shower-perfecto-beb\u00e9-embarazado-embarazada-fiesta-babyshower\" decoding=\"async\" loading=\"lazy\" \/>\r\n\r\n        <\/a>\r\n    <\/div>\r\n\r\n    <a class=\"title post_title\"  title=\"12 consejos para un Baby Shower perfecto\" href=\"https:\/\/www.evento.love\/blog\/12-consejos-baby-shower-perfecto-madrid\/\">\r\n                12 consejos para un Baby Shower perfecto    <\/a>\r\n\r\n                <\/div>\r\n                            <div class=\"item\">\r\n                        <div class=\"thumb post_thumb\">\r\n        <a  title=\"Cu\u00e1ndo hacer el Baby Shower\" href=\"https:\/\/www.evento.love\/blog\/cuando-hacer-el-baby-shower-madrid\/\">\r\n\r\n            <img width=\"150\" height=\"150\" src=\"https:\/\/www.evento.love\/blog\/wp-content\/uploads\/2016\/09\/16_05_23_Cuando-hacer-el-Baby-Shower-150x150.jpg\" class=\"attachment-thumbnail size-thumbnail wp-post-image\" alt=\"Cu\u00e1ndo hacer el baby shower beb\u00e9 embarazo fiesta en Madrid\" decoding=\"async\" loading=\"lazy\" \/>\r\n\r\n        <\/a>\r\n    <\/div>\r\n\r\n    <a class=\"title post_title\"  title=\"Cu\u00e1ndo hacer el Baby Shower\" href=\"https:\/\/www.evento.love\/blog\/cuando-hacer-el-baby-shower-madrid\/\">\r\n                Cu\u00e1ndo hacer el Baby Shower    <\/a>\r\n\r\n                <\/div>\r\n                            <div class=\"item\">\r\n                        <div class=\"thumb post_thumb\">\r\n        <a  title=\"Baby Shower: Elaborando la lista de invitados\" href=\"https:\/\/www.evento.love\/blog\/baby-shower-lista-invitados-madrid\/\">\r\n\r\n            <img width=\"150\" height=\"150\" src=\"https:\/\/www.evento.love\/blog\/wp-content\/uploads\/2016\/09\/16_05_30_Baby-Shower-elaborando-la-lista-de-invitados-150x150.jpg\" class=\"attachment-thumbnail size-thumbnail wp-post-image\" alt=\"\" decoding=\"async\" loading=\"lazy\" \/>\r\n\r\n        <\/a>\r\n    <\/div>\r\n\r\n    <a class=\"title post_title\"  title=\"Baby Shower: Elaborando la lista de invitados\" href=\"https:\/\/www.evento.love\/blog\/baby-shower-lista-invitados-madrid\/\">\r\n                Baby Shower: Elaborando la lista de invitados    <\/a>\r\n\r\n                <\/div>\r\n            \r\n    <\/div>\r\n\r\n    <script>\r\n            <\/script>\r\n    <style>\r\n        .related-post {}\r\n\r\n        .related-post .post-list {\r\n            text-align: left;\r\n                    }\r\n\r\n        .related-post .post-list .item {\r\n            margin: 5px 10px;\r\n            padding: 0px;\r\n                    }\r\n\r\n        .related-post .headline {\r\n            font-size: 24px !important;\r\n            color: #000000 !important;\r\n                    }\r\n\r\n        .related-post .headline{\r\nfont-weight:400 !important;\r\ntext-transform: uppercase;\r\n}.related-post .post-list .item .post_thumb {\r\n            max-height: 180px;\r\n            margin: 10px 0px;\r\n            padding: 0px;\r\n            display: block;\r\n                    }\r\n\r\n        .related-post .post-list .item .post_title {\r\n            font-size: 12px;\r\n            color: #607d8b;\r\n            margin: 10px 0px;\r\n            padding: 0px;\r\n            display: block;\r\n            text-decoration: none;\r\n                    }\r\n\r\n        .related-post .post-list .item .post_excerpt {\r\n            font-size: 13px;\r\n            color: #3f3f3f;\r\n            margin: 10px 0px;\r\n            padding: 0px;\r\n            display: block;\r\n            text-decoration: none;\r\n                    }\r\n\r\n        @media only screen and (min-width: 1024px) {\r\n            .related-post .post-list .item {\r\n                width: 22%;\r\n            }\r\n        }\r\n\r\n        @media only screen and (min-width: 768px) and (max-width: 1023px) {\r\n            .related-post .post-list .item {\r\n                width: 90%;\r\n            }\r\n        }\r\n\r\n        @media only screen and (min-width: 0px) and (max-width: 767px) {\r\n            .related-post .post-list .item {\r\n                width: 30%;\r\n            }\r\n        }\r\n\r\n            <\/style>\r\n        <\/div>\r\n<!-- AddThis Advanced Settings generic via filter on the_content --><!-- AddThis Share Buttons generic via filter on the_content -->","protected":false},"excerpt":{"rendered":"<p>Aprovechar una fecha se\u00f1alada puede ser todo un acierto a la hora de celebrar un baby shower. El primer domingo de mayo se celebra el D\u00eda de la Madre y para aquellas embarazadas, especialmente las primerizas, es un d\u00eda si cabe a\u00fan m\u00e1s especial. M\u00e1s art\u00edculos a tener en cuenta Baby Shower, mucho m\u00e1s que un evento social 12 consejos para un Baby Shower perfecto Cu\u00e1ndo hacer el Baby Shower Baby Shower: Elaborando la lista de invitados<!-- AddThis Advanced Settings generic via filter on get_the_excerpt --><!-- AddThis Share Buttons generic via filter on get_the_excerpt --><\/p>\n    <div class=\"related-post grid\">\r\n                <div class=\"headline\">M\u00e1s art\u00edculos a tener en cuenta<\/div>\r\n        <div class=\"post-list \">\r\n\r\n                        <div class=\"item\">\r\n                        <div class=\"thumb post_thumb\">\r\n        <a  title=\"Baby Shower, mucho m\u00e1s que un evento social\" href=\"https:\/\/www.evento.love\/blog\/baby-shower-evento-social-madrid\/\">\r\n\r\n            <img width=\"150\" height=\"150\" src=\"https:\/\/www.evento.love\/blog\/wp-content\/uploads\/2016\/07\/babyshower-150x150.jpg\" class=\"attachment-thumbnail size-thumbnail wp-post-image\" alt=\"baby shower-fiesta-beb\u00e9-embarazo-embarazada\" decoding=\"async\" loading=\"lazy\" \/>\r\n\r\n        <\/a>\r\n    <\/div>\r\n\r\n    <a class=\"title post_title\"  title=\"Baby Shower, mucho m\u00e1s que un evento social\" href=\"https:\/\/www.evento.love\/blog\/baby-shower-evento-social-madrid\/\">\r\n                Baby Shower, mucho m\u00e1s que un evento social    <\/a>\r\n\r\n                <\/div>\r\n                            <div class=\"item\">\r\n                        <div class=\"thumb post_thumb\">\r\n        <a  title=\"12 consejos para un Baby Shower perfecto\" href=\"https:\/\/www.evento.love\/blog\/12-consejos-baby-shower-perfecto-madrid\/\">\r\n\r\n            <img width=\"150\" height=\"150\" src=\"https:\/\/www.evento.love\/blog\/wp-content\/uploads\/2016\/09\/16_05_20_12_consejos-para-que-tu-Baby-Shower-sea-perfecto-150x150.jpg\" class=\"attachment-thumbnail size-thumbnail wp-post-image\" alt=\"Baby Shower-perfecto-beb\u00e9-embarazado-embarazada-fiesta-babyshower\" decoding=\"async\" loading=\"lazy\" \/>\r\n\r\n        <\/a>\r\n    <\/div>\r\n\r\n    <a class=\"title post_title\"  title=\"12 consejos para un Baby Shower perfecto\" href=\"https:\/\/www.evento.love\/blog\/12-consejos-baby-shower-perfecto-madrid\/\">\r\n                12 consejos para un Baby Shower perfecto    <\/a>\r\n\r\n                <\/div>\r\n                            <div class=\"item\">\r\n                        <div class=\"thumb post_thumb\">\r\n        <a  title=\"Cu\u00e1ndo hacer el Baby Shower\" href=\"https:\/\/www.evento.love\/blog\/cuando-hacer-el-baby-shower-madrid\/\">\r\n\r\n            <img width=\"150\" height=\"150\" src=\"https:\/\/www.evento.love\/blog\/wp-content\/uploads\/2016\/09\/16_05_23_Cuando-hacer-el-Baby-Shower-150x150.jpg\" class=\"attachment-thumbnail size-thumbnail wp-post-image\" alt=\"Cu\u00e1ndo hacer el baby shower beb\u00e9 embarazo fiesta en Madrid\" decoding=\"async\" loading=\"lazy\" \/>\r\n\r\n        <\/a>\r\n    <\/div>\r\n\r\n    <a class=\"title post_title\"  title=\"Cu\u00e1ndo hacer el Baby Shower\" href=\"https:\/\/www.evento.love\/blog\/cuando-hacer-el-baby-shower-madrid\/\">\r\n                Cu\u00e1ndo hacer el Baby Shower    <\/a>\r\n\r\n                <\/div>\r\n                            <div class=\"item\">\r\n                        <div class=\"thumb post_thumb\">\r\n        <a  title=\"\u00bfQui\u00e9n debe organizar el Baby Shower?\" href=\"https:\/\/www.evento.love\/blog\/quien-organizar-baby-shower-madrid\/\">\r\n\r\n            <img width=\"150\" height=\"150\" src=\"https:\/\/www.evento.love\/blog\/wp-content\/uploads\/2016\/09\/16_05_29_Qui\u00e9n-organiza-el-Baby-Shower-150x150.jpg\" class=\"attachment-thumbnail size-thumbnail wp-post-image\" alt=\"Organizaci\u00f3n Baby Shower Madrid fiesta beb\u00e9 embarazada\" decoding=\"async\" loading=\"lazy\" \/>\r\n\r\n        <\/a>\r\n    <\/div>\r\n\r\n    <a class=\"title post_title\"  title=\"\u00bfQui\u00e9n debe organizar el Baby Shower?\" href=\"https:\/\/www.evento.love\/blog\/quien-organizar-baby-shower-madrid\/\">\r\n                \u00bfQui\u00e9n debe organizar el Baby Shower?    <\/a>\r\n\r\n                <\/div>\r\n            \r\n    <\/div>\r\n\r\n    <script>\r\n            <\/script>\r\n    <style>\r\n        .related-post {}\r\n\r\n        .related-post .post-list {\r\n            text-align: left;\r\n                    }\r\n\r\n        .related-post .post-list .item {\r\n            margin: 5px 10px;\r\n            padding: 0px;\r\n                    }\r\n\r\n        .related-post .headline {\r\n            font-size: 24px !important;\r\n            color: #000000 !important;\r\n                    }\r\n\r\n        .related-post .headline{\r\nfont-weight:400 !important;\r\ntext-transform: uppercase;\r\n}.related-post .post-list .item .post_thumb {\r\n            max-height: 180px;\r\n            margin: 10px 0px;\r\n            padding: 0px;\r\n            display: block;\r\n                    }\r\n\r\n        .related-post .post-list .item .post_title {\r\n            font-size: 12px;\r\n            color: #607d8b;\r\n            margin: 10px 0px;\r\n            padding: 0px;\r\n            display: block;\r\n            text-decoration: none;\r\n                    }\r\n\r\n        .related-post .post-list .item .post_excerpt {\r\n            font-size: 13px;\r\n            color: #3f3f3f;\r\n            margin: 10px 0px;\r\n            padding: 0px;\r\n            display: block;\r\n            text-decoration: none;\r\n                    }\r\n\r\n        @media only screen and (min-width: 1024px) {\r\n            .related-post .post-list .item {\r\n                width: 22%;\r\n            }\r\n        }\r\n\r\n        @media only screen and (min-width: 768px) and (max-width: 1023px) {\r\n            .related-post .post-list .item {\r\n                width: 90%;\r\n            }\r\n        }\r\n\r\n        @media only screen and (min-width: 0px) and (max-width: 767px) {\r\n            .related-post .post-list .item {\r\n                width: 30%;\r\n            }\r\n        }\r\n\r\n            <\/style>\r\n        <\/div>\r\n","protected":false},"author":1,"featured_media":654,"comment_status":"open","ping_status":"open","sticky":false,"template":"","format":"standard","meta":{"content-type":""},"categories":[2],"tags":[741,9,575,10,250,739,742,613,249,366,740,729],"yoast_head":"<!-- This site is optimized with the Yoast SEO plugin v20.7 - https:\/\/yoast.com\/wordpress\/plugins\/seo\/ -->\n<title>Una fecha ideal para celebrar un Baby Shower - El Blog de evento.love<\/title>\n<meta name=\"description\" content=\"\u00bfDudas de la fecha para celebrar tu baby shower? En el siguiente post te damos las claves para elegir el mejor d\u00eda para un evento tan importante.\" \/>\n<meta name=\"robots\" content=\"index, follow, max-snippet:-1, max-image-preview:large, max-video-preview:-1\" \/>\n<meta property=\"og:locale\" content=\"es_ES\" \/>\n<meta property=\"og:type\" content=\"article\" \/>\n<meta property=\"og:title\" content=\"Una fecha ideal para celebrar un Baby Shower - El Blog de evento.love\" \/>\n<meta property=\"og:description\" content=\"\u00bfDudas de la fecha para celebrar tu baby shower? En el siguiente post te damos las claves para elegir el mejor d\u00eda para un evento tan importante.\" \/>\n<meta property=\"og:url\" content=\"https:\/\/www.evento.love\/blog\/una-fecha-ideal-para-celebrar-un-baby-shower-madrid\/\" \/>\n<meta property=\"og:site_name\" content=\"El Blog de evento.love\" \/>\n<meta property=\"article:publisher\" content=\"https:\/\/www.facebook.com\/Evento.love\/\" \/>\n<meta property=\"article:published_time\" content=\"2017-04-06T13:00:48+00:00\" \/>\n<meta property=\"article:modified_time\" content=\"2018-10-01T14:43:18+00:00\" \/>\n<meta property=\"og:image\" content=\"https:\/\/www.evento.love\/blog\/wp-content\/uploads\/2017\/03\/17_03_05.jpg\" \/>\n\t<meta property=\"og:image:width\" content=\"847\" \/>\n\t<meta property=\"og:image:height\" content=\"470\" \/>\n\t<meta property=\"og:image:type\" content=\"image\/jpeg\" \/>\n<meta name=\"author\" content=\"Evento Love\" \/>\n<meta name=\"twitter:card\" content=\"summary_large_image\" \/>\n<meta name=\"twitter:creator\" content=\"@Evento_love\" \/>\n<meta name=\"twitter:site\" content=\"@Evento_love\" \/>\n<meta name=\"twitter:label1\" content=\"Escrito por\" \/>\n\t<meta name=\"twitter:data1\" content=\"Evento Love\" \/>\n\t<meta name=\"twitter:label2\" content=\"Tiempo de lectura\" \/>\n\t<meta name=\"twitter:data2\" content=\"2 minutos\" \/>\n<!-- \/ Yoast SEO plugin. -->","yoast_head_json":{"title":"Una fecha ideal para celebrar un Baby Shower - El Blog de evento.love","description":"\u00bfDudas de la fecha para celebrar tu baby shower? En el siguiente post te damos las claves para elegir el mejor d\u00eda para un evento tan importante.","robots":{"index":"index","follow":"follow","max-snippet":"max-snippet:-1","max-image-preview":"max-image-preview:large","max-video-preview":"max-video-preview:-1"},"og_locale":"es_ES","og_type":"article","og_title":"Una fecha ideal para celebrar un Baby Shower - El Blog de evento.love","og_description":"\u00bfDudas de la fecha para celebrar tu baby shower? En el siguiente post te damos las claves para elegir el mejor d\u00eda para un evento tan importante.","og_url":"https:\/\/www.evento.love\/blog\/una-fecha-ideal-para-celebrar-un-baby-shower-madrid\/","og_site_name":"El Blog de evento.love","article_publisher":"https:\/\/www.facebook.com\/Evento.love\/","article_published_time":"2017-04-06T13:00:48+00:00","article_modified_time":"2018-10-01T14:43:18+00:00","og_image":[{"width":847,"height":470,"url":"https:\/\/www.evento.love\/blog\/wp-content\/uploads\/2017\/03\/17_03_05.jpg","type":"image\/jpeg"}],"author":"Evento Love","twitter_card":"summary_large_image","twitter_creator":"@Evento_love","twitter_site":"@Evento_love","twitter_misc":{"Escrito por":"Evento Love","Tiempo de lectura":"2 minutos"},"schema":{"@context":"https:\/\/schema.org","@graph":[{"@type":"Article","@id":"https:\/\/www.evento.love\/blog\/una-fecha-ideal-para-celebrar-un-baby-shower-madrid\/#article","isPartOf":{"@id":"https:\/\/www.evento.love\/blog\/una-fecha-ideal-para-celebrar-un-baby-shower-madrid\/"},"author":{"name":"Evento Love","@id":"https:\/\/www.evento.love\/blog\/#\/schema\/person\/a184c2ed424b7fb3006372ce8051542c"},"headline":"Una fecha ideal para celebrar un Baby Shower","datePublished":"2017-04-06T13:00:48+00:00","dateModified":"2018-10-01T14:43:18+00:00","mainEntityOfPage":{"@id":"https:\/\/www.evento.love\/blog\/una-fecha-ideal-para-celebrar-un-baby-shower-madrid\/"},"wordCount":461,"commentCount":0,"publisher":{"@id":"https:\/\/www.evento.love\/blog\/#organization"},"keywords":["alergia primaveral","baby shower","capital","consejos baby shower","decoracion floral","dia de la madre","fecha se\u00f1alada","fiesta del bebe","flores","madrid","mayo","primavera"],"articleSection":["Baby Shower"],"inLanguage":"es","potentialAction":[{"@type":"CommentAction","name":"Comment","target":["https:\/\/www.evento.love\/blog\/una-fecha-ideal-para-celebrar-un-baby-shower-madrid\/#respond"]}]},{"@type":"WebPage","@id":"https:\/\/www.evento.love\/blog\/una-fecha-ideal-para-celebrar-un-baby-shower-madrid\/","url":"https:\/\/www.evento.love\/blog\/una-fecha-ideal-para-celebrar-un-baby-shower-madrid\/","name":"Una fecha ideal para celebrar un Baby Shower - El Blog de evento.love","isPartOf":{"@id":"https:\/\/www.evento.love\/blog\/#website"},"datePublished":"2017-04-06T13:00:48+00:00","dateModified":"2018-10-01T14:43:18+00:00","description":"\u00bfDudas de la fecha para celebrar tu baby shower? En el siguiente post te damos las claves para elegir el mejor d\u00eda para un evento tan importante.","breadcrumb":{"@id":"https:\/\/www.evento.love\/blog\/una-fecha-ideal-para-celebrar-un-baby-shower-madrid\/#breadcrumb"},"inLanguage":"es","potentialAction":[{"@type":"ReadAction","target":["https:\/\/www.evento.love\/blog\/una-fecha-ideal-para-celebrar-un-baby-shower-madrid\/"]}]},{"@type":"BreadcrumbList","@id":"https:\/\/www.evento.love\/blog\/una-fecha-ideal-para-celebrar-un-baby-shower-madrid\/#breadcrumb","itemListElement":[{"@type":"ListItem","position":1,"name":"Evento.love","item":"https:\/\/www.evento.love\/blog\/"},{"@type":"ListItem","position":2,"name":"Baby Shower","item":"https:\/\/www.evento.love\/blog\/category\/baby-shower\/"},{"@type":"ListItem","position":3,"name":"Una fecha ideal para celebrar un Baby Shower"}]},{"@type":"WebSite","@id":"https:\/\/www.evento.love\/blog\/#website","url":"https:\/\/www.evento.love\/blog\/","name":"El Blog de evento.love","description":"T\u00fa lo mereces. Disfruta de tu momento","publisher":{"@id":"https:\/\/www.evento.love\/blog\/#organization"},"potentialAction":[{"@type":"SearchAction","target":{"@type":"EntryPoint","urlTemplate":"https:\/\/www.evento.love\/blog\/?s={search_term_string}"},"query-input":"required name=search_term_string"}],"inLanguage":"es"},{"@type":"Organization","@id":"https:\/\/www.evento.love\/blog\/#organization","name":"evento.love","url":"https:\/\/www.evento.love\/blog\/","logo":{"@type":"ImageObject","inLanguage":"es","@id":"https:\/\/www.evento.love\/blog\/#\/schema\/logo\/image\/","url":"https:\/\/www.evento.love\/blog\/wp-content\/uploads\/2016\/07\/logo-evento-love.png","contentUrl":"https:\/\/www.evento.love\/blog\/wp-content\/uploads\/2016\/07\/logo-evento-love.png","width":197,"height":59,"caption":"evento.love"},"image":{"@id":"https:\/\/www.evento.love\/blog\/#\/schema\/logo\/image\/"},"sameAs":["https:\/\/www.facebook.com\/Evento.love\/","https:\/\/twitter.com\/Evento_love","https:\/\/www.instagram.com\/evento.love\/","https:\/\/es.pinterest.com\/evento_love\/","https:\/\/www.youtube.com\/channel\/UCcVbo6ymzx-7FlDJja8aQnw"]},{"@type":"Person","@id":"https:\/\/www.evento.love\/blog\/#\/schema\/person\/a184c2ed424b7fb3006372ce8051542c","name":"Evento Love"}]}},"_links":{"self":[{"href":"https:\/\/www.evento.love\/blog\/wp-json\/wp\/v2\/posts\/653"}],"collection":[{"href":"https:\/\/www.evento.love\/blog\/wp-json\/wp\/v2\/posts"}],"about":[{"href":"https:\/\/www.evento.love\/blog\/wp-json\/wp\/v2\/types\/post"}],"author":[{"embeddable":true,"href":"https:\/\/www.evento.love\/blog\/wp-json\/wp\/v2\/users\/1"}],"replies":[{"embeddable":true,"href":"https:\/\/www.evento.love\/blog\/wp-json\/wp\/v2\/comments?post=653"}],"version-history":[{"count":2,"href":"https:\/\/www.evento.love\/blog\/wp-json\/wp\/v2\/posts\/653\/revisions"}],"predecessor-version":[{"id":2561,"href":"https:\/\/www.evento.love\/blog\/wp-json\/wp\/v2\/posts\/653\/revisions\/2561"}],"wp:featuredmedia":[{"embeddable":true,"href":"https:\/\/www.evento.love\/blog\/wp-json\/wp\/v2\/media\/654"}],"wp:attachment":[{"href":"https:\/\/www.evento.love\/blog\/wp-json\/wp\/v2\/media?parent=653"}],"wp:term":[{"taxonomy":"category","embeddable":true,"href":"https:\/\/www.evento.love\/blog\/wp-json\/wp\/v2\/categories?post=653"},{"taxonomy":"post_tag","embeddable":true,"href":"https:\/\/www.evento.love\/blog\/wp-json\/wp\/v2\/tags?post=653"}],"curies":[{"name":"wp","href":"https:\/\/api.w.org\/{rel}","templated":true}]}}