{"id":6740,"date":"2021-09-14T10:00:07","date_gmt":"2021-09-14T08:00:07","guid":{"rendered":"https:\/\/www.evento.love\/blog\/?p=6740"},"modified":"2021-09-14T17:37:57","modified_gmt":"2021-09-14T15:37:57","slug":"la-patrulla-canina-en-el-cumpleanos-del-pequeno-rodrigo","status":"publish","type":"post","link":"https:\/\/www.evento.love\/blog\/la-patrulla-canina-en-el-cumpleanos-del-pequeno-rodrigo\/","title":{"rendered":"La Patrulla Canina no pod\u00eda faltar en el cumplea\u00f1os del peque\u00f1o Rodrigo"},"content":{"rendered":"<p>Cuando a un ni\u00f1o le gusta una serie de dibujos o una pel\u00edcula, todo gira alrededor de sus personajes. No se cansan de ver los cap\u00edtulos o el film una y otra vez, se saben los di\u00e1logos de memoria y quieren que sus peluches, su mochila y su estuche est\u00e9n basados en sus personajes favoritos. Por ello, cuando Silvia y Aitor nos encargaron el photocall del cumplea\u00f1os de su hijo Rodrigo, <strong>al preguntarles si hab\u00edan pensado en la tem\u00e1tica, ambos contestaron al un\u00edsono: \u00a1La Patrulla Canina!<\/strong><\/p>\n<p><!--more--><\/p>\n<p>Enseguida nos pusimos manos a la obra. \u00a1<strong>No pod\u00edamos defraudar a esta maravillosa familia y sobre todo de nuestro querido Rodrigo<\/strong>, absoluto protagonista de la peque\u00f1a reuni\u00f3n familiar que tendr\u00eda lugar el d\u00eda de su cumplea\u00f1os!<\/p>\n<h2>En cada momento especial<\/h2>\n<p>Hay clientes que son mucho m\u00e1s clientes, y esta familia, formada por Silvia (@ohmylooks) y Aitor, y sus hijos Jimena y Rodrigo, son muy especiales para nosotros, ya que <strong>nos permiten participar en los acontecimientos familiares m\u00e1s importantes.<\/strong><\/p>\n<p>Nuestra relaci\u00f3n comenz\u00f3 cuando<strong> Aitor, el pap\u00e1, nos encarg\u00f3 el baby shower de Rodrigo<\/strong><strong>.<\/strong> Era una sorpresa que hab\u00eda preparado a Silvia, y la hicimos con todo el cari\u00f1o del mundo, pensando en la ilusi\u00f3n que le iba a hacer a la futura mam\u00e1. \u00a1Y as\u00ed fue! Despu\u00e9s, siempre nos han hecho sentir parte de la familia. \u00a1Imposible olvidar la cara de Jimena cuando vio la decoraci\u00f3n de su \u00faltimo cumplea\u00f1os, ambientado en la pel\u00edcula de Frozen!<\/p>\n<h2>Photocall de La Patrulla Canina<\/h2>\n<p>Para el cumplea\u00f1os de Rodrigo pensamos en un photocall de La Patrulla Canina, los dibujos por los que todos los ni\u00f1os sienten pasi\u00f3n. En un rinc\u00f3n de la casa lo montamos todo. <strong>No pod\u00edan faltar los simp\u00e1ticos cachorros que tanto hacen re\u00edr a Rodrigo, acompa\u00f1ados por Ryder<\/strong>, el ni\u00f1o protagonista. Todos posar\u00edan encantados junto a los invitados de este cumplea\u00f1os \u00edntimo y familiar que finalmente result\u00f3 todo un \u00e9xito.<\/p>\n<p>Para acompa\u00f1ar el p\u00f3ster de grandes dimensiones con los protagonistas de La Patrulla Canina se eligi\u00f3 una decoraci\u00f3n con globos en diferentes tonos azules y blancos. No pod\u00edan faltar alusiones al mundo animal, como los <strong>globos decorados con huellas de perro, los que ten\u00edan forma de hueso gigantesco y el c\u00e9sped artificial<\/strong> que terminar\u00eda de transformar este rinc\u00f3n de la casa, haci\u00e9ndolo muy especial para que Rodrigo disfrutara.<\/p>\n<p><img decoding=\"async\" loading=\"lazy\" class=\"aligncenter wp-image-6742 size-full\" src=\"https:\/\/www.evento.love\/blog\/wp-content\/uploads\/2021\/09\/eventolove-globos-decoracion-fiesta-party-patrullacanina-scaled.jpeg\" alt=\"eventolove-globos-decoracion-fiesta-party-patrullacanina\" width=\"2560\" height=\"1442\" srcset=\"https:\/\/www.evento.love\/blog\/wp-content\/uploads\/2021\/09\/eventolove-globos-decoracion-fiesta-party-patrullacanina-scaled.jpeg 2560w, https:\/\/www.evento.love\/blog\/wp-content\/uploads\/2021\/09\/eventolove-globos-decoracion-fiesta-party-patrullacanina-300x169.jpeg 300w, https:\/\/www.evento.love\/blog\/wp-content\/uploads\/2021\/09\/eventolove-globos-decoracion-fiesta-party-patrullacanina-1024x577.jpeg 1024w, https:\/\/www.evento.love\/blog\/wp-content\/uploads\/2021\/09\/eventolove-globos-decoracion-fiesta-party-patrullacanina-768x432.jpeg 768w, https:\/\/www.evento.love\/blog\/wp-content\/uploads\/2021\/09\/eventolove-globos-decoracion-fiesta-party-patrullacanina-1536x865.jpeg 1536w, https:\/\/www.evento.love\/blog\/wp-content\/uploads\/2021\/09\/eventolove-globos-decoracion-fiesta-party-patrullacanina-2048x1153.jpeg 2048w, https:\/\/www.evento.love\/blog\/wp-content\/uploads\/2021\/09\/eventolove-globos-decoracion-fiesta-party-patrullacanina-479x270.jpeg 479w\" sizes=\"(max-width: 2560px) 100vw, 2560px\" \/><\/p>\n<h2>\u00c9xito en la decoraci\u00f3n<\/h2>\n<p>El secreto para tener \u00e9xito en una decoraci\u00f3n de cumplea\u00f1os es no solo prepararla y montarla con mimo, sino <strong>acertar<\/strong> <strong>en la tem\u00e1tica<\/strong>. En el caso de Rodrigo, sus pap\u00e1s tuvieron claro que los personajes de La Patrulla Canina iban a hacerle muy feliz. Y nosotros lo preparamos todo, investigando como siempre cu\u00e1les son los valores que los dibujos transmiten y cu\u00e1l es el decorado m\u00e1s adecuado para cada ocasi\u00f3n.<\/p>\n<p>Este photocall no es solo un mero decorado. Es <strong>un rinc\u00f3n que refleja los gustos del ni\u00f1o, que le permite ser feliz en su cumplea\u00f1os y que alegra un d\u00eda tan especial a la familia<\/strong> y a los invitados. Le quedar\u00e1n para siempre unas fotos incre\u00edbles que le recordar\u00e1n lo bien que lo pasaron todos juntos el d\u00eda de su cumplea\u00f1os y lo querido que se sinti\u00f3.<\/p>\n<p>Gracias, Aitor y Silvia, por dejar que Evento.love haya estado presente en otro de los momentos importantes e inolvidables de vuestra familia. <strong>Fue un aut\u00e9ntico placer dejaros tan satisfechos con el resultado<\/strong> y, sobre todo, ver a Rodrigo disfrutar tanto de su cumplea\u00f1os, convirti\u00e9ndose en uno m\u00e1s de La Patrulla Canina.<\/p>\n<p>&nbsp;<\/p>\n    <div class=\"related-post grid\">\r\n                <div class=\"headline\">M\u00e1s art\u00edculos a tener en cuenta<\/div>\r\n        <div class=\"post-list \">\r\n\r\n                        <div class=\"item\">\r\n                        <div class=\"thumb post_thumb\">\r\n        <a  title=\"Baby Shower, mucho m\u00e1s que un evento social\" href=\"https:\/\/www.evento.love\/blog\/baby-shower-evento-social-madrid\/\">\r\n\r\n            <img width=\"150\" height=\"150\" src=\"https:\/\/www.evento.love\/blog\/wp-content\/uploads\/2016\/07\/babyshower-150x150.jpg\" class=\"attachment-thumbnail size-thumbnail wp-post-image\" alt=\"baby shower-fiesta-beb\u00e9-embarazo-embarazada\" decoding=\"async\" loading=\"lazy\" \/>\r\n\r\n        <\/a>\r\n    <\/div>\r\n\r\n    <a class=\"title post_title\"  title=\"Baby Shower, mucho m\u00e1s que un evento social\" href=\"https:\/\/www.evento.love\/blog\/baby-shower-evento-social-madrid\/\">\r\n                Baby Shower, mucho m\u00e1s que un evento social    <\/a>\r\n\r\n                <\/div>\r\n                            <div class=\"item\">\r\n                        <div class=\"thumb post_thumb\">\r\n        <a  title=\"12 consejos para un Baby Shower perfecto\" href=\"https:\/\/www.evento.love\/blog\/12-consejos-baby-shower-perfecto-madrid\/\">\r\n\r\n            <img width=\"150\" height=\"150\" src=\"https:\/\/www.evento.love\/blog\/wp-content\/uploads\/2016\/09\/16_05_20_12_consejos-para-que-tu-Baby-Shower-sea-perfecto-150x150.jpg\" class=\"attachment-thumbnail size-thumbnail wp-post-image\" alt=\"Baby Shower-perfecto-beb\u00e9-embarazado-embarazada-fiesta-babyshower\" decoding=\"async\" loading=\"lazy\" \/>\r\n\r\n        <\/a>\r\n    <\/div>\r\n\r\n    <a class=\"title post_title\"  title=\"12 consejos para un Baby Shower perfecto\" href=\"https:\/\/www.evento.love\/blog\/12-consejos-baby-shower-perfecto-madrid\/\">\r\n                12 consejos para un Baby Shower perfecto    <\/a>\r\n\r\n                <\/div>\r\n                            <div class=\"item\">\r\n                        <div class=\"thumb post_thumb\">\r\n        <a  title=\"Cu\u00e1ndo hacer el Baby Shower\" href=\"https:\/\/www.evento.love\/blog\/cuando-hacer-el-baby-shower-madrid\/\">\r\n\r\n            <img width=\"150\" height=\"150\" src=\"https:\/\/www.evento.love\/blog\/wp-content\/uploads\/2016\/09\/16_05_23_Cuando-hacer-el-Baby-Shower-150x150.jpg\" class=\"attachment-thumbnail size-thumbnail wp-post-image\" alt=\"Cu\u00e1ndo hacer el baby shower beb\u00e9 embarazo fiesta en Madrid\" decoding=\"async\" loading=\"lazy\" \/>\r\n\r\n        <\/a>\r\n    <\/div>\r\n\r\n    <a class=\"title post_title\"  title=\"Cu\u00e1ndo hacer el Baby Shower\" href=\"https:\/\/www.evento.love\/blog\/cuando-hacer-el-baby-shower-madrid\/\">\r\n                Cu\u00e1ndo hacer el Baby Shower    <\/a>\r\n\r\n                <\/div>\r\n                            <div class=\"item\">\r\n                        <div class=\"thumb post_thumb\">\r\n        <a  title=\"Baby Shower: Elaborando la lista de invitados\" href=\"https:\/\/www.evento.love\/blog\/baby-shower-lista-invitados-madrid\/\">\r\n\r\n            <img width=\"150\" height=\"150\" src=\"https:\/\/www.evento.love\/blog\/wp-content\/uploads\/2016\/09\/16_05_30_Baby-Shower-elaborando-la-lista-de-invitados-150x150.jpg\" class=\"attachment-thumbnail size-thumbnail wp-post-image\" alt=\"\" decoding=\"async\" loading=\"lazy\" \/>\r\n\r\n        <\/a>\r\n    <\/div>\r\n\r\n    <a class=\"title post_title\"  title=\"Baby Shower: Elaborando la lista de invitados\" href=\"https:\/\/www.evento.love\/blog\/baby-shower-lista-invitados-madrid\/\">\r\n                Baby Shower: Elaborando la lista de invitados    <\/a>\r\n\r\n                <\/div>\r\n            \r\n    <\/div>\r\n\r\n    <script>\r\n            <\/script>\r\n    <style>\r\n        .related-post {}\r\n\r\n        .related-post .post-list {\r\n            text-align: left;\r\n                    }\r\n\r\n        .related-post .post-list .item {\r\n            margin: 5px 10px;\r\n            padding: 0px;\r\n                    }\r\n\r\n        .related-post .headline {\r\n            font-size: 24px !important;\r\n            color: #000000 !important;\r\n                    }\r\n\r\n        .related-post .headline{\r\nfont-weight:400 !important;\r\ntext-transform: uppercase;\r\n}.related-post .post-list .item .post_thumb {\r\n            max-height: 180px;\r\n            margin: 10px 0px;\r\n            padding: 0px;\r\n            display: block;\r\n                    }\r\n\r\n        .related-post .post-list .item .post_title {\r\n            font-size: 12px;\r\n            color: #607d8b;\r\n            margin: 10px 0px;\r\n            padding: 0px;\r\n            display: block;\r\n            text-decoration: none;\r\n                    }\r\n\r\n        .related-post .post-list .item .post_excerpt {\r\n            font-size: 13px;\r\n            color: #3f3f3f;\r\n            margin: 10px 0px;\r\n            padding: 0px;\r\n            display: block;\r\n            text-decoration: none;\r\n                    }\r\n\r\n        @media only screen and (min-width: 1024px) {\r\n            .related-post .post-list .item {\r\n                width: 22%;\r\n            }\r\n        }\r\n\r\n        @media only screen and (min-width: 768px) and (max-width: 1023px) {\r\n            .related-post .post-list .item {\r\n                width: 90%;\r\n            }\r\n        }\r\n\r\n        @media only screen and (min-width: 0px) and (max-width: 767px) {\r\n            .related-post .post-list .item {\r\n                width: 30%;\r\n            }\r\n        }\r\n\r\n            <\/style>\r\n        <\/div>\r\n<!-- AddThis Advanced Settings generic via filter on the_content --><!-- AddThis Share Buttons generic via filter on the_content -->","protected":false},"excerpt":{"rendered":"<p>Cuando a un ni\u00f1o le gusta una serie de dibujos o una pel\u00edcula, todo gira alrededor de sus personajes. No se cansan de ver los cap\u00edtulos o el film una y otra vez, se saben los di\u00e1logos de memoria y quieren que sus peluches, su mochila y su estuche est\u00e9n basados en sus personajes favoritos. Por ello, cuando Silvia y Aitor nos encargaron el photocall del cumplea\u00f1os de su hijo Rodrigo, al preguntarles si hab\u00edan pensado en la tem\u00e1tica, ambos&#8230;<\/p>\n<p class=\"read-more\"><a class=\"btn btn-default\" href=\"https:\/\/www.evento.love\/blog\/baby-shower-lista-invitados-madrid\/\"> Leer m\u00e1s<span class=\"screen-reader-text\">  Leer m\u00e1s<\/span><\/a><\/p>\n<p><!-- AddThis Advanced Settings generic via filter on get_the_excerpt --><!-- AddThis Share Buttons generic via filter on get_the_excerpt --><\/p>\n    <div class=\"related-post grid\">\r\n                <div class=\"headline\">M\u00e1s art\u00edculos a tener en cuenta<\/div>\r\n        <div class=\"post-list \">\r\n\r\n                        <div class=\"item\">\r\n                        <div class=\"thumb post_thumb\">\r\n        <a  title=\"Baby Shower, mucho m\u00e1s que un evento social\" href=\"https:\/\/www.evento.love\/blog\/baby-shower-evento-social-madrid\/\">\r\n\r\n            <img width=\"150\" height=\"150\" src=\"https:\/\/www.evento.love\/blog\/wp-content\/uploads\/2016\/07\/babyshower-150x150.jpg\" class=\"attachment-thumbnail size-thumbnail wp-post-image\" alt=\"baby shower-fiesta-beb\u00e9-embarazo-embarazada\" decoding=\"async\" loading=\"lazy\" \/>\r\n\r\n        <\/a>\r\n    <\/div>\r\n\r\n    <a class=\"title post_title\"  title=\"Baby Shower, mucho m\u00e1s que un evento social\" href=\"https:\/\/www.evento.love\/blog\/baby-shower-evento-social-madrid\/\">\r\n                Baby Shower, mucho m\u00e1s que un evento social    <\/a>\r\n\r\n                <\/div>\r\n                            <div class=\"item\">\r\n                        <div class=\"thumb post_thumb\">\r\n        <a  title=\"12 consejos para un Baby Shower perfecto\" href=\"https:\/\/www.evento.love\/blog\/12-consejos-baby-shower-perfecto-madrid\/\">\r\n\r\n            <img width=\"150\" height=\"150\" src=\"https:\/\/www.evento.love\/blog\/wp-content\/uploads\/2016\/09\/16_05_20_12_consejos-para-que-tu-Baby-Shower-sea-perfecto-150x150.jpg\" class=\"attachment-thumbnail size-thumbnail wp-post-image\" alt=\"Baby Shower-perfecto-beb\u00e9-embarazado-embarazada-fiesta-babyshower\" decoding=\"async\" loading=\"lazy\" \/>\r\n\r\n        <\/a>\r\n    <\/div>\r\n\r\n    <a class=\"title post_title\"  title=\"12 consejos para un Baby Shower perfecto\" href=\"https:\/\/www.evento.love\/blog\/12-consejos-baby-shower-perfecto-madrid\/\">\r\n                12 consejos para un Baby Shower perfecto    <\/a>\r\n\r\n                <\/div>\r\n                            <div class=\"item\">\r\n                        <div class=\"thumb post_thumb\">\r\n        <a  title=\"Cu\u00e1ndo hacer el Baby Shower\" href=\"https:\/\/www.evento.love\/blog\/cuando-hacer-el-baby-shower-madrid\/\">\r\n\r\n            <img width=\"150\" height=\"150\" src=\"https:\/\/www.evento.love\/blog\/wp-content\/uploads\/2016\/09\/16_05_23_Cuando-hacer-el-Baby-Shower-150x150.jpg\" class=\"attachment-thumbnail size-thumbnail wp-post-image\" alt=\"Cu\u00e1ndo hacer el baby shower beb\u00e9 embarazo fiesta en Madrid\" decoding=\"async\" loading=\"lazy\" \/>\r\n\r\n        <\/a>\r\n    <\/div>\r\n\r\n    <a class=\"title post_title\"  title=\"Cu\u00e1ndo hacer el Baby Shower\" href=\"https:\/\/www.evento.love\/blog\/cuando-hacer-el-baby-shower-madrid\/\">\r\n                Cu\u00e1ndo hacer el Baby Shower    <\/a>\r\n\r\n                <\/div>\r\n                            <div class=\"item\">\r\n                        <div class=\"thumb post_thumb\">\r\n        <a  title=\"\u00bfQui\u00e9n debe organizar el Baby Shower?\" href=\"https:\/\/www.evento.love\/blog\/quien-organizar-baby-shower-madrid\/\">\r\n\r\n            <img width=\"150\" height=\"150\" src=\"https:\/\/www.evento.love\/blog\/wp-content\/uploads\/2016\/09\/16_05_29_Qui\u00e9n-organiza-el-Baby-Shower-150x150.jpg\" class=\"attachment-thumbnail size-thumbnail wp-post-image\" alt=\"Organizaci\u00f3n Baby Shower Madrid fiesta beb\u00e9 embarazada\" decoding=\"async\" loading=\"lazy\" \/>\r\n\r\n        <\/a>\r\n    <\/div>\r\n\r\n    <a class=\"title post_title\"  title=\"\u00bfQui\u00e9n debe organizar el Baby Shower?\" href=\"https:\/\/www.evento.love\/blog\/quien-organizar-baby-shower-madrid\/\">\r\n                \u00bfQui\u00e9n debe organizar el Baby Shower?    <\/a>\r\n\r\n                <\/div>\r\n            \r\n    <\/div>\r\n\r\n    <script>\r\n            <\/script>\r\n    <style>\r\n        .related-post {}\r\n\r\n        .related-post .post-list {\r\n            text-align: left;\r\n                    }\r\n\r\n        .related-post .post-list .item {\r\n            margin: 5px 10px;\r\n            padding: 0px;\r\n                    }\r\n\r\n        .related-post .headline {\r\n            font-size: 24px !important;\r\n            color: #000000 !important;\r\n                    }\r\n\r\n        .related-post .headline{\r\nfont-weight:400 !important;\r\ntext-transform: uppercase;\r\n}.related-post .post-list .item .post_thumb {\r\n            max-height: 180px;\r\n            margin: 10px 0px;\r\n            padding: 0px;\r\n            display: block;\r\n                    }\r\n\r\n        .related-post .post-list .item .post_title {\r\n            font-size: 12px;\r\n            color: #607d8b;\r\n            margin: 10px 0px;\r\n            padding: 0px;\r\n            display: block;\r\n            text-decoration: none;\r\n                    }\r\n\r\n        .related-post .post-list .item .post_excerpt {\r\n            font-size: 13px;\r\n            color: #3f3f3f;\r\n            margin: 10px 0px;\r\n            padding: 0px;\r\n            display: block;\r\n            text-decoration: none;\r\n                    }\r\n\r\n        @media only screen and (min-width: 1024px) {\r\n            .related-post .post-list .item {\r\n                width: 22%;\r\n            }\r\n        }\r\n\r\n        @media only screen and (min-width: 768px) and (max-width: 1023px) {\r\n            .related-post .post-list .item {\r\n                width: 90%;\r\n            }\r\n        }\r\n\r\n        @media only screen and (min-width: 0px) and (max-width: 767px) {\r\n            .related-post .post-list .item {\r\n                width: 30%;\r\n            }\r\n        }\r\n\r\n            <\/style>\r\n        <\/div>\r\n","protected":false},"author":1,"featured_media":6741,"comment_status":"open","ping_status":"open","sticky":false,"template":"","format":"standard","meta":{"content-type":""},"categories":[57,391],"tags":[13,9,487,27,70,447,316,969,446,1061,669,668,309,818,40],"yoast_head":"<!-- This site is optimized with the Yoast SEO plugin v20.7 - https:\/\/yoast.com\/wordpress\/plugins\/seo\/ -->\n<title>La Patrulla Canina, en el cumplea\u00f1os del peque\u00f1o Rodrigo<\/title>\n<meta name=\"description\" content=\"La Patrulla Canina de cumplea\u00f1os. En evento.love somos expertos en organizaci\u00f3n de eventos \u00fanicos y personalizados en Madrid. \u00a1Compru\u00e9balo!\" \/>\n<meta name=\"robots\" content=\"index, follow, max-snippet:-1, max-image-preview:large, max-video-preview:-1\" \/>\n<meta property=\"og:locale\" content=\"es_ES\" \/>\n<meta property=\"og:type\" content=\"article\" \/>\n<meta property=\"og:title\" content=\"La Patrulla Canina, en el cumplea\u00f1os del peque\u00f1o Rodrigo\" \/>\n<meta property=\"og:description\" content=\"La Patrulla Canina de cumplea\u00f1os. En evento.love somos expertos en organizaci\u00f3n de eventos \u00fanicos y personalizados en Madrid. \u00a1Compru\u00e9balo!\" \/>\n<meta property=\"og:url\" content=\"https:\/\/www.evento.love\/blog\/la-patrulla-canina-en-el-cumpleanos-del-pequeno-rodrigo\/\" \/>\n<meta property=\"og:site_name\" content=\"El Blog de evento.love\" \/>\n<meta property=\"article:publisher\" content=\"https:\/\/www.facebook.com\/Evento.love\/\" \/>\n<meta property=\"article:published_time\" content=\"2021-09-14T08:00:07+00:00\" \/>\n<meta property=\"article:modified_time\" content=\"2021-09-14T15:37:57+00:00\" \/>\n<meta property=\"og:image\" content=\"https:\/\/www.evento.love\/blog\/wp-content\/uploads\/2021\/09\/eventolove-partyplanner-globos-balloons-balloonsdecor-decoracion-pawpatrol-patrullacanina-scaled.jpeg\" \/>\n\t<meta property=\"og:image:width\" content=\"2560\" \/>\n\t<meta property=\"og:image:height\" content=\"1442\" \/>\n\t<meta property=\"og:image:type\" content=\"image\/jpeg\" \/>\n<meta name=\"author\" content=\"Evento Love\" \/>\n<meta name=\"twitter:card\" content=\"summary_large_image\" \/>\n<meta name=\"twitter:creator\" content=\"@Evento_love\" \/>\n<meta name=\"twitter:site\" content=\"@Evento_love\" \/>\n<meta name=\"twitter:label1\" content=\"Escrito por\" \/>\n\t<meta name=\"twitter:data1\" content=\"Evento Love\" \/>\n\t<meta name=\"twitter:label2\" content=\"Tiempo de lectura\" \/>\n\t<meta name=\"twitter:data2\" content=\"3 minutos\" \/>\n<!-- \/ Yoast SEO plugin. -->","yoast_head_json":{"title":"La Patrulla Canina, en el cumplea\u00f1os del peque\u00f1o Rodrigo","description":"La Patrulla Canina de cumplea\u00f1os. En evento.love somos expertos en organizaci\u00f3n de eventos \u00fanicos y personalizados en Madrid. \u00a1Compru\u00e9balo!","robots":{"index":"index","follow":"follow","max-snippet":"max-snippet:-1","max-image-preview":"max-image-preview:large","max-video-preview":"max-video-preview:-1"},"og_locale":"es_ES","og_type":"article","og_title":"La Patrulla Canina, en el cumplea\u00f1os del peque\u00f1o Rodrigo","og_description":"La Patrulla Canina de cumplea\u00f1os. En evento.love somos expertos en organizaci\u00f3n de eventos \u00fanicos y personalizados en Madrid. \u00a1Compru\u00e9balo!","og_url":"https:\/\/www.evento.love\/blog\/la-patrulla-canina-en-el-cumpleanos-del-pequeno-rodrigo\/","og_site_name":"El Blog de evento.love","article_publisher":"https:\/\/www.facebook.com\/Evento.love\/","article_published_time":"2021-09-14T08:00:07+00:00","article_modified_time":"2021-09-14T15:37:57+00:00","og_image":[{"width":2560,"height":1442,"url":"https:\/\/www.evento.love\/blog\/wp-content\/uploads\/2021\/09\/eventolove-partyplanner-globos-balloons-balloonsdecor-decoracion-pawpatrol-patrullacanina-scaled.jpeg","type":"image\/jpeg"}],"author":"Evento Love","twitter_card":"summary_large_image","twitter_creator":"@Evento_love","twitter_site":"@Evento_love","twitter_misc":{"Escrito por":"Evento Love","Tiempo de lectura":"3 minutos"},"schema":{"@context":"https:\/\/schema.org","@graph":[{"@type":"Article","@id":"https:\/\/www.evento.love\/blog\/la-patrulla-canina-en-el-cumpleanos-del-pequeno-rodrigo\/#article","isPartOf":{"@id":"https:\/\/www.evento.love\/blog\/la-patrulla-canina-en-el-cumpleanos-del-pequeno-rodrigo\/"},"author":{"name":"Evento Love","@id":"https:\/\/www.evento.love\/blog\/#\/schema\/person\/a184c2ed424b7fb3006372ce8051542c"},"headline":"La Patrulla Canina no pod\u00eda faltar en el cumplea\u00f1os del peque\u00f1o Rodrigo","datePublished":"2021-09-14T08:00:07+00:00","dateModified":"2021-09-14T15:37:57+00:00","mainEntityOfPage":{"@id":"https:\/\/www.evento.love\/blog\/la-patrulla-canina-en-el-cumpleanos-del-pequeno-rodrigo\/"},"wordCount":659,"commentCount":0,"publisher":{"@id":"https:\/\/www.evento.love\/blog\/#organization"},"keywords":["baby","baby shower","baby shower en madrid","babyshower","cumplea\u00f1os","cumplea\u00f1os en madrid","decoracion","decoraci\u00f3n con globos","decoracion de cumplea\u00f1os","decoraci\u00f3n de eventos","event planner","event planner madrid","fiesta de cumplea\u00f1os","organizaci\u00f3n de eventos","photocall"],"articleSection":["Cumplea\u00f1os","Nuestros eventos"],"inLanguage":"es","potentialAction":[{"@type":"CommentAction","name":"Comment","target":["https:\/\/www.evento.love\/blog\/la-patrulla-canina-en-el-cumpleanos-del-pequeno-rodrigo\/#respond"]}]},{"@type":"WebPage","@id":"https:\/\/www.evento.love\/blog\/la-patrulla-canina-en-el-cumpleanos-del-pequeno-rodrigo\/","url":"https:\/\/www.evento.love\/blog\/la-patrulla-canina-en-el-cumpleanos-del-pequeno-rodrigo\/","name":"La Patrulla Canina, en el cumplea\u00f1os del peque\u00f1o Rodrigo","isPartOf":{"@id":"https:\/\/www.evento.love\/blog\/#website"},"datePublished":"2021-09-14T08:00:07+00:00","dateModified":"2021-09-14T15:37:57+00:00","description":"La Patrulla Canina de cumplea\u00f1os. En evento.love somos expertos en organizaci\u00f3n de eventos \u00fanicos y personalizados en Madrid. \u00a1Compru\u00e9balo!","breadcrumb":{"@id":"https:\/\/www.evento.love\/blog\/la-patrulla-canina-en-el-cumpleanos-del-pequeno-rodrigo\/#breadcrumb"},"inLanguage":"es","potentialAction":[{"@type":"ReadAction","target":["https:\/\/www.evento.love\/blog\/la-patrulla-canina-en-el-cumpleanos-del-pequeno-rodrigo\/"]}]},{"@type":"BreadcrumbList","@id":"https:\/\/www.evento.love\/blog\/la-patrulla-canina-en-el-cumpleanos-del-pequeno-rodrigo\/#breadcrumb","itemListElement":[{"@type":"ListItem","position":1,"name":"Evento.love","item":"https:\/\/www.evento.love\/blog\/"},{"@type":"ListItem","position":2,"name":"Cumplea\u00f1os","item":"https:\/\/www.evento.love\/blog\/category\/cumpleanos\/"},{"@type":"ListItem","position":3,"name":"La Patrulla Canina no pod\u00eda faltar en el cumplea\u00f1os del peque\u00f1o Rodrigo"}]},{"@type":"WebSite","@id":"https:\/\/www.evento.love\/blog\/#website","url":"https:\/\/www.evento.love\/blog\/","name":"El Blog de evento.love","description":"T\u00fa lo mereces. Disfruta de tu momento","publisher":{"@id":"https:\/\/www.evento.love\/blog\/#organization"},"potentialAction":[{"@type":"SearchAction","target":{"@type":"EntryPoint","urlTemplate":"https:\/\/www.evento.love\/blog\/?s={search_term_string}"},"query-input":"required name=search_term_string"}],"inLanguage":"es"},{"@type":"Organization","@id":"https:\/\/www.evento.love\/blog\/#organization","name":"evento.love","url":"https:\/\/www.evento.love\/blog\/","logo":{"@type":"ImageObject","inLanguage":"es","@id":"https:\/\/www.evento.love\/blog\/#\/schema\/logo\/image\/","url":"https:\/\/www.evento.love\/blog\/wp-content\/uploads\/2016\/07\/logo-evento-love.png","contentUrl":"https:\/\/www.evento.love\/blog\/wp-content\/uploads\/2016\/07\/logo-evento-love.png","width":197,"height":59,"caption":"evento.love"},"image":{"@id":"https:\/\/www.evento.love\/blog\/#\/schema\/logo\/image\/"},"sameAs":["https:\/\/www.facebook.com\/Evento.love\/","https:\/\/twitter.com\/Evento_love","https:\/\/www.instagram.com\/evento.love\/","https:\/\/es.pinterest.com\/evento_love\/","https:\/\/www.youtube.com\/channel\/UCcVbo6ymzx-7FlDJja8aQnw"]},{"@type":"Person","@id":"https:\/\/www.evento.love\/blog\/#\/schema\/person\/a184c2ed424b7fb3006372ce8051542c","name":"Evento Love"}]}},"_links":{"self":[{"href":"https:\/\/www.evento.love\/blog\/wp-json\/wp\/v2\/posts\/6740"}],"collection":[{"href":"https:\/\/www.evento.love\/blog\/wp-json\/wp\/v2\/posts"}],"about":[{"href":"https:\/\/www.evento.love\/blog\/wp-json\/wp\/v2\/types\/post"}],"author":[{"embeddable":true,"href":"https:\/\/www.evento.love\/blog\/wp-json\/wp\/v2\/users\/1"}],"replies":[{"embeddable":true,"href":"https:\/\/www.evento.love\/blog\/wp-json\/wp\/v2\/comments?post=6740"}],"version-history":[{"count":2,"href":"https:\/\/www.evento.love\/blog\/wp-json\/wp\/v2\/posts\/6740\/revisions"}],"predecessor-version":[{"id":6746,"href":"https:\/\/www.evento.love\/blog\/wp-json\/wp\/v2\/posts\/6740\/revisions\/6746"}],"wp:featuredmedia":[{"embeddable":true,"href":"https:\/\/www.evento.love\/blog\/wp-json\/wp\/v2\/media\/6741"}],"wp:attachment":[{"href":"https:\/\/www.evento.love\/blog\/wp-json\/wp\/v2\/media?parent=6740"}],"wp:term":[{"taxonomy":"category","embeddable":true,"href":"https:\/\/www.evento.love\/blog\/wp-json\/wp\/v2\/categories?post=6740"},{"taxonomy":"post_tag","embeddable":true,"href":"https:\/\/www.evento.love\/blog\/wp-json\/wp\/v2\/tags?post=6740"}],"curies":[{"name":"wp","href":"https:\/\/api.w.org\/{rel}","templated":true}]}}