{"id":6921,"date":"2022-03-08T10:00:33","date_gmt":"2022-03-08T08:00:33","guid":{"rendered":"https:\/\/www.evento.love\/blog\/?p=6921"},"modified":"2022-07-23T13:32:52","modified_gmt":"2022-07-23T11:32:52","slug":"tendencias-de-comunion-2022-encuentra-tu-estilo","status":"publish","type":"post","link":"https:\/\/www.evento.love\/blog\/tendencias-de-comunion-2022-encuentra-tu-estilo\/","title":{"rendered":"Tendencias de comuni\u00f3n 2022: encuentra tu estilo"},"content":{"rendered":"<p>Las comuniones est\u00e1n a la vuelta de la esquina y es en estos meses previos cuando m\u00e1s tenemos que fijarnos en esas tendencias de comuni\u00f3n 2022 para encontrar no solo el estilo que est\u00e1 de moda, sino aquel que nos gusta y nos hace sentir c\u00f3modos. \u00a1<strong>Hay mucho que planificar<\/strong> y cuanto antes comencemos a hacerlo mucho mejor!<\/p>\n<p><!--more--><\/p>\n<h3><strong>Tendencias de comuni\u00f3n 2022<\/strong><\/h3>\n<p>La comuni\u00f3n es un d\u00eda muy especial para los ni\u00f1os. Al margen de la importancia religiosa de la celebraci\u00f3n, es <strong>un d\u00eda de encuentro con familia y amigos<\/strong>, en la que los ni\u00f1os se convierten en aut\u00e9nticos protagonistas. Ellos son conscientes y participan en la fiesta activamente, por eso sus familias se esfuerzan por hacer de esta celebraci\u00f3n un d\u00eda especial, que recordar\u00e1n toda la vida.<\/p>\n<h3><strong>Las ventajas del eclecticismo <\/strong><\/h3>\n<p>El eclecticismo marca las tendencias de comuni\u00f3n 2022, por lo que es f\u00e1cil encontrar aquello que m\u00e1s nos gusta entre una amplia variedad de opciones. Aunque las modas marcan todo lo que rodea la comuni\u00f3n, desde el traje para los ni\u00f1os y las ni\u00f1as, a los recordatorios, la decoraci\u00f3n y el catering, <strong>todos los estilos tienen en com\u00fan una mirada hacia la naturalidad<\/strong> y hacia lo que es realmente importante: reunirte con los tuyos y celebrar los acontecimientos importantes de la vida.<\/p>\n<h3><strong>El traje de comuni\u00f3n<\/strong><\/h3>\n<p>Dentro de las tendencias de comuni\u00f3n 2022 una de las cosas m\u00e1s importantes es el traje de las ni\u00f1as y los ni\u00f1os. Para ellas, se llevan los vestidos con un <strong>toque de color en los complementos<\/strong>, como los que prpone manuela Montero, que pueden ser desde azul celeste a los grises, pasando por los rosas o las verdes aguamarinas. Las ni\u00f1as encuentran en los <strong>trajes rom\u00e1nticos <\/strong>la oportunidad de sentirse princesas por un d\u00eda y en los lazos y diademas el complemento ideal para resaltar un traje precioso y un bonito peinado, tal y como proponen los dise\u00f1os de Aire de Barcelona.<\/p>\n<p><img decoding=\"async\" loading=\"lazy\" class=\"aligncenter size-full wp-image-6922\" src=\"https:\/\/www.evento.love\/blog\/wp-content\/uploads\/2022\/03\/evento.love-weddingplanner-organizadoresdebodas-aire-barcelona.jpg\" alt=\"evento.love-weddingplanner-organizadoresdebodas-aire-barcelona\" width=\"900\" height=\"450\" srcset=\"https:\/\/www.evento.love\/blog\/wp-content\/uploads\/2022\/03\/evento.love-weddingplanner-organizadoresdebodas-aire-barcelona.jpg 900w, https:\/\/www.evento.love\/blog\/wp-content\/uploads\/2022\/03\/evento.love-weddingplanner-organizadoresdebodas-aire-barcelona-300x150.jpg 300w, https:\/\/www.evento.love\/blog\/wp-content\/uploads\/2022\/03\/evento.love-weddingplanner-organizadoresdebodas-aire-barcelona-768x384.jpg 768w, https:\/\/www.evento.love\/blog\/wp-content\/uploads\/2022\/03\/evento.love-weddingplanner-organizadoresdebodas-aire-barcelona-540x270.jpg 540w\" sizes=\"(max-width: 900px) 100vw, 900px\" \/><\/p>\n<h3><strong>Recordatorios personalizados<\/strong><\/h3>\n<p>Los recordatorios pueden ser personalizados en funci\u00f3n de los gustos del ni\u00f1o. Puedes elegir el texto o una cita, o <strong>encargar un dibujo a imagen y semejanza del ni\u00f1o<\/strong>, incluso con el traje que va a llevar en un d\u00eda tan especial.<\/p>\n<p><img decoding=\"async\" loading=\"lazy\" class=\"aligncenter size-full wp-image-6923\" src=\"https:\/\/www.evento.love\/blog\/wp-content\/uploads\/2022\/03\/evento.love-weddingplanner-organizadoresdebodas-recordatorio-comunion.jpg\" alt=\"evento.love-weddingplanner-organizadoresdebodas-recordatorio-comunion\" width=\"1000\" height=\"760\" srcset=\"https:\/\/www.evento.love\/blog\/wp-content\/uploads\/2022\/03\/evento.love-weddingplanner-organizadoresdebodas-recordatorio-comunion.jpg 1000w, https:\/\/www.evento.love\/blog\/wp-content\/uploads\/2022\/03\/evento.love-weddingplanner-organizadoresdebodas-recordatorio-comunion-300x228.jpg 300w, https:\/\/www.evento.love\/blog\/wp-content\/uploads\/2022\/03\/evento.love-weddingplanner-organizadoresdebodas-recordatorio-comunion-768x584.jpg 768w, https:\/\/www.evento.love\/blog\/wp-content\/uploads\/2022\/03\/evento.love-weddingplanner-organizadoresdebodas-recordatorio-comunion-355x270.jpg 355w\" sizes=\"(max-width: 1000px) 100vw, 1000px\" \/><\/p>\n<h3><strong>Celebraci\u00f3n al aire libre<\/strong><\/h3>\n<p>Las celebraciones pueden ser en un sal\u00f3n o al aire libre. Si hace buen tiempo y existe la posibilidad de realizar el evento en un sal\u00f3n o una <strong>casa con jard\u00edn<\/strong>, resulta ideal poder disfrutar del aire libre, siguiendo adem\u00e1s las recomendaciones sanitarias tras la pandemia. Incluso <strong>podemos encargar un catering para la ocasi\u00f3n<\/strong> y hacer una comida o merienda en contacto con la naturaleza.<\/p>\n<p><img decoding=\"async\" loading=\"lazy\" class=\"aligncenter size-full wp-image-6927\" src=\"https:\/\/www.evento.love\/blog\/wp-content\/uploads\/2022\/03\/evento.love-weddingplanner-organizadoresdebodas-comunion-aire-libre.jpg\" alt=\"evento.love-weddingplanner-organizadoresdebodas-comunion-aire-libre\" width=\"1000\" height=\"667\" srcset=\"https:\/\/www.evento.love\/blog\/wp-content\/uploads\/2022\/03\/evento.love-weddingplanner-organizadoresdebodas-comunion-aire-libre.jpg 1000w, https:\/\/www.evento.love\/blog\/wp-content\/uploads\/2022\/03\/evento.love-weddingplanner-organizadoresdebodas-comunion-aire-libre-300x200.jpg 300w, https:\/\/www.evento.love\/blog\/wp-content\/uploads\/2022\/03\/evento.love-weddingplanner-organizadoresdebodas-comunion-aire-libre-768x512.jpg 768w, https:\/\/www.evento.love\/blog\/wp-content\/uploads\/2022\/03\/evento.love-weddingplanner-organizadoresdebodas-comunion-aire-libre-405x270.jpg 405w\" sizes=\"(max-width: 1000px) 100vw, 1000px\" \/><\/p>\n<h3><strong>El blanco en las tendencias de comuni\u00f3n 2022<\/strong><\/h3>\n<p>En la decoraci\u00f3n de las comuniones triunfa el color blanco, el marfil o el blanco roto, acompa\u00f1ado por ligeras pincelada en tonos pasteles claros. Una <strong>decoraci\u00f3n con globos<\/strong> siempre es una magn\u00edfica opci\u00f3n en una comuni\u00f3n, porque no solo adornan y forman una elegante composici\u00f3n, sino que adem\u00e1s tiene un punto divertido para los m\u00e1s peque\u00f1os.<\/p>\n<p><img decoding=\"async\" loading=\"lazy\" class=\"aligncenter size-full wp-image-6925\" src=\"https:\/\/www.evento.love\/blog\/wp-content\/uploads\/2022\/03\/evento.love-weddingplanner-organizadoresdebodas-decoracion-comunion.jpg\" alt=\"evento.love-weddingplanner-organizadoresdebodas-decoracion-comunion\" width=\"1000\" height=\"667\" srcset=\"https:\/\/www.evento.love\/blog\/wp-content\/uploads\/2022\/03\/evento.love-weddingplanner-organizadoresdebodas-decoracion-comunion.jpg 1000w, https:\/\/www.evento.love\/blog\/wp-content\/uploads\/2022\/03\/evento.love-weddingplanner-organizadoresdebodas-decoracion-comunion-300x200.jpg 300w, https:\/\/www.evento.love\/blog\/wp-content\/uploads\/2022\/03\/evento.love-weddingplanner-organizadoresdebodas-decoracion-comunion-768x512.jpg 768w, https:\/\/www.evento.love\/blog\/wp-content\/uploads\/2022\/03\/evento.love-weddingplanner-organizadoresdebodas-decoracion-comunion-405x270.jpg 405w\" sizes=\"(max-width: 1000px) 100vw, 1000px\" \/><\/p>\n<h3><strong>Un photocall para inmortalizar momentos<\/strong><\/h3>\n<p>Inmortalizar momentos en un photocall es imprescindible en una comuni\u00f3n. Basta con <strong>decorar un rinc\u00f3n de una manera especial<\/strong> para que todos puedan tener un recuerdo con el ni\u00f1o en forma de preciosa fotograf\u00eda. Si adem\u00e1s quieres que los ni\u00f1os se lo pasen bien, no dejes de contratar un <strong>servicio de animaci\u00f3n<\/strong> para tener entretenidos a los m\u00e1s peque\u00f1os.<\/p>\n<h3><strong>No pueden faltar los dulces y las flores <\/strong><\/h3>\n<p>Una mesa dulce siempre es un \u00e9xito en una comuni\u00f3n. Este a\u00f1o se llevan los <strong>dulces personalizados<\/strong> con alg\u00fan motivo que recuerde al ni\u00f1o, como la inicial de su nombre. En cuanto a las flores, este a\u00f1o <strong>se lleva el color morado<\/strong>, convertido en color del a\u00f1o, los amarillos y los rosas p\u00e1lidos. Cualquier flor de este color, triunfar\u00e1.<\/p>\n<p><img decoding=\"async\" loading=\"lazy\" class=\"aligncenter size-full wp-image-6928\" src=\"https:\/\/www.evento.love\/blog\/wp-content\/uploads\/2022\/03\/evento.love-weddingplanner-organizadoresdebodas-flores-comunion.jpg\" alt=\"evento.love-weddingplanner-organizadoresdebodas-flores-comunion\" width=\"1000\" height=\"667\" srcset=\"https:\/\/www.evento.love\/blog\/wp-content\/uploads\/2022\/03\/evento.love-weddingplanner-organizadoresdebodas-flores-comunion.jpg 1000w, https:\/\/www.evento.love\/blog\/wp-content\/uploads\/2022\/03\/evento.love-weddingplanner-organizadoresdebodas-flores-comunion-300x200.jpg 300w, https:\/\/www.evento.love\/blog\/wp-content\/uploads\/2022\/03\/evento.love-weddingplanner-organizadoresdebodas-flores-comunion-768x512.jpg 768w, https:\/\/www.evento.love\/blog\/wp-content\/uploads\/2022\/03\/evento.love-weddingplanner-organizadoresdebodas-flores-comunion-405x270.jpg 405w\" sizes=\"(max-width: 1000px) 100vw, 1000px\" \/><\/p>\n<h3><strong>Peinados como tendencias de comuni\u00f3n 2022<\/strong><\/h3>\n<p>Un a\u00f1o m\u00e1s, prima la <strong>melena suelta<\/strong> dentro de las tendencias de comuni\u00f3n 2022. Los rizos, las ondas y los tirabuzones est\u00e1n de moda, as\u00ed como las coronas o los peque\u00f1os <strong>adornos en forma de flor<\/strong>.<\/p>\n<p><img decoding=\"async\" loading=\"lazy\" class=\"aligncenter size-full wp-image-6924\" src=\"https:\/\/www.evento.love\/blog\/wp-content\/uploads\/2022\/03\/evento.love-weddingplanner-organizadoresdebodas-manuela-montero.png\" alt=\"evento.love-weddingplanner-organizadoresdebodas-manuela-montero\" width=\"1332\" height=\"824\" srcset=\"https:\/\/www.evento.love\/blog\/wp-content\/uploads\/2022\/03\/evento.love-weddingplanner-organizadoresdebodas-manuela-montero.png 1332w, https:\/\/www.evento.love\/blog\/wp-content\/uploads\/2022\/03\/evento.love-weddingplanner-organizadoresdebodas-manuela-montero-300x186.png 300w, https:\/\/www.evento.love\/blog\/wp-content\/uploads\/2022\/03\/evento.love-weddingplanner-organizadoresdebodas-manuela-montero-1024x633.png 1024w, https:\/\/www.evento.love\/blog\/wp-content\/uploads\/2022\/03\/evento.love-weddingplanner-organizadoresdebodas-manuela-montero-768x475.png 768w, https:\/\/www.evento.love\/blog\/wp-content\/uploads\/2022\/03\/evento.love-weddingplanner-organizadoresdebodas-manuela-montero-436x270.png 436w\" sizes=\"(max-width: 1332px) 100vw, 1332px\" \/><\/p>\n<h3><strong>Un profesional que se encargue de todo<\/strong><\/h3>\n<p>Organizar una comuni\u00f3n y que todo salga tal y como deseas lleva tiempo y esfuerzo. <strong>Un event planner profesional puede encargarse de todo<\/strong> y t\u00fa solo tendr\u00e1s que tomar las decisiones. Disfrutar\u00e1s m\u00e1s de cada momento, te aconsejar\u00e1 las tendencias de comuni\u00f3n 2022 que pueden ser m\u00e1s afines a tus gustos, te evitar\u00e1 estr\u00e9s y nervios de \u00faltima hora, y todo quedar\u00e1 tal y como t\u00fa has so\u00f1ado para tu hijo o hija. \u00a1Merece la pena!<\/p>\n<p>&nbsp;<\/p>\n<p>&nbsp;<\/p>\n    <div class=\"related-post grid\">\r\n                <div class=\"headline\">M\u00e1s art\u00edculos a tener en cuenta<\/div>\r\n        <div class=\"post-list \">\r\n\r\n                        <div class=\"item\">\r\n                        <div class=\"thumb post_thumb\">\r\n        <a  title=\"Baby Shower, mucho m\u00e1s que un evento social\" href=\"https:\/\/www.evento.love\/blog\/baby-shower-evento-social-madrid\/\">\r\n\r\n            <img width=\"150\" height=\"150\" src=\"https:\/\/www.evento.love\/blog\/wp-content\/uploads\/2016\/07\/babyshower-150x150.jpg\" class=\"attachment-thumbnail size-thumbnail wp-post-image\" alt=\"baby shower-fiesta-beb\u00e9-embarazo-embarazada\" decoding=\"async\" loading=\"lazy\" \/>\r\n\r\n        <\/a>\r\n    <\/div>\r\n\r\n    <a class=\"title post_title\"  title=\"Baby Shower, mucho m\u00e1s que un evento social\" href=\"https:\/\/www.evento.love\/blog\/baby-shower-evento-social-madrid\/\">\r\n                Baby Shower, mucho m\u00e1s que un evento social    <\/a>\r\n\r\n                <\/div>\r\n                            <div class=\"item\">\r\n                        <div class=\"thumb post_thumb\">\r\n        <a  title=\"12 consejos para un Baby Shower perfecto\" href=\"https:\/\/www.evento.love\/blog\/12-consejos-baby-shower-perfecto-madrid\/\">\r\n\r\n            <img width=\"150\" height=\"150\" src=\"https:\/\/www.evento.love\/blog\/wp-content\/uploads\/2016\/09\/16_05_20_12_consejos-para-que-tu-Baby-Shower-sea-perfecto-150x150.jpg\" class=\"attachment-thumbnail size-thumbnail wp-post-image\" alt=\"Baby Shower-perfecto-beb\u00e9-embarazado-embarazada-fiesta-babyshower\" decoding=\"async\" loading=\"lazy\" \/>\r\n\r\n        <\/a>\r\n    <\/div>\r\n\r\n    <a class=\"title post_title\"  title=\"12 consejos para un Baby Shower perfecto\" href=\"https:\/\/www.evento.love\/blog\/12-consejos-baby-shower-perfecto-madrid\/\">\r\n                12 consejos para un Baby Shower perfecto    <\/a>\r\n\r\n                <\/div>\r\n                            <div class=\"item\">\r\n                        <div class=\"thumb post_thumb\">\r\n        <a  title=\"Cu\u00e1ndo hacer el Baby Shower\" href=\"https:\/\/www.evento.love\/blog\/cuando-hacer-el-baby-shower-madrid\/\">\r\n\r\n            <img width=\"150\" height=\"150\" src=\"https:\/\/www.evento.love\/blog\/wp-content\/uploads\/2016\/09\/16_05_23_Cuando-hacer-el-Baby-Shower-150x150.jpg\" class=\"attachment-thumbnail size-thumbnail wp-post-image\" alt=\"Cu\u00e1ndo hacer el baby shower beb\u00e9 embarazo fiesta en Madrid\" decoding=\"async\" loading=\"lazy\" \/>\r\n\r\n        <\/a>\r\n    <\/div>\r\n\r\n    <a class=\"title post_title\"  title=\"Cu\u00e1ndo hacer el Baby Shower\" href=\"https:\/\/www.evento.love\/blog\/cuando-hacer-el-baby-shower-madrid\/\">\r\n                Cu\u00e1ndo hacer el Baby Shower    <\/a>\r\n\r\n                <\/div>\r\n                            <div class=\"item\">\r\n                        <div class=\"thumb post_thumb\">\r\n        <a  title=\"Baby Shower: Elaborando la lista de invitados\" href=\"https:\/\/www.evento.love\/blog\/baby-shower-lista-invitados-madrid\/\">\r\n\r\n            <img width=\"150\" height=\"150\" src=\"https:\/\/www.evento.love\/blog\/wp-content\/uploads\/2016\/09\/16_05_30_Baby-Shower-elaborando-la-lista-de-invitados-150x150.jpg\" class=\"attachment-thumbnail size-thumbnail wp-post-image\" alt=\"\" decoding=\"async\" loading=\"lazy\" \/>\r\n\r\n        <\/a>\r\n    <\/div>\r\n\r\n    <a class=\"title post_title\"  title=\"Baby Shower: Elaborando la lista de invitados\" href=\"https:\/\/www.evento.love\/blog\/baby-shower-lista-invitados-madrid\/\">\r\n                Baby Shower: Elaborando la lista de invitados    <\/a>\r\n\r\n                <\/div>\r\n            \r\n    <\/div>\r\n\r\n    <script>\r\n            <\/script>\r\n    <style>\r\n        .related-post {}\r\n\r\n        .related-post .post-list {\r\n            text-align: left;\r\n                    }\r\n\r\n        .related-post .post-list .item {\r\n            margin: 5px 10px;\r\n            padding: 0px;\r\n                    }\r\n\r\n        .related-post .headline {\r\n            font-size: 24px !important;\r\n            color: #000000 !important;\r\n                    }\r\n\r\n        .related-post .headline{\r\nfont-weight:400 !important;\r\ntext-transform: uppercase;\r\n}.related-post .post-list .item .post_thumb {\r\n            max-height: 180px;\r\n            margin: 10px 0px;\r\n            padding: 0px;\r\n            display: block;\r\n                    }\r\n\r\n        .related-post .post-list .item .post_title {\r\n            font-size: 12px;\r\n            color: #607d8b;\r\n            margin: 10px 0px;\r\n            padding: 0px;\r\n            display: block;\r\n            text-decoration: none;\r\n                    }\r\n\r\n        .related-post .post-list .item .post_excerpt {\r\n            font-size: 13px;\r\n            color: #3f3f3f;\r\n            margin: 10px 0px;\r\n            padding: 0px;\r\n            display: block;\r\n            text-decoration: none;\r\n                    }\r\n\r\n        @media only screen and (min-width: 1024px) {\r\n            .related-post .post-list .item {\r\n                width: 22%;\r\n            }\r\n        }\r\n\r\n        @media only screen and (min-width: 768px) and (max-width: 1023px) {\r\n            .related-post .post-list .item {\r\n                width: 90%;\r\n            }\r\n        }\r\n\r\n        @media only screen and (min-width: 0px) and (max-width: 767px) {\r\n            .related-post .post-list .item {\r\n                width: 30%;\r\n            }\r\n        }\r\n\r\n            <\/style>\r\n        <\/div>\r\n<!-- AddThis Advanced Settings generic via filter on the_content --><!-- AddThis Share Buttons generic via filter on the_content -->","protected":false},"excerpt":{"rendered":"<p>Las comuniones est\u00e1n a la vuelta de la esquina y es en estos meses previos cuando m\u00e1s tenemos que fijarnos en esas tendencias de comuni\u00f3n 2022 para encontrar no solo el estilo que est\u00e1 de moda, sino aquel que nos gusta y nos hace sentir c\u00f3modos. \u00a1Hay mucho que planificar y cuanto antes comencemos a hacerlo mucho mejor! M\u00e1s art\u00edculos a tener en cuenta Baby Shower, mucho m\u00e1s que un evento social 12 consejos para un Baby Shower perfecto Cu\u00e1ndo&#8230;<\/p>\n<p class=\"read-more\"><a class=\"btn btn-default\" href=\"https:\/\/www.evento.love\/blog\/baby-shower-lista-invitados-madrid\/\"> Leer m\u00e1s<span class=\"screen-reader-text\">  Leer m\u00e1s<\/span><\/a><\/p>\n<p><!-- AddThis Advanced Settings generic via filter on get_the_excerpt --><!-- AddThis Share Buttons generic via filter on get_the_excerpt --><\/p>\n    <div class=\"related-post grid\">\r\n                <div class=\"headline\">M\u00e1s art\u00edculos a tener en cuenta<\/div>\r\n        <div class=\"post-list \">\r\n\r\n                        <div class=\"item\">\r\n                        <div class=\"thumb post_thumb\">\r\n        <a  title=\"Baby Shower, mucho m\u00e1s que un evento social\" href=\"https:\/\/www.evento.love\/blog\/baby-shower-evento-social-madrid\/\">\r\n\r\n            <img width=\"150\" height=\"150\" src=\"https:\/\/www.evento.love\/blog\/wp-content\/uploads\/2016\/07\/babyshower-150x150.jpg\" class=\"attachment-thumbnail size-thumbnail wp-post-image\" alt=\"baby shower-fiesta-beb\u00e9-embarazo-embarazada\" decoding=\"async\" loading=\"lazy\" \/>\r\n\r\n        <\/a>\r\n    <\/div>\r\n\r\n    <a class=\"title post_title\"  title=\"Baby Shower, mucho m\u00e1s que un evento social\" href=\"https:\/\/www.evento.love\/blog\/baby-shower-evento-social-madrid\/\">\r\n                Baby Shower, mucho m\u00e1s que un evento social    <\/a>\r\n\r\n                <\/div>\r\n                            <div class=\"item\">\r\n                        <div class=\"thumb post_thumb\">\r\n        <a  title=\"12 consejos para un Baby Shower perfecto\" href=\"https:\/\/www.evento.love\/blog\/12-consejos-baby-shower-perfecto-madrid\/\">\r\n\r\n            <img width=\"150\" height=\"150\" src=\"https:\/\/www.evento.love\/blog\/wp-content\/uploads\/2016\/09\/16_05_20_12_consejos-para-que-tu-Baby-Shower-sea-perfecto-150x150.jpg\" class=\"attachment-thumbnail size-thumbnail wp-post-image\" alt=\"Baby Shower-perfecto-beb\u00e9-embarazado-embarazada-fiesta-babyshower\" decoding=\"async\" loading=\"lazy\" \/>\r\n\r\n        <\/a>\r\n    <\/div>\r\n\r\n    <a class=\"title post_title\"  title=\"12 consejos para un Baby Shower perfecto\" href=\"https:\/\/www.evento.love\/blog\/12-consejos-baby-shower-perfecto-madrid\/\">\r\n                12 consejos para un Baby Shower perfecto    <\/a>\r\n\r\n                <\/div>\r\n                            <div class=\"item\">\r\n                        <div class=\"thumb post_thumb\">\r\n        <a  title=\"Cu\u00e1ndo hacer el Baby Shower\" href=\"https:\/\/www.evento.love\/blog\/cuando-hacer-el-baby-shower-madrid\/\">\r\n\r\n            <img width=\"150\" height=\"150\" src=\"https:\/\/www.evento.love\/blog\/wp-content\/uploads\/2016\/09\/16_05_23_Cuando-hacer-el-Baby-Shower-150x150.jpg\" class=\"attachment-thumbnail size-thumbnail wp-post-image\" alt=\"Cu\u00e1ndo hacer el baby shower beb\u00e9 embarazo fiesta en Madrid\" decoding=\"async\" loading=\"lazy\" \/>\r\n\r\n        <\/a>\r\n    <\/div>\r\n\r\n    <a class=\"title post_title\"  title=\"Cu\u00e1ndo hacer el Baby Shower\" href=\"https:\/\/www.evento.love\/blog\/cuando-hacer-el-baby-shower-madrid\/\">\r\n                Cu\u00e1ndo hacer el Baby Shower    <\/a>\r\n\r\n                <\/div>\r\n                            <div class=\"item\">\r\n                        <div class=\"thumb post_thumb\">\r\n        <a  title=\"\u00bfQui\u00e9n debe organizar el Baby Shower?\" href=\"https:\/\/www.evento.love\/blog\/quien-organizar-baby-shower-madrid\/\">\r\n\r\n            <img width=\"150\" height=\"150\" src=\"https:\/\/www.evento.love\/blog\/wp-content\/uploads\/2016\/09\/16_05_29_Qui\u00e9n-organiza-el-Baby-Shower-150x150.jpg\" class=\"attachment-thumbnail size-thumbnail wp-post-image\" alt=\"Organizaci\u00f3n Baby Shower Madrid fiesta beb\u00e9 embarazada\" decoding=\"async\" loading=\"lazy\" \/>\r\n\r\n        <\/a>\r\n    <\/div>\r\n\r\n    <a class=\"title post_title\"  title=\"\u00bfQui\u00e9n debe organizar el Baby Shower?\" href=\"https:\/\/www.evento.love\/blog\/quien-organizar-baby-shower-madrid\/\">\r\n                \u00bfQui\u00e9n debe organizar el Baby Shower?    <\/a>\r\n\r\n                <\/div>\r\n            \r\n    <\/div>\r\n\r\n    <script>\r\n            <\/script>\r\n    <style>\r\n        .related-post {}\r\n\r\n        .related-post .post-list {\r\n            text-align: left;\r\n                    }\r\n\r\n        .related-post .post-list .item {\r\n            margin: 5px 10px;\r\n            padding: 0px;\r\n                    }\r\n\r\n        .related-post .headline {\r\n            font-size: 24px !important;\r\n            color: #000000 !important;\r\n                    }\r\n\r\n        .related-post .headline{\r\nfont-weight:400 !important;\r\ntext-transform: uppercase;\r\n}.related-post .post-list .item .post_thumb {\r\n            max-height: 180px;\r\n            margin: 10px 0px;\r\n            padding: 0px;\r\n            display: block;\r\n                    }\r\n\r\n        .related-post .post-list .item .post_title {\r\n            font-size: 12px;\r\n            color: #607d8b;\r\n            margin: 10px 0px;\r\n            padding: 0px;\r\n            display: block;\r\n            text-decoration: none;\r\n                    }\r\n\r\n        .related-post .post-list .item .post_excerpt {\r\n            font-size: 13px;\r\n            color: #3f3f3f;\r\n            margin: 10px 0px;\r\n            padding: 0px;\r\n            display: block;\r\n            text-decoration: none;\r\n                    }\r\n\r\n        @media only screen and (min-width: 1024px) {\r\n            .related-post .post-list .item {\r\n                width: 22%;\r\n            }\r\n        }\r\n\r\n        @media only screen and (min-width: 768px) and (max-width: 1023px) {\r\n            .related-post .post-list .item {\r\n                width: 90%;\r\n            }\r\n        }\r\n\r\n        @media only screen and (min-width: 0px) and (max-width: 767px) {\r\n            .related-post .post-list .item {\r\n                width: 30%;\r\n            }\r\n        }\r\n\r\n            <\/style>\r\n        <\/div>\r\n","protected":false},"author":1,"featured_media":6926,"comment_status":"open","ping_status":"open","sticky":false,"template":"","format":"standard","meta":{"content-type":""},"categories":[342],"tags":[1640,1578,376,379,519,1072,316,521,969,1061,669,668,33,1741,366,422,889,945,818,1657,40],"yoast_head":"<!-- This site is optimized with the Yoast SEO plugin v20.7 - https:\/\/yoast.com\/wordpress\/plugins\/seo\/ -->\n<title>Tendencias de comuni\u00f3n 2022: encuentra tu estilo<\/title>\n<meta name=\"description\" content=\"Tendencias de comuni\u00f3n 2022. En evento.love somos expertos en organizaci\u00f3n de eventos \u00fanicos y personalizados en Madrid. \u00a1Compru\u00e9balo!\" \/>\n<meta name=\"robots\" content=\"index, follow, max-snippet:-1, max-image-preview:large, max-video-preview:-1\" \/>\n<meta property=\"og:locale\" content=\"es_ES\" \/>\n<meta property=\"og:type\" content=\"article\" \/>\n<meta property=\"og:title\" content=\"Tendencias de comuni\u00f3n 2022: encuentra tu estilo\" \/>\n<meta property=\"og:description\" content=\"Tendencias de comuni\u00f3n 2022. En evento.love somos expertos en organizaci\u00f3n de eventos \u00fanicos y personalizados en Madrid. \u00a1Compru\u00e9balo!\" \/>\n<meta property=\"og:url\" content=\"https:\/\/www.evento.love\/blog\/tendencias-de-comunion-2022-encuentra-tu-estilo\/\" \/>\n<meta property=\"og:site_name\" content=\"El Blog de evento.love\" \/>\n<meta property=\"article:publisher\" content=\"https:\/\/www.facebook.com\/Evento.love\/\" \/>\n<meta property=\"article:published_time\" content=\"2022-03-08T08:00:33+00:00\" \/>\n<meta property=\"article:modified_time\" content=\"2022-07-23T11:32:52+00:00\" \/>\n<meta property=\"og:image\" content=\"https:\/\/www.evento.love\/blog\/wp-content\/uploads\/2022\/03\/evento.love-weddingplanner-organizadoresdebodas-tendencias-peinado-comunion.jpg\" \/>\n\t<meta property=\"og:image:width\" content=\"1000\" \/>\n\t<meta property=\"og:image:height\" content=\"667\" \/>\n\t<meta property=\"og:image:type\" content=\"image\/jpeg\" \/>\n<meta name=\"author\" content=\"Evento Love\" \/>\n<meta name=\"twitter:card\" content=\"summary_large_image\" \/>\n<meta name=\"twitter:creator\" content=\"@Evento_love\" \/>\n<meta name=\"twitter:site\" content=\"@Evento_love\" \/>\n<meta name=\"twitter:label1\" content=\"Escrito por\" \/>\n\t<meta name=\"twitter:data1\" content=\"Evento Love\" \/>\n\t<meta name=\"twitter:label2\" content=\"Tiempo de lectura\" \/>\n\t<meta name=\"twitter:data2\" content=\"4 minutos\" \/>\n<!-- \/ Yoast SEO plugin. -->","yoast_head_json":{"title":"Tendencias de comuni\u00f3n 2022: encuentra tu estilo","description":"Tendencias de comuni\u00f3n 2022. En evento.love somos expertos en organizaci\u00f3n de eventos \u00fanicos y personalizados en Madrid. \u00a1Compru\u00e9balo!","robots":{"index":"index","follow":"follow","max-snippet":"max-snippet:-1","max-image-preview":"max-image-preview:large","max-video-preview":"max-video-preview:-1"},"og_locale":"es_ES","og_type":"article","og_title":"Tendencias de comuni\u00f3n 2022: encuentra tu estilo","og_description":"Tendencias de comuni\u00f3n 2022. En evento.love somos expertos en organizaci\u00f3n de eventos \u00fanicos y personalizados en Madrid. \u00a1Compru\u00e9balo!","og_url":"https:\/\/www.evento.love\/blog\/tendencias-de-comunion-2022-encuentra-tu-estilo\/","og_site_name":"El Blog de evento.love","article_publisher":"https:\/\/www.facebook.com\/Evento.love\/","article_published_time":"2022-03-08T08:00:33+00:00","article_modified_time":"2022-07-23T11:32:52+00:00","og_image":[{"width":1000,"height":667,"url":"https:\/\/www.evento.love\/blog\/wp-content\/uploads\/2022\/03\/evento.love-weddingplanner-organizadoresdebodas-tendencias-peinado-comunion.jpg","type":"image\/jpeg"}],"author":"Evento Love","twitter_card":"summary_large_image","twitter_creator":"@Evento_love","twitter_site":"@Evento_love","twitter_misc":{"Escrito por":"Evento Love","Tiempo de lectura":"4 minutos"},"schema":{"@context":"https:\/\/schema.org","@graph":[{"@type":"Article","@id":"https:\/\/www.evento.love\/blog\/tendencias-de-comunion-2022-encuentra-tu-estilo\/#article","isPartOf":{"@id":"https:\/\/www.evento.love\/blog\/tendencias-de-comunion-2022-encuentra-tu-estilo\/"},"author":{"name":"Evento Love","@id":"https:\/\/www.evento.love\/blog\/#\/schema\/person\/a184c2ed424b7fb3006372ce8051542c"},"headline":"Tendencias de comuni\u00f3n 2022: encuentra tu estilo","datePublished":"2022-03-08T08:00:33+00:00","dateModified":"2022-07-23T11:32:52+00:00","mainEntityOfPage":{"@id":"https:\/\/www.evento.love\/blog\/tendencias-de-comunion-2022-encuentra-tu-estilo\/"},"wordCount":837,"commentCount":0,"publisher":{"@id":"https:\/\/www.evento.love\/blog\/#organization"},"keywords":["candy bar de boda","candy bar personalizado","comunion","comunion en madrid","comuniones","coordinaci\u00f3n de boda","decoracion","decoracion candy bar","decoraci\u00f3n con globos","decoraci\u00f3n de eventos","event planner","event planner madrid","ideas","luxury concierge","madrid","mesa dulce","organizaci\u00f3n de bodas","organizaci\u00f3n de comuni\u00f3n","organizaci\u00f3n de eventos","party planner","photocall"],"articleSection":["Comuniones"],"inLanguage":"es","potentialAction":[{"@type":"CommentAction","name":"Comment","target":["https:\/\/www.evento.love\/blog\/tendencias-de-comunion-2022-encuentra-tu-estilo\/#respond"]}]},{"@type":"WebPage","@id":"https:\/\/www.evento.love\/blog\/tendencias-de-comunion-2022-encuentra-tu-estilo\/","url":"https:\/\/www.evento.love\/blog\/tendencias-de-comunion-2022-encuentra-tu-estilo\/","name":"Tendencias de comuni\u00f3n 2022: encuentra tu estilo","isPartOf":{"@id":"https:\/\/www.evento.love\/blog\/#website"},"datePublished":"2022-03-08T08:00:33+00:00","dateModified":"2022-07-23T11:32:52+00:00","description":"Tendencias de comuni\u00f3n 2022. En evento.love somos expertos en organizaci\u00f3n de eventos \u00fanicos y personalizados en Madrid. \u00a1Compru\u00e9balo!","breadcrumb":{"@id":"https:\/\/www.evento.love\/blog\/tendencias-de-comunion-2022-encuentra-tu-estilo\/#breadcrumb"},"inLanguage":"es","potentialAction":[{"@type":"ReadAction","target":["https:\/\/www.evento.love\/blog\/tendencias-de-comunion-2022-encuentra-tu-estilo\/"]}]},{"@type":"BreadcrumbList","@id":"https:\/\/www.evento.love\/blog\/tendencias-de-comunion-2022-encuentra-tu-estilo\/#breadcrumb","itemListElement":[{"@type":"ListItem","position":1,"name":"Evento.love","item":"https:\/\/www.evento.love\/blog\/"},{"@type":"ListItem","position":2,"name":"Comuniones","item":"https:\/\/www.evento.love\/blog\/category\/comuniones\/"},{"@type":"ListItem","position":3,"name":"Tendencias de comuni\u00f3n 2022: encuentra tu estilo"}]},{"@type":"WebSite","@id":"https:\/\/www.evento.love\/blog\/#website","url":"https:\/\/www.evento.love\/blog\/","name":"El Blog de evento.love","description":"T\u00fa lo mereces. Disfruta de tu momento","publisher":{"@id":"https:\/\/www.evento.love\/blog\/#organization"},"potentialAction":[{"@type":"SearchAction","target":{"@type":"EntryPoint","urlTemplate":"https:\/\/www.evento.love\/blog\/?s={search_term_string}"},"query-input":"required name=search_term_string"}],"inLanguage":"es"},{"@type":"Organization","@id":"https:\/\/www.evento.love\/blog\/#organization","name":"evento.love","url":"https:\/\/www.evento.love\/blog\/","logo":{"@type":"ImageObject","inLanguage":"es","@id":"https:\/\/www.evento.love\/blog\/#\/schema\/logo\/image\/","url":"https:\/\/www.evento.love\/blog\/wp-content\/uploads\/2016\/07\/logo-evento-love.png","contentUrl":"https:\/\/www.evento.love\/blog\/wp-content\/uploads\/2016\/07\/logo-evento-love.png","width":197,"height":59,"caption":"evento.love"},"image":{"@id":"https:\/\/www.evento.love\/blog\/#\/schema\/logo\/image\/"},"sameAs":["https:\/\/www.facebook.com\/Evento.love\/","https:\/\/twitter.com\/Evento_love","https:\/\/www.instagram.com\/evento.love\/","https:\/\/es.pinterest.com\/evento_love\/","https:\/\/www.youtube.com\/channel\/UCcVbo6ymzx-7FlDJja8aQnw"]},{"@type":"Person","@id":"https:\/\/www.evento.love\/blog\/#\/schema\/person\/a184c2ed424b7fb3006372ce8051542c","name":"Evento Love"}]}},"_links":{"self":[{"href":"https:\/\/www.evento.love\/blog\/wp-json\/wp\/v2\/posts\/6921"}],"collection":[{"href":"https:\/\/www.evento.love\/blog\/wp-json\/wp\/v2\/posts"}],"about":[{"href":"https:\/\/www.evento.love\/blog\/wp-json\/wp\/v2\/types\/post"}],"author":[{"embeddable":true,"href":"https:\/\/www.evento.love\/blog\/wp-json\/wp\/v2\/users\/1"}],"replies":[{"embeddable":true,"href":"https:\/\/www.evento.love\/blog\/wp-json\/wp\/v2\/comments?post=6921"}],"version-history":[{"count":1,"href":"https:\/\/www.evento.love\/blog\/wp-json\/wp\/v2\/posts\/6921\/revisions"}],"predecessor-version":[{"id":6929,"href":"https:\/\/www.evento.love\/blog\/wp-json\/wp\/v2\/posts\/6921\/revisions\/6929"}],"wp:featuredmedia":[{"embeddable":true,"href":"https:\/\/www.evento.love\/blog\/wp-json\/wp\/v2\/media\/6926"}],"wp:attachment":[{"href":"https:\/\/www.evento.love\/blog\/wp-json\/wp\/v2\/media?parent=6921"}],"wp:term":[{"taxonomy":"category","embeddable":true,"href":"https:\/\/www.evento.love\/blog\/wp-json\/wp\/v2\/categories?post=6921"},{"taxonomy":"post_tag","embeddable":true,"href":"https:\/\/www.evento.love\/blog\/wp-json\/wp\/v2\/tags?post=6921"}],"curies":[{"name":"wp","href":"https:\/\/api.w.org\/{rel}","templated":true}]}}