{"id":7268,"date":"2024-05-21T15:00:38","date_gmt":"2024-05-21T13:00:38","guid":{"rendered":"https:\/\/www.evento.love\/blog\/?p=7268"},"modified":"2024-07-22T16:16:28","modified_gmt":"2024-07-22T14:16:28","slug":"la-celebracion-de-la-comunion-con-una-preciosa-decoracion","status":"publish","type":"post","link":"https:\/\/www.evento.love\/blog\/la-celebracion-de-la-comunion-con-una-preciosa-decoracion\/","title":{"rendered":"La celebraci\u00f3n de la comuni\u00f3n con una preciosa decoraci\u00f3n"},"content":{"rendered":"<p>La celebraci\u00f3n de la comuni\u00f3n con una preciosa decoraci\u00f3n transforma ese d\u00eda so\u00f1ado en un momento m\u00e1gico. Es un d\u00eda lleno de alegr\u00eda, emoci\u00f3n y dulzura. Y, \u00bfqu\u00e9 mejor manera de endulzar a\u00fan m\u00e1s este d\u00eda que con una mesa dulce espectacular? En una preciosa finca en las afueras de Madrid, tuvimos la oportunidad de crear <a href=\"https:\/\/www.evento.love\/blog\/5-pasos-para-construir-una-mesa-dulce-de-ensueno\/\">una mesa dulce inolvidable<\/a> para una comuni\u00f3n. \u00a1Te cuento todos los detalles!<\/p>\n<p><!--more--><\/p>\n<h3><strong>Decorando una mesa dulce para una preciosa comuni\u00f3n en Madrid<\/strong><\/h3>\n<p>En nuestra \u00faltima celebraci\u00f3n, tuvimos el privilegio de decorar una mesa dulce en una hermosa finca de Madrid para una comuni\u00f3n muy especial.<\/p>\n<p>Preparamos una mesa llena de delicias en tonos de rosa y dorado, que hac\u00edan juego con la tem\u00e1tica de la fiesta. En ella, colocamos una variedad de chuches, desde dulces cl\u00e1sicos hasta golosinas m\u00e1s sofisticadas, \u00a1perfectas para endulzar la ocasi\u00f3n! Ten en cuenta que la celebraci\u00f3n de la comuni\u00f3n con una preciosa decoraci\u00f3n hace que ese d\u00eda quede en el recuerdo del agasajado o la agasajada para siempre.<\/p>\n<p><img decoding=\"async\" loading=\"lazy\" class=\"aligncenter wp-image-7274 size-full\" src=\"https:\/\/www.evento.love\/blog\/wp-content\/uploads\/2024\/05\/eventolove-comuniones-cumpleanos-bodas-decoracionesmadrid-globos-scaled.jpg\" alt=\"mesa dulce personalizada comunion\" width=\"2560\" height=\"2406\" srcset=\"https:\/\/www.evento.love\/blog\/wp-content\/uploads\/2024\/05\/eventolove-comuniones-cumpleanos-bodas-decoracionesmadrid-globos-scaled.jpg 2560w, https:\/\/www.evento.love\/blog\/wp-content\/uploads\/2024\/05\/eventolove-comuniones-cumpleanos-bodas-decoracionesmadrid-globos-300x282.jpg 300w, https:\/\/www.evento.love\/blog\/wp-content\/uploads\/2024\/05\/eventolove-comuniones-cumpleanos-bodas-decoracionesmadrid-globos-1024x962.jpg 1024w, https:\/\/www.evento.love\/blog\/wp-content\/uploads\/2024\/05\/eventolove-comuniones-cumpleanos-bodas-decoracionesmadrid-globos-768x722.jpg 768w, https:\/\/www.evento.love\/blog\/wp-content\/uploads\/2024\/05\/eventolove-comuniones-cumpleanos-bodas-decoracionesmadrid-globos-1536x1443.jpg 1536w, https:\/\/www.evento.love\/blog\/wp-content\/uploads\/2024\/05\/eventolove-comuniones-cumpleanos-bodas-decoracionesmadrid-globos-2048x1925.jpg 2048w, https:\/\/www.evento.love\/blog\/wp-content\/uploads\/2024\/05\/eventolove-comuniones-cumpleanos-bodas-decoracionesmadrid-globos-287x270.jpg 287w\" sizes=\"(max-width: 2560px) 100vw, 2560px\" \/><\/p>\n<h3><strong>Los detalles que hacen la diferencia<\/strong><\/h3>\n<p><strong>Cajitas de Chuches Personalizadas:<\/strong>\u00a0Cada ni\u00f1o y ni\u00f1a ten\u00eda su propia cajita de chuches en forma de bolsito. Estas cajitas estaban decoradas en los mismos tonos de rosa y dorado que predominaban en la mesa. Adem\u00e1s, cada bolsito llevaba el nombre de la ni\u00f1a, lo que hizo que los peque\u00f1os se sintieran especiales y \u00fanicos.<\/p>\n<p><strong>Botellitas de Agua Personalizadas:<\/strong> Para mantener a los invitados hidratados, colocamos botellitas de agua personalizadas en la mesa. Cada botella ten\u00eda un detalle para que fuera un precioso recuerdo de la celebraci\u00f3n.<\/p>\n<p><img decoding=\"async\" loading=\"lazy\" class=\"aligncenter wp-image-7271 size-full\" src=\"https:\/\/www.evento.love\/blog\/wp-content\/uploads\/2024\/05\/eventolove-comuniones-mesasdulces-bodas-cumpleanos-scaled.jpg\" alt=\"Cajitas personalizadas comunion\" width=\"2560\" height=\"1707\" srcset=\"https:\/\/www.evento.love\/blog\/wp-content\/uploads\/2024\/05\/eventolove-comuniones-mesasdulces-bodas-cumpleanos-scaled.jpg 2560w, https:\/\/www.evento.love\/blog\/wp-content\/uploads\/2024\/05\/eventolove-comuniones-mesasdulces-bodas-cumpleanos-300x200.jpg 300w, https:\/\/www.evento.love\/blog\/wp-content\/uploads\/2024\/05\/eventolove-comuniones-mesasdulces-bodas-cumpleanos-1024x683.jpg 1024w, https:\/\/www.evento.love\/blog\/wp-content\/uploads\/2024\/05\/eventolove-comuniones-mesasdulces-bodas-cumpleanos-768x512.jpg 768w, https:\/\/www.evento.love\/blog\/wp-content\/uploads\/2024\/05\/eventolove-comuniones-mesasdulces-bodas-cumpleanos-1536x1024.jpg 1536w, https:\/\/www.evento.love\/blog\/wp-content\/uploads\/2024\/05\/eventolove-comuniones-mesasdulces-bodas-cumpleanos-2048x1365.jpg 2048w, https:\/\/www.evento.love\/blog\/wp-content\/uploads\/2024\/05\/eventolove-comuniones-mesasdulces-bodas-cumpleanos-405x270.jpg 405w\" sizes=\"(max-width: 2560px) 100vw, 2560px\" \/><\/p>\n<p><strong>El Camino de Dorado:<\/strong>\u00a0Sobre la mesa, dispusimos un camino de dorado brillante. Este detalle a\u00f1adi\u00f3 un toque de glamour y resalt\u00f3 la belleza de los dulces y la tarta.<\/p>\n<p><strong>La Tarta en Tonos de Rosa:<\/strong>\u00a0La pieza central de la mesa era una tarta espectacular en tonos de rosa. Decorada con flores comestibles y el nombre de la ni\u00f1a, la tarta se rob\u00f3 todas las miradas. \u00a1Y por supuesto, estaba deliciosa!<\/p>\n<p><img decoding=\"async\" loading=\"lazy\" class=\"aligncenter wp-image-7272 size-full\" src=\"https:\/\/www.evento.love\/blog\/wp-content\/uploads\/2024\/05\/eventolove-tartaspersonalizadas-comuniones-cumpleanos-bodas-scaled.jpg\" alt=\"Tarta comuni\u00f3n personalizada\" width=\"2560\" height=\"1707\" srcset=\"https:\/\/www.evento.love\/blog\/wp-content\/uploads\/2024\/05\/eventolove-tartaspersonalizadas-comuniones-cumpleanos-bodas-scaled.jpg 2560w, https:\/\/www.evento.love\/blog\/wp-content\/uploads\/2024\/05\/eventolove-tartaspersonalizadas-comuniones-cumpleanos-bodas-300x200.jpg 300w, https:\/\/www.evento.love\/blog\/wp-content\/uploads\/2024\/05\/eventolove-tartaspersonalizadas-comuniones-cumpleanos-bodas-1024x683.jpg 1024w, https:\/\/www.evento.love\/blog\/wp-content\/uploads\/2024\/05\/eventolove-tartaspersonalizadas-comuniones-cumpleanos-bodas-768x512.jpg 768w, https:\/\/www.evento.love\/blog\/wp-content\/uploads\/2024\/05\/eventolove-tartaspersonalizadas-comuniones-cumpleanos-bodas-1536x1024.jpg 1536w, https:\/\/www.evento.love\/blog\/wp-content\/uploads\/2024\/05\/eventolove-tartaspersonalizadas-comuniones-cumpleanos-bodas-2048x1365.jpg 2048w, https:\/\/www.evento.love\/blog\/wp-content\/uploads\/2024\/05\/eventolove-tartaspersonalizadas-comuniones-cumpleanos-bodas-405x270.jpg 405w\" sizes=\"(max-width: 2560px) 100vw, 2560px\" \/><\/p>\n<p><strong>Cajitas de Palomitas Dulces y Saladas:<\/strong>\u00a0Para satisfacer todos los gustos, incluimos cajitas de palomitas dulces y saladas. Los ni\u00f1os y ni\u00f1as pod\u00edan elegir su preferida y disfrutarla durante la fiesta.<\/p>\n<p><img decoding=\"async\" loading=\"lazy\" class=\"aligncenter wp-image-7276 size-full\" src=\"https:\/\/www.evento.love\/blog\/wp-content\/uploads\/2024\/05\/eventolove-decoracionesmadrid-comuniones-cumpleanos-bodas-aniversarios-scaled.jpg\" alt=\"Decoracion personalizada comunion bodas cumplea\u00f1os globos\" width=\"2560\" height=\"1707\" srcset=\"https:\/\/www.evento.love\/blog\/wp-content\/uploads\/2024\/05\/eventolove-decoracionesmadrid-comuniones-cumpleanos-bodas-aniversarios-scaled.jpg 2560w, https:\/\/www.evento.love\/blog\/wp-content\/uploads\/2024\/05\/eventolove-decoracionesmadrid-comuniones-cumpleanos-bodas-aniversarios-300x200.jpg 300w, https:\/\/www.evento.love\/blog\/wp-content\/uploads\/2024\/05\/eventolove-decoracionesmadrid-comuniones-cumpleanos-bodas-aniversarios-1024x683.jpg 1024w, https:\/\/www.evento.love\/blog\/wp-content\/uploads\/2024\/05\/eventolove-decoracionesmadrid-comuniones-cumpleanos-bodas-aniversarios-768x512.jpg 768w, https:\/\/www.evento.love\/blog\/wp-content\/uploads\/2024\/05\/eventolove-decoracionesmadrid-comuniones-cumpleanos-bodas-aniversarios-1536x1024.jpg 1536w, https:\/\/www.evento.love\/blog\/wp-content\/uploads\/2024\/05\/eventolove-decoracionesmadrid-comuniones-cumpleanos-bodas-aniversarios-2048x1365.jpg 2048w, https:\/\/www.evento.love\/blog\/wp-content\/uploads\/2024\/05\/eventolove-decoracionesmadrid-comuniones-cumpleanos-bodas-aniversarios-405x270.jpg 405w\" sizes=\"(max-width: 2560px) 100vw, 2560px\" \/><\/p>\n<p><strong>El Arco Org\u00e1nico de Globos:<\/strong>\u00a0La trasera de la mesa estaba adornada con un arco org\u00e1nico de globos en dorados y tonos de rosa. Este arco a\u00f1adi\u00f3 un toque festivo y alegre al ambiente. Adem\u00e1s, colocamos preciosas flores de papel de diferentes tama\u00f1os entre los globos, creando una combinaci\u00f3n \u00fanica.<\/p>\n<p><strong>El Mantel como una Cascada de Flores:<\/strong>\u00a0El mantel de la mesa continuaba el motivo de flores de papel. Parec\u00eda una cascada de flores que ca\u00eda desde la parte superior de la mesa. Este detalle le dio un aspecto m\u00e1gico y encantador.<\/p>\n<p><img decoding=\"async\" loading=\"lazy\" class=\"aligncenter wp-image-7277 size-full\" src=\"https:\/\/www.evento.love\/blog\/wp-content\/uploads\/2024\/05\/eventolove-cajaspersonalizadas-fiestasmadrid-decoraciones-scaled.jpg\" alt=\"Cajitas personalizadas bodas cumplea\u00f1os comuniones babyshower aniversario\" width=\"2560\" height=\"1707\" srcset=\"https:\/\/www.evento.love\/blog\/wp-content\/uploads\/2024\/05\/eventolove-cajaspersonalizadas-fiestasmadrid-decoraciones-scaled.jpg 2560w, https:\/\/www.evento.love\/blog\/wp-content\/uploads\/2024\/05\/eventolove-cajaspersonalizadas-fiestasmadrid-decoraciones-300x200.jpg 300w, https:\/\/www.evento.love\/blog\/wp-content\/uploads\/2024\/05\/eventolove-cajaspersonalizadas-fiestasmadrid-decoraciones-1024x683.jpg 1024w, https:\/\/www.evento.love\/blog\/wp-content\/uploads\/2024\/05\/eventolove-cajaspersonalizadas-fiestasmadrid-decoraciones-768x512.jpg 768w, https:\/\/www.evento.love\/blog\/wp-content\/uploads\/2024\/05\/eventolove-cajaspersonalizadas-fiestasmadrid-decoraciones-1536x1024.jpg 1536w, https:\/\/www.evento.love\/blog\/wp-content\/uploads\/2024\/05\/eventolove-cajaspersonalizadas-fiestasmadrid-decoraciones-2048x1365.jpg 2048w, https:\/\/www.evento.love\/blog\/wp-content\/uploads\/2024\/05\/eventolove-cajaspersonalizadas-fiestasmadrid-decoraciones-405x270.jpg 405w\" sizes=\"(max-width: 2560px) 100vw, 2560px\" \/><\/p>\n<p>La celebraci\u00f3n de la comuni\u00f3n con una preciosa decoraci\u00f3n es una tarea que requiere creatividad, <a href=\"https:\/\/www.evento.love\/blog\/descrubre-la-magia-de-la-combinacion-perfecta-en-tu-decoracion\/\">atenci\u00f3n al detalle y amor por los peque\u00f1os detalles<\/a>. En esta hermosa finca de Madrid, logramos crear un rinc\u00f3n lleno de dulzura y alegr\u00eda que quedar\u00e1 en el recuerdo de todos los presentes. \u00a1Una comuni\u00f3n inolvidable!<\/p>\n<p>Espero que este post te haya inspirado para tus futuras celebraciones. Si necesitas m\u00e1s ideas o detalles, no dudes en preguntar. \u00a1Feliz comuni\u00f3n!<\/p>\n    <div class=\"related-post grid\">\r\n                <div class=\"headline\">M\u00e1s art\u00edculos a tener en cuenta<\/div>\r\n        <div class=\"post-list \">\r\n\r\n                        <div class=\"item\">\r\n                        <div class=\"thumb post_thumb\">\r\n        <a  title=\"Baby Shower, mucho m\u00e1s que un evento social\" href=\"https:\/\/www.evento.love\/blog\/baby-shower-evento-social-madrid\/\">\r\n\r\n            <img width=\"150\" height=\"150\" src=\"https:\/\/www.evento.love\/blog\/wp-content\/uploads\/2016\/07\/babyshower-150x150.jpg\" class=\"attachment-thumbnail size-thumbnail wp-post-image\" alt=\"baby shower-fiesta-beb\u00e9-embarazo-embarazada\" decoding=\"async\" loading=\"lazy\" \/>\r\n\r\n        <\/a>\r\n    <\/div>\r\n\r\n    <a class=\"title post_title\"  title=\"Baby Shower, mucho m\u00e1s que un evento social\" href=\"https:\/\/www.evento.love\/blog\/baby-shower-evento-social-madrid\/\">\r\n                Baby Shower, mucho m\u00e1s que un evento social    <\/a>\r\n\r\n                <\/div>\r\n                            <div class=\"item\">\r\n                        <div class=\"thumb post_thumb\">\r\n        <a  title=\"12 consejos para un Baby Shower perfecto\" href=\"https:\/\/www.evento.love\/blog\/12-consejos-baby-shower-perfecto-madrid\/\">\r\n\r\n            <img width=\"150\" height=\"150\" src=\"https:\/\/www.evento.love\/blog\/wp-content\/uploads\/2016\/09\/16_05_20_12_consejos-para-que-tu-Baby-Shower-sea-perfecto-150x150.jpg\" class=\"attachment-thumbnail size-thumbnail wp-post-image\" alt=\"Baby Shower-perfecto-beb\u00e9-embarazado-embarazada-fiesta-babyshower\" decoding=\"async\" loading=\"lazy\" \/>\r\n\r\n        <\/a>\r\n    <\/div>\r\n\r\n    <a class=\"title post_title\"  title=\"12 consejos para un Baby Shower perfecto\" href=\"https:\/\/www.evento.love\/blog\/12-consejos-baby-shower-perfecto-madrid\/\">\r\n                12 consejos para un Baby Shower perfecto    <\/a>\r\n\r\n                <\/div>\r\n                            <div class=\"item\">\r\n                        <div class=\"thumb post_thumb\">\r\n        <a  title=\"Cu\u00e1ndo hacer el Baby Shower\" href=\"https:\/\/www.evento.love\/blog\/cuando-hacer-el-baby-shower-madrid\/\">\r\n\r\n            <img width=\"150\" height=\"150\" src=\"https:\/\/www.evento.love\/blog\/wp-content\/uploads\/2016\/09\/16_05_23_Cuando-hacer-el-Baby-Shower-150x150.jpg\" class=\"attachment-thumbnail size-thumbnail wp-post-image\" alt=\"Cu\u00e1ndo hacer el baby shower beb\u00e9 embarazo fiesta en Madrid\" decoding=\"async\" loading=\"lazy\" \/>\r\n\r\n        <\/a>\r\n    <\/div>\r\n\r\n    <a class=\"title post_title\"  title=\"Cu\u00e1ndo hacer el Baby Shower\" href=\"https:\/\/www.evento.love\/blog\/cuando-hacer-el-baby-shower-madrid\/\">\r\n                Cu\u00e1ndo hacer el Baby Shower    <\/a>\r\n\r\n                <\/div>\r\n                            <div class=\"item\">\r\n                        <div class=\"thumb post_thumb\">\r\n        <a  title=\"\u00bfQui\u00e9n debe organizar el Baby Shower?\" href=\"https:\/\/www.evento.love\/blog\/quien-organizar-baby-shower-madrid\/\">\r\n\r\n            <img width=\"150\" height=\"150\" src=\"https:\/\/www.evento.love\/blog\/wp-content\/uploads\/2016\/09\/16_05_29_Qui\u00e9n-organiza-el-Baby-Shower-150x150.jpg\" class=\"attachment-thumbnail size-thumbnail wp-post-image\" alt=\"Organizaci\u00f3n Baby Shower Madrid fiesta beb\u00e9 embarazada\" decoding=\"async\" loading=\"lazy\" \/>\r\n\r\n        <\/a>\r\n    <\/div>\r\n\r\n    <a class=\"title post_title\"  title=\"\u00bfQui\u00e9n debe organizar el Baby Shower?\" href=\"https:\/\/www.evento.love\/blog\/quien-organizar-baby-shower-madrid\/\">\r\n                \u00bfQui\u00e9n debe organizar el Baby Shower?    <\/a>\r\n\r\n                <\/div>\r\n            \r\n    <\/div>\r\n\r\n    <script>\r\n            <\/script>\r\n    <style>\r\n        .related-post {}\r\n\r\n        .related-post .post-list {\r\n            text-align: left;\r\n                    }\r\n\r\n        .related-post .post-list .item {\r\n            margin: 5px 10px;\r\n            padding: 0px;\r\n                    }\r\n\r\n        .related-post .headline {\r\n            font-size: 24px !important;\r\n            color: #000000 !important;\r\n                    }\r\n\r\n        .related-post .headline{\r\nfont-weight:400 !important;\r\ntext-transform: uppercase;\r\n}.related-post .post-list .item .post_thumb {\r\n            max-height: 180px;\r\n            margin: 10px 0px;\r\n            padding: 0px;\r\n            display: block;\r\n                    }\r\n\r\n        .related-post .post-list .item .post_title {\r\n            font-size: 12px;\r\n            color: #607d8b;\r\n            margin: 10px 0px;\r\n            padding: 0px;\r\n            display: block;\r\n            text-decoration: none;\r\n                    }\r\n\r\n        .related-post .post-list .item .post_excerpt {\r\n            font-size: 13px;\r\n            color: #3f3f3f;\r\n            margin: 10px 0px;\r\n            padding: 0px;\r\n            display: block;\r\n            text-decoration: none;\r\n                    }\r\n\r\n        @media only screen and (min-width: 1024px) {\r\n            .related-post .post-list .item {\r\n                width: 22%;\r\n            }\r\n        }\r\n\r\n        @media only screen and (min-width: 768px) and (max-width: 1023px) {\r\n            .related-post .post-list .item {\r\n                width: 90%;\r\n            }\r\n        }\r\n\r\n        @media only screen and (min-width: 0px) and (max-width: 767px) {\r\n            .related-post .post-list .item {\r\n                width: 30%;\r\n            }\r\n        }\r\n\r\n            <\/style>\r\n        <\/div>\r\n<!-- AddThis Advanced Settings generic via filter on the_content --><!-- AddThis Share Buttons generic via filter on the_content -->","protected":false},"excerpt":{"rendered":"<p>La celebraci\u00f3n de la comuni\u00f3n con una preciosa decoraci\u00f3n transforma ese d\u00eda so\u00f1ado en un momento m\u00e1gico. Es un d\u00eda lleno de alegr\u00eda, emoci\u00f3n y dulzura. Y, \u00bfqu\u00e9 mejor manera de endulzar a\u00fan m\u00e1s este d\u00eda que con una mesa dulce espectacular? En una preciosa finca en las afueras de Madrid, tuvimos la oportunidad de crear una mesa dulce inolvidable para una comuni\u00f3n. \u00a1Te cuento todos los detalles! M\u00e1s art\u00edculos a tener en cuenta Baby Shower, mucho m\u00e1s que un&#8230;<\/p>\n<p class=\"read-more\"><a class=\"btn btn-default\" href=\"https:\/\/www.evento.love\/blog\/quien-organizar-baby-shower-madrid\/\"> Leer m\u00e1s<span class=\"screen-reader-text\">  Leer m\u00e1s<\/span><\/a><\/p>\n<p><!-- AddThis Advanced Settings generic via filter on get_the_excerpt --><!-- AddThis Share Buttons generic via filter on get_the_excerpt --><\/p>\n    <div class=\"related-post grid\">\r\n                <div class=\"headline\">M\u00e1s art\u00edculos a tener en cuenta<\/div>\r\n        <div class=\"post-list \">\r\n\r\n                        <div class=\"item\">\r\n                        <div class=\"thumb post_thumb\">\r\n        <a  title=\"Baby Shower, mucho m\u00e1s que un evento social\" href=\"https:\/\/www.evento.love\/blog\/baby-shower-evento-social-madrid\/\">\r\n\r\n            <img width=\"150\" height=\"150\" src=\"https:\/\/www.evento.love\/blog\/wp-content\/uploads\/2016\/07\/babyshower-150x150.jpg\" class=\"attachment-thumbnail size-thumbnail wp-post-image\" alt=\"baby shower-fiesta-beb\u00e9-embarazo-embarazada\" decoding=\"async\" loading=\"lazy\" \/>\r\n\r\n        <\/a>\r\n    <\/div>\r\n\r\n    <a class=\"title post_title\"  title=\"Baby Shower, mucho m\u00e1s que un evento social\" href=\"https:\/\/www.evento.love\/blog\/baby-shower-evento-social-madrid\/\">\r\n                Baby Shower, mucho m\u00e1s que un evento social    <\/a>\r\n\r\n                <\/div>\r\n                            <div class=\"item\">\r\n                        <div class=\"thumb post_thumb\">\r\n        <a  title=\"12 consejos para un Baby Shower perfecto\" href=\"https:\/\/www.evento.love\/blog\/12-consejos-baby-shower-perfecto-madrid\/\">\r\n\r\n            <img width=\"150\" height=\"150\" src=\"https:\/\/www.evento.love\/blog\/wp-content\/uploads\/2016\/09\/16_05_20_12_consejos-para-que-tu-Baby-Shower-sea-perfecto-150x150.jpg\" class=\"attachment-thumbnail size-thumbnail wp-post-image\" alt=\"Baby Shower-perfecto-beb\u00e9-embarazado-embarazada-fiesta-babyshower\" decoding=\"async\" loading=\"lazy\" \/>\r\n\r\n        <\/a>\r\n    <\/div>\r\n\r\n    <a class=\"title post_title\"  title=\"12 consejos para un Baby Shower perfecto\" href=\"https:\/\/www.evento.love\/blog\/12-consejos-baby-shower-perfecto-madrid\/\">\r\n                12 consejos para un Baby Shower perfecto    <\/a>\r\n\r\n                <\/div>\r\n                            <div class=\"item\">\r\n                        <div class=\"thumb post_thumb\">\r\n        <a  title=\"Cu\u00e1ndo hacer el Baby Shower\" href=\"https:\/\/www.evento.love\/blog\/cuando-hacer-el-baby-shower-madrid\/\">\r\n\r\n            <img width=\"150\" height=\"150\" src=\"https:\/\/www.evento.love\/blog\/wp-content\/uploads\/2016\/09\/16_05_23_Cuando-hacer-el-Baby-Shower-150x150.jpg\" class=\"attachment-thumbnail size-thumbnail wp-post-image\" alt=\"Cu\u00e1ndo hacer el baby shower beb\u00e9 embarazo fiesta en Madrid\" decoding=\"async\" loading=\"lazy\" \/>\r\n\r\n        <\/a>\r\n    <\/div>\r\n\r\n    <a class=\"title post_title\"  title=\"Cu\u00e1ndo hacer el Baby Shower\" href=\"https:\/\/www.evento.love\/blog\/cuando-hacer-el-baby-shower-madrid\/\">\r\n                Cu\u00e1ndo hacer el Baby Shower    <\/a>\r\n\r\n                <\/div>\r\n                            <div class=\"item\">\r\n                        <div class=\"thumb post_thumb\">\r\n        <a  title=\"Baby Shower: Elaborando la lista de invitados\" href=\"https:\/\/www.evento.love\/blog\/baby-shower-lista-invitados-madrid\/\">\r\n\r\n            <img width=\"150\" height=\"150\" src=\"https:\/\/www.evento.love\/blog\/wp-content\/uploads\/2016\/09\/16_05_30_Baby-Shower-elaborando-la-lista-de-invitados-150x150.jpg\" class=\"attachment-thumbnail size-thumbnail wp-post-image\" alt=\"\" decoding=\"async\" loading=\"lazy\" \/>\r\n\r\n        <\/a>\r\n    <\/div>\r\n\r\n    <a class=\"title post_title\"  title=\"Baby Shower: Elaborando la lista de invitados\" href=\"https:\/\/www.evento.love\/blog\/baby-shower-lista-invitados-madrid\/\">\r\n                Baby Shower: Elaborando la lista de invitados    <\/a>\r\n\r\n                <\/div>\r\n            \r\n    <\/div>\r\n\r\n    <script>\r\n            <\/script>\r\n    <style>\r\n        .related-post {}\r\n\r\n        .related-post .post-list {\r\n            text-align: left;\r\n                    }\r\n\r\n        .related-post .post-list .item {\r\n            margin: 5px 10px;\r\n            padding: 0px;\r\n                    }\r\n\r\n        .related-post .headline {\r\n            font-size: 24px !important;\r\n            color: #000000 !important;\r\n                    }\r\n\r\n        .related-post .headline{\r\nfont-weight:400 !important;\r\ntext-transform: uppercase;\r\n}.related-post .post-list .item .post_thumb {\r\n            max-height: 180px;\r\n            margin: 10px 0px;\r\n            padding: 0px;\r\n            display: block;\r\n                    }\r\n\r\n        .related-post .post-list .item .post_title {\r\n            font-size: 12px;\r\n            color: #607d8b;\r\n            margin: 10px 0px;\r\n            padding: 0px;\r\n            display: block;\r\n            text-decoration: none;\r\n                    }\r\n\r\n        .related-post .post-list .item .post_excerpt {\r\n            font-size: 13px;\r\n            color: #3f3f3f;\r\n            margin: 10px 0px;\r\n            padding: 0px;\r\n            display: block;\r\n            text-decoration: none;\r\n                    }\r\n\r\n        @media only screen and (min-width: 1024px) {\r\n            .related-post .post-list .item {\r\n                width: 22%;\r\n            }\r\n        }\r\n\r\n        @media only screen and (min-width: 768px) and (max-width: 1023px) {\r\n            .related-post .post-list .item {\r\n                width: 90%;\r\n            }\r\n        }\r\n\r\n        @media only screen and (min-width: 0px) and (max-width: 767px) {\r\n            .related-post .post-list .item {\r\n                width: 30%;\r\n            }\r\n        }\r\n\r\n            <\/style>\r\n        <\/div>\r\n","protected":false},"author":1,"featured_media":7274,"comment_status":"open","ping_status":"open","sticky":false,"template":"","format":"standard","meta":{"content-type":""},"categories":[342,391],"tags":[9,752,376,379,386,401,519,70,969,105,979,384,1175,1061,422,818],"yoast_head":"<!-- This site is optimized with the Yoast SEO plugin v20.7 - https:\/\/yoast.com\/wordpress\/plugins\/seo\/ -->\n<title>La celebraci\u00f3n de la comuni\u00f3n con una preciosa decoraci\u00f3n<\/title>\n<meta name=\"description\" content=\"La celebraci\u00f3n de la comuni\u00f3n con una preciosa decoraci\u00f3n. En evento.love somos expertos en decoraciones \u00fanicas y personalizadas en Madrid\" \/>\n<meta name=\"robots\" content=\"index, follow, max-snippet:-1, max-image-preview:large, max-video-preview:-1\" \/>\n<meta property=\"og:locale\" content=\"es_ES\" \/>\n<meta property=\"og:type\" content=\"article\" \/>\n<meta property=\"og:title\" content=\"La celebraci\u00f3n de la comuni\u00f3n con una preciosa decoraci\u00f3n\" \/>\n<meta property=\"og:description\" content=\"La celebraci\u00f3n de la comuni\u00f3n con una preciosa decoraci\u00f3n. En evento.love somos expertos en decoraciones \u00fanicas y personalizadas en Madrid\" \/>\n<meta property=\"og:url\" content=\"https:\/\/www.evento.love\/blog\/la-celebracion-de-la-comunion-con-una-preciosa-decoracion\/\" \/>\n<meta property=\"og:site_name\" content=\"El Blog de evento.love\" \/>\n<meta property=\"article:publisher\" content=\"https:\/\/www.facebook.com\/Evento.love\/\" \/>\n<meta property=\"article:published_time\" content=\"2024-05-21T13:00:38+00:00\" \/>\n<meta property=\"article:modified_time\" content=\"2024-07-22T14:16:28+00:00\" \/>\n<meta property=\"og:image\" content=\"https:\/\/www.evento.love\/blog\/wp-content\/uploads\/2024\/05\/eventolove-comuniones-cumpleanos-bodas-decoracionesmadrid-globos-scaled.jpg\" \/>\n\t<meta property=\"og:image:width\" content=\"2560\" \/>\n\t<meta property=\"og:image:height\" content=\"2406\" \/>\n\t<meta property=\"og:image:type\" content=\"image\/jpeg\" \/>\n<meta name=\"author\" content=\"Evento Love\" \/>\n<meta name=\"twitter:card\" content=\"summary_large_image\" \/>\n<meta name=\"twitter:creator\" content=\"@Evento_love\" \/>\n<meta name=\"twitter:site\" content=\"@Evento_love\" \/>\n<meta name=\"twitter:label1\" content=\"Escrito por\" \/>\n\t<meta name=\"twitter:data1\" content=\"Evento Love\" \/>\n\t<meta name=\"twitter:label2\" content=\"Tiempo de lectura\" \/>\n\t<meta name=\"twitter:data2\" content=\"4 minutos\" \/>\n<!-- \/ Yoast SEO plugin. -->","yoast_head_json":{"title":"La celebraci\u00f3n de la comuni\u00f3n con una preciosa decoraci\u00f3n","description":"La celebraci\u00f3n de la comuni\u00f3n con una preciosa decoraci\u00f3n. En evento.love somos expertos en decoraciones \u00fanicas y personalizadas en Madrid","robots":{"index":"index","follow":"follow","max-snippet":"max-snippet:-1","max-image-preview":"max-image-preview:large","max-video-preview":"max-video-preview:-1"},"og_locale":"es_ES","og_type":"article","og_title":"La celebraci\u00f3n de la comuni\u00f3n con una preciosa decoraci\u00f3n","og_description":"La celebraci\u00f3n de la comuni\u00f3n con una preciosa decoraci\u00f3n. En evento.love somos expertos en decoraciones \u00fanicas y personalizadas en Madrid","og_url":"https:\/\/www.evento.love\/blog\/la-celebracion-de-la-comunion-con-una-preciosa-decoracion\/","og_site_name":"El Blog de evento.love","article_publisher":"https:\/\/www.facebook.com\/Evento.love\/","article_published_time":"2024-05-21T13:00:38+00:00","article_modified_time":"2024-07-22T14:16:28+00:00","og_image":[{"width":2560,"height":2406,"url":"https:\/\/www.evento.love\/blog\/wp-content\/uploads\/2024\/05\/eventolove-comuniones-cumpleanos-bodas-decoracionesmadrid-globos-scaled.jpg","type":"image\/jpeg"}],"author":"Evento Love","twitter_card":"summary_large_image","twitter_creator":"@Evento_love","twitter_site":"@Evento_love","twitter_misc":{"Escrito por":"Evento Love","Tiempo de lectura":"4 minutos"},"schema":{"@context":"https:\/\/schema.org","@graph":[{"@type":"Article","@id":"https:\/\/www.evento.love\/blog\/la-celebracion-de-la-comunion-con-una-preciosa-decoracion\/#article","isPartOf":{"@id":"https:\/\/www.evento.love\/blog\/la-celebracion-de-la-comunion-con-una-preciosa-decoracion\/"},"author":{"name":"Evento Love","@id":"https:\/\/www.evento.love\/blog\/#\/schema\/person\/a184c2ed424b7fb3006372ce8051542c"},"headline":"La celebraci\u00f3n de la comuni\u00f3n con una preciosa decoraci\u00f3n","datePublished":"2024-05-21T13:00:38+00:00","dateModified":"2024-07-22T14:16:28+00:00","mainEntityOfPage":{"@id":"https:\/\/www.evento.love\/blog\/la-celebracion-de-la-comunion-con-una-preciosa-decoracion\/"},"wordCount":600,"commentCount":0,"publisher":{"@id":"https:\/\/www.evento.love\/blog\/#organization"},"keywords":["baby shower","bodas","comunion","comunion en madrid","comunion madrid","comunion tematica","comuniones","cumplea\u00f1os","decoraci\u00f3n con globos","decoracion de baby shower","decoraci\u00f3n de boda","decoracion de comunion","decoraci\u00f3n de comuniones","decoraci\u00f3n de eventos","mesa dulce","organizaci\u00f3n de eventos"],"articleSection":["Comuniones","Nuestros eventos"],"inLanguage":"es","potentialAction":[{"@type":"CommentAction","name":"Comment","target":["https:\/\/www.evento.love\/blog\/la-celebracion-de-la-comunion-con-una-preciosa-decoracion\/#respond"]}]},{"@type":"WebPage","@id":"https:\/\/www.evento.love\/blog\/la-celebracion-de-la-comunion-con-una-preciosa-decoracion\/","url":"https:\/\/www.evento.love\/blog\/la-celebracion-de-la-comunion-con-una-preciosa-decoracion\/","name":"La celebraci\u00f3n de la comuni\u00f3n con una preciosa decoraci\u00f3n","isPartOf":{"@id":"https:\/\/www.evento.love\/blog\/#website"},"datePublished":"2024-05-21T13:00:38+00:00","dateModified":"2024-07-22T14:16:28+00:00","description":"La celebraci\u00f3n de la comuni\u00f3n con una preciosa decoraci\u00f3n. En evento.love somos expertos en decoraciones \u00fanicas y personalizadas en Madrid","breadcrumb":{"@id":"https:\/\/www.evento.love\/blog\/la-celebracion-de-la-comunion-con-una-preciosa-decoracion\/#breadcrumb"},"inLanguage":"es","potentialAction":[{"@type":"ReadAction","target":["https:\/\/www.evento.love\/blog\/la-celebracion-de-la-comunion-con-una-preciosa-decoracion\/"]}]},{"@type":"BreadcrumbList","@id":"https:\/\/www.evento.love\/blog\/la-celebracion-de-la-comunion-con-una-preciosa-decoracion\/#breadcrumb","itemListElement":[{"@type":"ListItem","position":1,"name":"Evento.love","item":"https:\/\/www.evento.love\/blog\/"},{"@type":"ListItem","position":2,"name":"Comuniones","item":"https:\/\/www.evento.love\/blog\/category\/comuniones\/"},{"@type":"ListItem","position":3,"name":"La celebraci\u00f3n de la comuni\u00f3n con una preciosa decoraci\u00f3n"}]},{"@type":"WebSite","@id":"https:\/\/www.evento.love\/blog\/#website","url":"https:\/\/www.evento.love\/blog\/","name":"El Blog de evento.love","description":"T\u00fa lo mereces. Disfruta de tu momento","publisher":{"@id":"https:\/\/www.evento.love\/blog\/#organization"},"potentialAction":[{"@type":"SearchAction","target":{"@type":"EntryPoint","urlTemplate":"https:\/\/www.evento.love\/blog\/?s={search_term_string}"},"query-input":"required name=search_term_string"}],"inLanguage":"es"},{"@type":"Organization","@id":"https:\/\/www.evento.love\/blog\/#organization","name":"evento.love","url":"https:\/\/www.evento.love\/blog\/","logo":{"@type":"ImageObject","inLanguage":"es","@id":"https:\/\/www.evento.love\/blog\/#\/schema\/logo\/image\/","url":"https:\/\/www.evento.love\/blog\/wp-content\/uploads\/2016\/07\/logo-evento-love.png","contentUrl":"https:\/\/www.evento.love\/blog\/wp-content\/uploads\/2016\/07\/logo-evento-love.png","width":197,"height":59,"caption":"evento.love"},"image":{"@id":"https:\/\/www.evento.love\/blog\/#\/schema\/logo\/image\/"},"sameAs":["https:\/\/www.facebook.com\/Evento.love\/","https:\/\/twitter.com\/Evento_love","https:\/\/www.instagram.com\/evento.love\/","https:\/\/es.pinterest.com\/evento_love\/","https:\/\/www.youtube.com\/channel\/UCcVbo6ymzx-7FlDJja8aQnw"]},{"@type":"Person","@id":"https:\/\/www.evento.love\/blog\/#\/schema\/person\/a184c2ed424b7fb3006372ce8051542c","name":"Evento Love"}]}},"_links":{"self":[{"href":"https:\/\/www.evento.love\/blog\/wp-json\/wp\/v2\/posts\/7268"}],"collection":[{"href":"https:\/\/www.evento.love\/blog\/wp-json\/wp\/v2\/posts"}],"about":[{"href":"https:\/\/www.evento.love\/blog\/wp-json\/wp\/v2\/types\/post"}],"author":[{"embeddable":true,"href":"https:\/\/www.evento.love\/blog\/wp-json\/wp\/v2\/users\/1"}],"replies":[{"embeddable":true,"href":"https:\/\/www.evento.love\/blog\/wp-json\/wp\/v2\/comments?post=7268"}],"version-history":[{"count":5,"href":"https:\/\/www.evento.love\/blog\/wp-json\/wp\/v2\/posts\/7268\/revisions"}],"predecessor-version":[{"id":7279,"href":"https:\/\/www.evento.love\/blog\/wp-json\/wp\/v2\/posts\/7268\/revisions\/7279"}],"wp:featuredmedia":[{"embeddable":true,"href":"https:\/\/www.evento.love\/blog\/wp-json\/wp\/v2\/media\/7274"}],"wp:attachment":[{"href":"https:\/\/www.evento.love\/blog\/wp-json\/wp\/v2\/media?parent=7268"}],"wp:term":[{"taxonomy":"category","embeddable":true,"href":"https:\/\/www.evento.love\/blog\/wp-json\/wp\/v2\/categories?post=7268"},{"taxonomy":"post_tag","embeddable":true,"href":"https:\/\/www.evento.love\/blog\/wp-json\/wp\/v2\/tags?post=7268"}],"curies":[{"name":"wp","href":"https:\/\/api.w.org\/{rel}","templated":true}]}}