{"id":742,"date":"2017-05-12T08:55:09","date_gmt":"2017-05-12T08:55:09","guid":{"rendered":"https:\/\/www.evento.love\/blog\/?p=742"},"modified":"2018-10-01T16:26:31","modified_gmt":"2018-10-01T14:26:31","slug":"estaremos-todopapas-loves-madrid","status":"publish","type":"post","link":"https:\/\/www.evento.love\/blog\/estaremos-todopapas-loves-madrid\/","title":{"rendered":"\u00a1Estaremos en TodoPap\u00e1s Loves Madrid!"},"content":{"rendered":"<p><script type=\"text\/javascript\" src=\"\/\/s3.amazonaws.com\/downloads.mailchimp.com\/js\/signup-forms\/popup\/embed.js\" data-dojo-config=\"usePlainJson: true, isDebug: false\"><\/script><script type=\"text\/javascript\">require([\"mojo\/signup-forms\/Loader\"], function(L) { L.start({\"baseUrl\":\"mc.us14.list-manage.com\",\"uuid\":\"948e92642f8726fd4245ad272\",\"lid\":\"5f112b55a1\"}) })<\/script><br \/>\nLos pr\u00f3ximos d\u00edas 26, 27 y 28 de mayo estaremos en el Evento Familiar del A\u00f1o, un encuentro para futuros y recientes mam\u00e1s y pap\u00e1s que no te puedes perder. \u00a1Tenemos mucho que compartir contigo!<!--more--><\/p>\n<p>Una nueva edici\u00f3n de TodoPap\u00e1s Loves Madrid tendr\u00e1 lugar dentro de muy pronto. Ser\u00e1 el fin de semana desde el viernes 26 hasta el domingo 28 de mayo. En esta ocasi\u00f3n se celebrar\u00e1 en <a href=\"https:\/\/meeu.es\/planifica-tu-visita\/como-llegar\" target=\"_blank\" rel=\"noopener noreferrer\">MEEU<\/a> (Madrid Exposiciones y Eventos Urbanos), en la Estaci\u00f3n de Chamart\u00edn.<\/p>\n<p><a href=\"https:\/\/www.todopapas.com\/loves\/madrid\" target=\"_blank\" rel=\"noopener noreferrer\">TodoPap\u00e1s Loves Madrid<\/a> es un evento \u00fanico y exclusivo dirigido a embarazadas, mam\u00e1s y pap\u00e1s recientes que quieren criar a sus hijos desde el amor y el respeto. Durante estas jornadas podremos disfrutar de las charlas, talleres, actividades infantiles, regalos y compras de productos incre\u00edbles.<\/p>\n<h2>\u00bfPor qu\u00e9 debes venir a visitarnos?<\/h2>\n<p>Nuestra vida acelerada no nos deja preparar con el cuidado y el esmero que merecen momentos tan \u00fanicos e irrepetibles como aniversarios, cumplea\u00f1os o eventos tan importantes como una boda.<\/p>\n<p>Sabemos que organizar un Baby Shower, Cumplea\u00f1os, Bautizo, Comuni\u00f3n o Boda necesita experiencia y una dedicaci\u00f3n que el d\u00eda a d\u00eda no te permite, por eso, en evento.love nos ocupamos de todo, para que tu celebraci\u00f3n sea tal y como sue\u00f1as, a tu alcance, y sin preocuparte por nada.<\/p>\n<p>En nuestro stand en TodoPap\u00e1s Loves Madrid tendr\u00e1s un espacio \u00fanico para contarnos tus proyectos, tus ideas, tus deseos. Dinos c\u00f3mo te imaginas ese d\u00eda tan especial y \u00fanico rodeada de las personas que m\u00e1s quieres, de tu familia y amigos y te detallaremos c\u00f3mo hacemos la magia para que tus eventos sean tan brillantes que puedas recordarlos por siempre, tanto t\u00fa como tus invitados.<\/p>\n<p>Durante los tres d\u00edas que dure TodoPap\u00e1s Loves podr\u00e1s ver una de <strong>nuestras mesas dulces decoradas, que ponen el acento est\u00e9tico a todos los eventos.<\/strong><\/p>\n<p>El \u00e9xito de una mesa dulce perfecta radica en la calidad de los productos, el empaque, la decoraci\u00f3n y montaje. Y de todo esto hablaremos en nuestro stand, \u00a1no te lo puedes perder!<\/p>\n<h2>\u00a1Y una sorpresa especial para embarazadas y pap\u00e1s recientes!<\/h2>\n<p>Dedicarle canciones y cantarles nanas mientras a\u00fan est\u00e1n en la barriga de mam\u00e1 ayuda a fortalecer el v\u00ednculo madre-beb\u00e9 y aumenta los efectos positivos en el comportamiento neonatal y en el estr\u00e9s materno.<\/p>\n<p>\u00a1Especialmente para ti si est\u00e1s embarazada o acabas de ser mam\u00e1 hace poco! nuestra trovadora de sue\u00f1os os invitar\u00e1 a trasladaros al mundo m\u00e1gico de las <strong>canciones de cuna <\/strong>para arrullar a vuestros beb\u00e9s con amor. Un peque\u00f1o espect\u00e1culo ideal para futuras y recientes mam\u00e1s.<\/p>\n<p>Este es nuestro regalo para todos los beb\u00e9s que est\u00e1n por nacer y para todos los ni\u00f1os que nos visiten.<\/p>\n<p>Podr\u00e1s escucharlas <strong>en nuestro stand<\/strong> en los siguientes horarios:<\/p>\n<ul>\n<li>Viernes 26 de mayo a las 17:30 h.<\/li>\n<li>S\u00e1bado 27 de mayo a las 14:30 h.<\/li>\n<li>Domingo 28 de mayo a las 12 h. y 13 h.<\/li>\n<\/ul>\n<p>Y adem\u00e1s, s\u00f3lo por visitarnos en TodoPap\u00e1s Loves Madrid, <strong><u>tienes el 20 % de descuento en la decoraci\u00f3n de tu pr\u00f3ximo evento<\/u><\/strong>.<\/p>\n<h3 style=\"text-align: center;\"><a href=\"https:\/\/www.todopapas.com\/loves\/madrid?utm_source=Family+Land+Market+abril+2017&amp;utm_campaign=69abd6961f-AUTOMATION_Invitacion_a_TPP_Loves_Madrid_Mayo_2017&amp;utm_medium=email&amp;utm_term=0_2da27ebe21-69abd6961f-\" target=\"_blank\" rel=\"noopener noreferrer\">\u00a1Reserva ahora tu entrada! \u00a1Te esperamos!<\/a><\/h3>\n<p>&nbsp;<\/p>\n<p>&nbsp;<\/p>\n    <div class=\"related-post grid\">\r\n                <div class=\"headline\">M\u00e1s art\u00edculos a tener en cuenta<\/div>\r\n        <div class=\"post-list \">\r\n\r\n                        <div class=\"item\">\r\n                        <div class=\"thumb post_thumb\">\r\n        <a  title=\"Baby Shower, mucho m\u00e1s que un evento social\" href=\"https:\/\/www.evento.love\/blog\/baby-shower-evento-social-madrid\/\">\r\n\r\n            <img width=\"150\" height=\"150\" src=\"https:\/\/www.evento.love\/blog\/wp-content\/uploads\/2016\/07\/babyshower-150x150.jpg\" class=\"attachment-thumbnail size-thumbnail wp-post-image\" alt=\"baby shower-fiesta-beb\u00e9-embarazo-embarazada\" decoding=\"async\" loading=\"lazy\" \/>\r\n\r\n        <\/a>\r\n    <\/div>\r\n\r\n    <a class=\"title post_title\"  title=\"Baby Shower, mucho m\u00e1s que un evento social\" href=\"https:\/\/www.evento.love\/blog\/baby-shower-evento-social-madrid\/\">\r\n                Baby Shower, mucho m\u00e1s que un evento social    <\/a>\r\n\r\n                <\/div>\r\n                            <div class=\"item\">\r\n                        <div class=\"thumb post_thumb\">\r\n        <a  title=\"12 consejos para un Baby Shower perfecto\" href=\"https:\/\/www.evento.love\/blog\/12-consejos-baby-shower-perfecto-madrid\/\">\r\n\r\n            <img width=\"150\" height=\"150\" src=\"https:\/\/www.evento.love\/blog\/wp-content\/uploads\/2016\/09\/16_05_20_12_consejos-para-que-tu-Baby-Shower-sea-perfecto-150x150.jpg\" class=\"attachment-thumbnail size-thumbnail wp-post-image\" alt=\"Baby Shower-perfecto-beb\u00e9-embarazado-embarazada-fiesta-babyshower\" decoding=\"async\" loading=\"lazy\" \/>\r\n\r\n        <\/a>\r\n    <\/div>\r\n\r\n    <a class=\"title post_title\"  title=\"12 consejos para un Baby Shower perfecto\" href=\"https:\/\/www.evento.love\/blog\/12-consejos-baby-shower-perfecto-madrid\/\">\r\n                12 consejos para un Baby Shower perfecto    <\/a>\r\n\r\n                <\/div>\r\n                            <div class=\"item\">\r\n                        <div class=\"thumb post_thumb\">\r\n        <a  title=\"Cu\u00e1ndo hacer el Baby Shower\" href=\"https:\/\/www.evento.love\/blog\/cuando-hacer-el-baby-shower-madrid\/\">\r\n\r\n            <img width=\"150\" height=\"150\" src=\"https:\/\/www.evento.love\/blog\/wp-content\/uploads\/2016\/09\/16_05_23_Cuando-hacer-el-Baby-Shower-150x150.jpg\" class=\"attachment-thumbnail size-thumbnail wp-post-image\" alt=\"Cu\u00e1ndo hacer el baby shower beb\u00e9 embarazo fiesta en Madrid\" decoding=\"async\" loading=\"lazy\" \/>\r\n\r\n        <\/a>\r\n    <\/div>\r\n\r\n    <a class=\"title post_title\"  title=\"Cu\u00e1ndo hacer el Baby Shower\" href=\"https:\/\/www.evento.love\/blog\/cuando-hacer-el-baby-shower-madrid\/\">\r\n                Cu\u00e1ndo hacer el Baby Shower    <\/a>\r\n\r\n                <\/div>\r\n                            <div class=\"item\">\r\n                        <div class=\"thumb post_thumb\">\r\n        <a  title=\"Baby Shower: Elaborando la lista de invitados\" href=\"https:\/\/www.evento.love\/blog\/baby-shower-lista-invitados-madrid\/\">\r\n\r\n            <img width=\"150\" height=\"150\" src=\"https:\/\/www.evento.love\/blog\/wp-content\/uploads\/2016\/09\/16_05_30_Baby-Shower-elaborando-la-lista-de-invitados-150x150.jpg\" class=\"attachment-thumbnail size-thumbnail wp-post-image\" alt=\"\" decoding=\"async\" loading=\"lazy\" \/>\r\n\r\n        <\/a>\r\n    <\/div>\r\n\r\n    <a class=\"title post_title\"  title=\"Baby Shower: Elaborando la lista de invitados\" href=\"https:\/\/www.evento.love\/blog\/baby-shower-lista-invitados-madrid\/\">\r\n                Baby Shower: Elaborando la lista de invitados    <\/a>\r\n\r\n                <\/div>\r\n            \r\n    <\/div>\r\n\r\n    <script>\r\n            <\/script>\r\n    <style>\r\n        .related-post {}\r\n\r\n        .related-post .post-list {\r\n            text-align: left;\r\n                    }\r\n\r\n        .related-post .post-list .item {\r\n            margin: 5px 10px;\r\n            padding: 0px;\r\n                    }\r\n\r\n        .related-post .headline {\r\n            font-size: 24px !important;\r\n            color: #000000 !important;\r\n                    }\r\n\r\n        .related-post .headline{\r\nfont-weight:400 !important;\r\ntext-transform: uppercase;\r\n}.related-post .post-list .item .post_thumb {\r\n            max-height: 180px;\r\n            margin: 10px 0px;\r\n            padding: 0px;\r\n            display: block;\r\n                    }\r\n\r\n        .related-post .post-list .item .post_title {\r\n            font-size: 12px;\r\n            color: #607d8b;\r\n            margin: 10px 0px;\r\n            padding: 0px;\r\n            display: block;\r\n            text-decoration: none;\r\n                    }\r\n\r\n        .related-post .post-list .item .post_excerpt {\r\n            font-size: 13px;\r\n            color: #3f3f3f;\r\n            margin: 10px 0px;\r\n            padding: 0px;\r\n            display: block;\r\n            text-decoration: none;\r\n                    }\r\n\r\n        @media only screen and (min-width: 1024px) {\r\n            .related-post .post-list .item {\r\n                width: 22%;\r\n            }\r\n        }\r\n\r\n        @media only screen and (min-width: 768px) and (max-width: 1023px) {\r\n            .related-post .post-list .item {\r\n                width: 90%;\r\n            }\r\n        }\r\n\r\n        @media only screen and (min-width: 0px) and (max-width: 767px) {\r\n            .related-post .post-list .item {\r\n                width: 30%;\r\n            }\r\n        }\r\n\r\n            <\/style>\r\n        <\/div>\r\n<!-- AddThis Advanced Settings generic via filter on the_content --><!-- AddThis Share Buttons generic via filter on the_content -->","protected":false},"excerpt":{"rendered":"<p>Los pr\u00f3ximos d\u00edas 26, 27 y 28 de mayo estaremos en el Evento Familiar del A\u00f1o, un encuentro para futuros y recientes mam\u00e1s y pap\u00e1s que no te puedes perder. \u00a1Tenemos mucho que compartir contigo! M\u00e1s art\u00edculos a tener en cuenta Baby Shower, mucho m\u00e1s que un evento social 12 consejos para un Baby Shower perfecto Cu\u00e1ndo hacer el Baby Shower Baby Shower: Elaborando la lista de invitados<!-- AddThis Advanced Settings generic via filter on get_the_excerpt --><!-- AddThis Share Buttons generic via filter on get_the_excerpt --><\/p>\n    <div class=\"related-post grid\">\r\n                <div class=\"headline\">M\u00e1s art\u00edculos a tener en cuenta<\/div>\r\n        <div class=\"post-list \">\r\n\r\n                        <div class=\"item\">\r\n                        <div class=\"thumb post_thumb\">\r\n        <a  title=\"Baby Shower, mucho m\u00e1s que un evento social\" href=\"https:\/\/www.evento.love\/blog\/baby-shower-evento-social-madrid\/\">\r\n\r\n            <img width=\"150\" height=\"150\" src=\"https:\/\/www.evento.love\/blog\/wp-content\/uploads\/2016\/07\/babyshower-150x150.jpg\" class=\"attachment-thumbnail size-thumbnail wp-post-image\" alt=\"baby shower-fiesta-beb\u00e9-embarazo-embarazada\" decoding=\"async\" loading=\"lazy\" \/>\r\n\r\n        <\/a>\r\n    <\/div>\r\n\r\n    <a class=\"title post_title\"  title=\"Baby Shower, mucho m\u00e1s que un evento social\" href=\"https:\/\/www.evento.love\/blog\/baby-shower-evento-social-madrid\/\">\r\n                Baby Shower, mucho m\u00e1s que un evento social    <\/a>\r\n\r\n                <\/div>\r\n                            <div class=\"item\">\r\n                        <div class=\"thumb post_thumb\">\r\n        <a  title=\"12 consejos para un Baby Shower perfecto\" href=\"https:\/\/www.evento.love\/blog\/12-consejos-baby-shower-perfecto-madrid\/\">\r\n\r\n            <img width=\"150\" height=\"150\" src=\"https:\/\/www.evento.love\/blog\/wp-content\/uploads\/2016\/09\/16_05_20_12_consejos-para-que-tu-Baby-Shower-sea-perfecto-150x150.jpg\" class=\"attachment-thumbnail size-thumbnail wp-post-image\" alt=\"Baby Shower-perfecto-beb\u00e9-embarazado-embarazada-fiesta-babyshower\" decoding=\"async\" loading=\"lazy\" \/>\r\n\r\n        <\/a>\r\n    <\/div>\r\n\r\n    <a class=\"title post_title\"  title=\"12 consejos para un Baby Shower perfecto\" href=\"https:\/\/www.evento.love\/blog\/12-consejos-baby-shower-perfecto-madrid\/\">\r\n                12 consejos para un Baby Shower perfecto    <\/a>\r\n\r\n                <\/div>\r\n                            <div class=\"item\">\r\n                        <div class=\"thumb post_thumb\">\r\n        <a  title=\"Cu\u00e1ndo hacer el Baby Shower\" href=\"https:\/\/www.evento.love\/blog\/cuando-hacer-el-baby-shower-madrid\/\">\r\n\r\n            <img width=\"150\" height=\"150\" src=\"https:\/\/www.evento.love\/blog\/wp-content\/uploads\/2016\/09\/16_05_23_Cuando-hacer-el-Baby-Shower-150x150.jpg\" class=\"attachment-thumbnail size-thumbnail wp-post-image\" alt=\"Cu\u00e1ndo hacer el baby shower beb\u00e9 embarazo fiesta en Madrid\" decoding=\"async\" loading=\"lazy\" \/>\r\n\r\n        <\/a>\r\n    <\/div>\r\n\r\n    <a class=\"title post_title\"  title=\"Cu\u00e1ndo hacer el Baby Shower\" href=\"https:\/\/www.evento.love\/blog\/cuando-hacer-el-baby-shower-madrid\/\">\r\n                Cu\u00e1ndo hacer el Baby Shower    <\/a>\r\n\r\n                <\/div>\r\n                            <div class=\"item\">\r\n                        <div class=\"thumb post_thumb\">\r\n        <a  title=\"\u00bfQui\u00e9n debe organizar el Baby Shower?\" href=\"https:\/\/www.evento.love\/blog\/quien-organizar-baby-shower-madrid\/\">\r\n\r\n            <img width=\"150\" height=\"150\" src=\"https:\/\/www.evento.love\/blog\/wp-content\/uploads\/2016\/09\/16_05_29_Qui\u00e9n-organiza-el-Baby-Shower-150x150.jpg\" class=\"attachment-thumbnail size-thumbnail wp-post-image\" alt=\"Organizaci\u00f3n Baby Shower Madrid fiesta beb\u00e9 embarazada\" decoding=\"async\" loading=\"lazy\" \/>\r\n\r\n        <\/a>\r\n    <\/div>\r\n\r\n    <a class=\"title post_title\"  title=\"\u00bfQui\u00e9n debe organizar el Baby Shower?\" href=\"https:\/\/www.evento.love\/blog\/quien-organizar-baby-shower-madrid\/\">\r\n                \u00bfQui\u00e9n debe organizar el Baby Shower?    <\/a>\r\n\r\n                <\/div>\r\n            \r\n    <\/div>\r\n\r\n    <script>\r\n            <\/script>\r\n    <style>\r\n        .related-post {}\r\n\r\n        .related-post .post-list {\r\n            text-align: left;\r\n                    }\r\n\r\n        .related-post .post-list .item {\r\n            margin: 5px 10px;\r\n            padding: 0px;\r\n                    }\r\n\r\n        .related-post .headline {\r\n            font-size: 24px !important;\r\n            color: #000000 !important;\r\n                    }\r\n\r\n        .related-post .headline{\r\nfont-weight:400 !important;\r\ntext-transform: uppercase;\r\n}.related-post .post-list .item .post_thumb {\r\n            max-height: 180px;\r\n            margin: 10px 0px;\r\n            padding: 0px;\r\n            display: block;\r\n                    }\r\n\r\n        .related-post .post-list .item .post_title {\r\n            font-size: 12px;\r\n            color: #607d8b;\r\n            margin: 10px 0px;\r\n            padding: 0px;\r\n            display: block;\r\n            text-decoration: none;\r\n                    }\r\n\r\n        .related-post .post-list .item .post_excerpt {\r\n            font-size: 13px;\r\n            color: #3f3f3f;\r\n            margin: 10px 0px;\r\n            padding: 0px;\r\n            display: block;\r\n            text-decoration: none;\r\n                    }\r\n\r\n        @media only screen and (min-width: 1024px) {\r\n            .related-post .post-list .item {\r\n                width: 22%;\r\n            }\r\n        }\r\n\r\n        @media only screen and (min-width: 768px) and (max-width: 1023px) {\r\n            .related-post .post-list .item {\r\n                width: 90%;\r\n            }\r\n        }\r\n\r\n        @media only screen and (min-width: 0px) and (max-width: 767px) {\r\n            .related-post .post-list .item {\r\n                width: 30%;\r\n            }\r\n        }\r\n\r\n            <\/style>\r\n        <\/div>\r\n","protected":false},"author":1,"featured_media":744,"comment_status":"open","ping_status":"open","sticky":false,"template":"","format":"standard","meta":{"content-type":""},"categories":[138],"tags":[9,752,519,70,614,794],"yoast_head":"<!-- This site is optimized with the Yoast SEO plugin v20.7 - https:\/\/yoast.com\/wordpress\/plugins\/seo\/ -->\n<title>\u00a1Estaremos en TodoPap\u00e1s Loves Madrid! - El Blog de evento.love<\/title>\n<meta name=\"description\" content=\"Todo sobre nuestra presencia en el evento familar TodoPap\u00e1s Loves Madrid, un evento para embarazadas y pap\u00e1s y mam\u00e1s recientes.\" \/>\n<meta name=\"robots\" content=\"index, follow, max-snippet:-1, max-image-preview:large, max-video-preview:-1\" \/>\n<meta property=\"og:locale\" content=\"es_ES\" \/>\n<meta property=\"og:type\" content=\"article\" \/>\n<meta property=\"og:title\" content=\"\u00a1Estaremos en TodoPap\u00e1s Loves Madrid! - El Blog de evento.love\" \/>\n<meta property=\"og:description\" content=\"Todo sobre nuestra presencia en el evento familar TodoPap\u00e1s Loves Madrid, un evento para embarazadas y pap\u00e1s y mam\u00e1s recientes.\" \/>\n<meta property=\"og:url\" content=\"https:\/\/www.evento.love\/blog\/estaremos-todopapas-loves-madrid\/\" \/>\n<meta property=\"og:site_name\" content=\"El Blog de evento.love\" \/>\n<meta property=\"article:publisher\" content=\"https:\/\/www.facebook.com\/Evento.love\/\" \/>\n<meta property=\"article:published_time\" content=\"2017-05-12T08:55:09+00:00\" \/>\n<meta property=\"article:modified_time\" content=\"2018-10-01T14:26:31+00:00\" \/>\n<meta property=\"og:image\" content=\"https:\/\/www.evento.love\/blog\/wp-content\/uploads\/2017\/05\/17_05_12.jpg\" \/>\n\t<meta property=\"og:image:width\" content=\"847\" \/>\n\t<meta property=\"og:image:height\" content=\"470\" \/>\n\t<meta property=\"og:image:type\" content=\"image\/jpeg\" \/>\n<meta name=\"author\" content=\"Evento Love\" \/>\n<meta name=\"twitter:card\" content=\"summary_large_image\" \/>\n<meta name=\"twitter:creator\" content=\"@Evento_love\" \/>\n<meta name=\"twitter:site\" content=\"@Evento_love\" \/>\n<meta name=\"twitter:label1\" content=\"Escrito por\" \/>\n\t<meta name=\"twitter:data1\" content=\"Evento Love\" \/>\n\t<meta name=\"twitter:label2\" content=\"Tiempo de lectura\" \/>\n\t<meta name=\"twitter:data2\" content=\"3 minutos\" \/>\n<!-- \/ Yoast SEO plugin. -->","yoast_head_json":{"title":"\u00a1Estaremos en TodoPap\u00e1s Loves Madrid! - El Blog de evento.love","description":"Todo sobre nuestra presencia en el evento familar TodoPap\u00e1s Loves Madrid, un evento para embarazadas y pap\u00e1s y mam\u00e1s recientes.","robots":{"index":"index","follow":"follow","max-snippet":"max-snippet:-1","max-image-preview":"max-image-preview:large","max-video-preview":"max-video-preview:-1"},"og_locale":"es_ES","og_type":"article","og_title":"\u00a1Estaremos en TodoPap\u00e1s Loves Madrid! - El Blog de evento.love","og_description":"Todo sobre nuestra presencia en el evento familar TodoPap\u00e1s Loves Madrid, un evento para embarazadas y pap\u00e1s y mam\u00e1s recientes.","og_url":"https:\/\/www.evento.love\/blog\/estaremos-todopapas-loves-madrid\/","og_site_name":"El Blog de evento.love","article_publisher":"https:\/\/www.facebook.com\/Evento.love\/","article_published_time":"2017-05-12T08:55:09+00:00","article_modified_time":"2018-10-01T14:26:31+00:00","og_image":[{"width":847,"height":470,"url":"https:\/\/www.evento.love\/blog\/wp-content\/uploads\/2017\/05\/17_05_12.jpg","type":"image\/jpeg"}],"author":"Evento Love","twitter_card":"summary_large_image","twitter_creator":"@Evento_love","twitter_site":"@Evento_love","twitter_misc":{"Escrito por":"Evento Love","Tiempo de lectura":"3 minutos"},"schema":{"@context":"https:\/\/schema.org","@graph":[{"@type":"Article","@id":"https:\/\/www.evento.love\/blog\/estaremos-todopapas-loves-madrid\/#article","isPartOf":{"@id":"https:\/\/www.evento.love\/blog\/estaremos-todopapas-loves-madrid\/"},"author":{"name":"Evento Love","@id":"https:\/\/www.evento.love\/blog\/#\/schema\/person\/a184c2ed424b7fb3006372ce8051542c"},"headline":"\u00a1Estaremos en TodoPap\u00e1s Loves Madrid!","datePublished":"2017-05-12T08:55:09+00:00","dateModified":"2018-10-01T14:26:31+00:00","mainEntityOfPage":{"@id":"https:\/\/www.evento.love\/blog\/estaremos-todopapas-loves-madrid\/"},"wordCount":554,"commentCount":0,"publisher":{"@id":"https:\/\/www.evento.love\/blog\/#organization"},"keywords":["baby shower","bodas","comuniones","cumplea\u00f1os","eventos madrid","todopapasloves"],"articleSection":["Evento.love"],"inLanguage":"es","potentialAction":[{"@type":"CommentAction","name":"Comment","target":["https:\/\/www.evento.love\/blog\/estaremos-todopapas-loves-madrid\/#respond"]}]},{"@type":"WebPage","@id":"https:\/\/www.evento.love\/blog\/estaremos-todopapas-loves-madrid\/","url":"https:\/\/www.evento.love\/blog\/estaremos-todopapas-loves-madrid\/","name":"\u00a1Estaremos en TodoPap\u00e1s Loves Madrid! - El Blog de evento.love","isPartOf":{"@id":"https:\/\/www.evento.love\/blog\/#website"},"datePublished":"2017-05-12T08:55:09+00:00","dateModified":"2018-10-01T14:26:31+00:00","description":"Todo sobre nuestra presencia en el evento familar TodoPap\u00e1s Loves Madrid, un evento para embarazadas y pap\u00e1s y mam\u00e1s recientes.","breadcrumb":{"@id":"https:\/\/www.evento.love\/blog\/estaremos-todopapas-loves-madrid\/#breadcrumb"},"inLanguage":"es","potentialAction":[{"@type":"ReadAction","target":["https:\/\/www.evento.love\/blog\/estaremos-todopapas-loves-madrid\/"]}]},{"@type":"BreadcrumbList","@id":"https:\/\/www.evento.love\/blog\/estaremos-todopapas-loves-madrid\/#breadcrumb","itemListElement":[{"@type":"ListItem","position":1,"name":"Evento.love","item":"https:\/\/www.evento.love\/blog\/"},{"@type":"ListItem","position":2,"name":"Evento.love","item":"https:\/\/www.evento.love\/blog\/category\/evento-love\/"},{"@type":"ListItem","position":3,"name":"\u00a1Estaremos en TodoPap\u00e1s Loves Madrid!"}]},{"@type":"WebSite","@id":"https:\/\/www.evento.love\/blog\/#website","url":"https:\/\/www.evento.love\/blog\/","name":"El Blog de evento.love","description":"T\u00fa lo mereces. Disfruta de tu momento","publisher":{"@id":"https:\/\/www.evento.love\/blog\/#organization"},"potentialAction":[{"@type":"SearchAction","target":{"@type":"EntryPoint","urlTemplate":"https:\/\/www.evento.love\/blog\/?s={search_term_string}"},"query-input":"required name=search_term_string"}],"inLanguage":"es"},{"@type":"Organization","@id":"https:\/\/www.evento.love\/blog\/#organization","name":"evento.love","url":"https:\/\/www.evento.love\/blog\/","logo":{"@type":"ImageObject","inLanguage":"es","@id":"https:\/\/www.evento.love\/blog\/#\/schema\/logo\/image\/","url":"https:\/\/www.evento.love\/blog\/wp-content\/uploads\/2016\/07\/logo-evento-love.png","contentUrl":"https:\/\/www.evento.love\/blog\/wp-content\/uploads\/2016\/07\/logo-evento-love.png","width":197,"height":59,"caption":"evento.love"},"image":{"@id":"https:\/\/www.evento.love\/blog\/#\/schema\/logo\/image\/"},"sameAs":["https:\/\/www.facebook.com\/Evento.love\/","https:\/\/twitter.com\/Evento_love","https:\/\/www.instagram.com\/evento.love\/","https:\/\/es.pinterest.com\/evento_love\/","https:\/\/www.youtube.com\/channel\/UCcVbo6ymzx-7FlDJja8aQnw"]},{"@type":"Person","@id":"https:\/\/www.evento.love\/blog\/#\/schema\/person\/a184c2ed424b7fb3006372ce8051542c","name":"Evento Love"}]}},"_links":{"self":[{"href":"https:\/\/www.evento.love\/blog\/wp-json\/wp\/v2\/posts\/742"}],"collection":[{"href":"https:\/\/www.evento.love\/blog\/wp-json\/wp\/v2\/posts"}],"about":[{"href":"https:\/\/www.evento.love\/blog\/wp-json\/wp\/v2\/types\/post"}],"author":[{"embeddable":true,"href":"https:\/\/www.evento.love\/blog\/wp-json\/wp\/v2\/users\/1"}],"replies":[{"embeddable":true,"href":"https:\/\/www.evento.love\/blog\/wp-json\/wp\/v2\/comments?post=742"}],"version-history":[{"count":1,"href":"https:\/\/www.evento.love\/blog\/wp-json\/wp\/v2\/posts\/742\/revisions"}],"predecessor-version":[{"id":2554,"href":"https:\/\/www.evento.love\/blog\/wp-json\/wp\/v2\/posts\/742\/revisions\/2554"}],"wp:featuredmedia":[{"embeddable":true,"href":"https:\/\/www.evento.love\/blog\/wp-json\/wp\/v2\/media\/744"}],"wp:attachment":[{"href":"https:\/\/www.evento.love\/blog\/wp-json\/wp\/v2\/media?parent=742"}],"wp:term":[{"taxonomy":"category","embeddable":true,"href":"https:\/\/www.evento.love\/blog\/wp-json\/wp\/v2\/categories?post=742"},{"taxonomy":"post_tag","embeddable":true,"href":"https:\/\/www.evento.love\/blog\/wp-json\/wp\/v2\/tags?post=742"}],"curies":[{"name":"wp","href":"https:\/\/api.w.org\/{rel}","templated":true}]}}