{"id":778,"date":"2017-05-29T23:12:03","date_gmt":"2017-05-29T21:12:03","guid":{"rendered":"https:\/\/www.evento.love\/blog\/?p=778"},"modified":"2018-09-28T15:49:51","modified_gmt":"2018-09-28T13:49:51","slug":"dulce-paso-todopapas-loves-madrid","status":"publish","type":"post","link":"https:\/\/www.evento.love\/blog\/dulce-paso-todopapas-loves-madrid\/","title":{"rendered":"\u00a1Nuestro dulce paso por TodoPap\u00e1s Loves Madrid!"},"content":{"rendered":"<p>Estuvimos en el evento familiar del a\u00f1o: el evento de crianza para beb\u00e9s felices. TodoPap\u00e1s Loves Madrid abri\u00f3 sus puertas el pasado 26, 27 y 28 de mayo sin dejar a nadie indiferentes y evento.love, \u00a1no podr\u00eda perd\u00e9rselo!<\/p>\n<p><!--more--><\/p>\n<p>Durante <a href=\"https:\/\/www.evento.love\/blog\/estaremos-todopapas-loves-madrid\/\" target=\"_blank\" rel=\"noopener noreferrer\">los tres d\u00edas que ha durado TodoPap\u00e1s Loves<\/a> hemos dispuesto para todos los asistentes un completo stand donde recreamos una perfecta mesa dulce, mesa que podr\u00eda decorar cualquier evento que te imagines: un Baby Shower, un Cumplea\u00f1os o \u00a1un Bautizo!<\/p>\n<p><img decoding=\"async\" loading=\"lazy\" class=\"aligncenter size-full wp-image-782\" src=\"https:\/\/www.evento.love\/blog\/wp-content\/uploads\/2017\/05\/IMG_3737b.jpg\" alt=\"\" width=\"800\" height=\"533\" srcset=\"https:\/\/www.evento.love\/blog\/wp-content\/uploads\/2017\/05\/IMG_3737b.jpg 800w, https:\/\/www.evento.love\/blog\/wp-content\/uploads\/2017\/05\/IMG_3737b-300x200.jpg 300w, https:\/\/www.evento.love\/blog\/wp-content\/uploads\/2017\/05\/IMG_3737b-768x512.jpg 768w, https:\/\/www.evento.love\/blog\/wp-content\/uploads\/2017\/05\/IMG_3737b-405x270.jpg 405w\" sizes=\"(max-width: 800px) 100vw, 800px\" \/> <img decoding=\"async\" loading=\"lazy\" class=\"aligncenter size-full wp-image-783\" src=\"https:\/\/www.evento.love\/blog\/wp-content\/uploads\/2017\/05\/IMG_3697b.jpg\" alt=\"\" width=\"800\" height=\"533\" srcset=\"https:\/\/www.evento.love\/blog\/wp-content\/uploads\/2017\/05\/IMG_3697b.jpg 800w, https:\/\/www.evento.love\/blog\/wp-content\/uploads\/2017\/05\/IMG_3697b-300x200.jpg 300w, https:\/\/www.evento.love\/blog\/wp-content\/uploads\/2017\/05\/IMG_3697b-768x512.jpg 768w, https:\/\/www.evento.love\/blog\/wp-content\/uploads\/2017\/05\/IMG_3697b-405x270.jpg 405w\" sizes=\"(max-width: 800px) 100vw, 800px\" \/> <img decoding=\"async\" loading=\"lazy\" class=\"aligncenter size-full wp-image-784\" src=\"https:\/\/www.evento.love\/blog\/wp-content\/uploads\/2017\/05\/IMG_3662b.jpg\" alt=\"\" width=\"800\" height=\"533\" srcset=\"https:\/\/www.evento.love\/blog\/wp-content\/uploads\/2017\/05\/IMG_3662b.jpg 800w, https:\/\/www.evento.love\/blog\/wp-content\/uploads\/2017\/05\/IMG_3662b-300x200.jpg 300w, https:\/\/www.evento.love\/blog\/wp-content\/uploads\/2017\/05\/IMG_3662b-768x512.jpg 768w, https:\/\/www.evento.love\/blog\/wp-content\/uploads\/2017\/05\/IMG_3662b-405x270.jpg 405w\" sizes=\"(max-width: 800px) 100vw, 800px\" \/><\/p>\n<p>Sabemos que organizar cualquier evento resulta una tarea llena de mil detalles en la que a veces no podemos prestar la atenci\u00f3n que nos gustar\u00eda porque el ajetreo diaria nos los impide. Por eso, en evento.love queremos que te despreocupes de todo, que te relajes, disfrutes y, simplemente, veas c\u00f3mo surge la magia a tu alrededor. <strong>Porque nos ocupamos de todo, para que tu celebraci\u00f3n sea tal y como sue\u00f1as, a tu alcance, y sin preocuparte por nada.<\/strong><\/p>\n<p>En nuestro stand en TodoPap\u00e1s Loves Madrid dispusimos de un espacio \u00fanico para que nos contaras tus proyectos, tus ideas, tus deseos.<\/p>\n<p><img decoding=\"async\" loading=\"lazy\" class=\"aligncenter size-full wp-image-781\" src=\"https:\/\/www.evento.love\/blog\/wp-content\/uploads\/2017\/05\/IMG_3809b.jpg\" alt=\"\" width=\"800\" height=\"546\" srcset=\"https:\/\/www.evento.love\/blog\/wp-content\/uploads\/2017\/05\/IMG_3809b.jpg 800w, https:\/\/www.evento.love\/blog\/wp-content\/uploads\/2017\/05\/IMG_3809b-300x205.jpg 300w, https:\/\/www.evento.love\/blog\/wp-content\/uploads\/2017\/05\/IMG_3809b-768x524.jpg 768w, https:\/\/www.evento.love\/blog\/wp-content\/uploads\/2017\/05\/IMG_3809b-396x270.jpg 396w\" sizes=\"(max-width: 800px) 100vw, 800px\" \/> <img decoding=\"async\" loading=\"lazy\" class=\"aligncenter size-full wp-image-780\" src=\"https:\/\/www.evento.love\/blog\/wp-content\/uploads\/2017\/05\/IMG_3883b.jpg\" alt=\"\" width=\"800\" height=\"533\" srcset=\"https:\/\/www.evento.love\/blog\/wp-content\/uploads\/2017\/05\/IMG_3883b.jpg 800w, https:\/\/www.evento.love\/blog\/wp-content\/uploads\/2017\/05\/IMG_3883b-300x200.jpg 300w, https:\/\/www.evento.love\/blog\/wp-content\/uploads\/2017\/05\/IMG_3883b-768x512.jpg 768w, https:\/\/www.evento.love\/blog\/wp-content\/uploads\/2017\/05\/IMG_3883b-405x270.jpg 405w\" sizes=\"(max-width: 800px) 100vw, 800px\" \/><\/p>\n<p>Adem\u00e1s, te obsequiamos con una sorpresa muy especial. Nuestra trovadora de sue\u00f1os regal\u00f3 a todo los presentes, un peque\u00f1o recital\u00a0de canciones de cuna para arrullar a vuestros beb\u00e9s con amor. Un espect\u00e1culo ideal para futuras y recientes mam\u00e1s.<\/p>\n<p>Agradecemos la colaboraci\u00f3n de nuestros amigos de\u00a0<a class=\"profileLink\" href=\"https:\/\/www.facebook.com\/musilandmusicaparaeventos\/?fref=mentions\" target=\"_blank\" rel=\"noopener noreferrer\" data-hovercard=\"\/ajax\/hovercard\/page.php?id=497786006958930&amp;extragetparams=%7B%22fref%22%3A%22mentions%22%7D\" data-hovercard-prefer-more-content-show=\"1\" data-hovercard-obj-id=\"497786006958930\">Musiland.es<\/a>\u00a0que han hecho posible que este momento m\u00e1gico con futuras y recientes mam\u00e1s y sus beb\u00e9s. Por supuesto, le damos las gracias a la musicoterapeuta Nora Usterman por acompa\u00f1arnos con su prodigiosa voz y su cari\u00f1o.<\/p>\n<p><center><iframe loading=\"lazy\" src=\"https:\/\/www.youtube.com\/embed\/kCPX40cE-zY\" width=\"640\" height=\"360\" frameborder=\"0\" allowfullscreen=\"allowfullscreen\"><\/iframe><\/center>Si no pudiste asistir a TodoPap\u00e1s Loves, y te quedaste con ganas de hablar con nosotros y de ese evento que tanto deseas realizar, ponte en contacto con nosotros. Dinos c\u00f3mo te imaginas ese d\u00eda tan especial y \u00fanico rodeada de las personas que m\u00e1s quieres, de tu familia y amigos y te detallaremos c\u00f3mo hacemos la magia para que tus eventos sean tan brillantes que puedas recordarlos por siempre, tanto t\u00fa como tus invitados.<\/p>\n<p><a href=\"https:\/\/www.evento.love\/#contacto\"><img decoding=\"async\" loading=\"lazy\" class=\"aligncenter wp-image-787 size-full\" src=\"https:\/\/www.evento.love\/blog\/wp-content\/uploads\/2017\/05\/cuentanos-sueno.png\" alt=\"\" width=\"600\" height=\"200\" srcset=\"https:\/\/www.evento.love\/blog\/wp-content\/uploads\/2017\/05\/cuentanos-sueno.png 600w, https:\/\/www.evento.love\/blog\/wp-content\/uploads\/2017\/05\/cuentanos-sueno-300x100.png 300w\" sizes=\"(max-width: 600px) 100vw, 600px\" \/><\/a><br \/>\n<script type=\"text\/javascript\" src=\"\/\/s3.amazonaws.com\/downloads.mailchimp.com\/js\/signup-forms\/popup\/embed.js\" data-dojo-config=\"usePlainJson: true, isDebug: false\"><\/script><script type=\"text\/javascript\">require([\"mojo\/signup-forms\/Loader\"], function(L) { L.start({\"baseUrl\":\"mc.us14.list-manage.com\",\"uuid\":\"948e92642f8726fd4245ad272\",\"lid\":\"5f112b55a1\"}) })<\/script><\/p>\n    <div class=\"related-post grid\">\r\n                <div class=\"headline\">M\u00e1s art\u00edculos a tener en cuenta<\/div>\r\n        <div class=\"post-list \">\r\n\r\n                        <div class=\"item\">\r\n                        <div class=\"thumb post_thumb\">\r\n        <a  title=\"Baby Shower, mucho m\u00e1s que un evento social\" href=\"https:\/\/www.evento.love\/blog\/baby-shower-evento-social-madrid\/\">\r\n\r\n            <img width=\"150\" height=\"150\" src=\"https:\/\/www.evento.love\/blog\/wp-content\/uploads\/2016\/07\/babyshower-150x150.jpg\" class=\"attachment-thumbnail size-thumbnail wp-post-image\" alt=\"baby shower-fiesta-beb\u00e9-embarazo-embarazada\" decoding=\"async\" loading=\"lazy\" \/>\r\n\r\n        <\/a>\r\n    <\/div>\r\n\r\n    <a class=\"title post_title\"  title=\"Baby Shower, mucho m\u00e1s que un evento social\" href=\"https:\/\/www.evento.love\/blog\/baby-shower-evento-social-madrid\/\">\r\n                Baby Shower, mucho m\u00e1s que un evento social    <\/a>\r\n\r\n                <\/div>\r\n                            <div class=\"item\">\r\n                        <div class=\"thumb post_thumb\">\r\n        <a  title=\"12 consejos para un Baby Shower perfecto\" href=\"https:\/\/www.evento.love\/blog\/12-consejos-baby-shower-perfecto-madrid\/\">\r\n\r\n            <img width=\"150\" height=\"150\" src=\"https:\/\/www.evento.love\/blog\/wp-content\/uploads\/2016\/09\/16_05_20_12_consejos-para-que-tu-Baby-Shower-sea-perfecto-150x150.jpg\" class=\"attachment-thumbnail size-thumbnail wp-post-image\" alt=\"Baby Shower-perfecto-beb\u00e9-embarazado-embarazada-fiesta-babyshower\" decoding=\"async\" loading=\"lazy\" \/>\r\n\r\n        <\/a>\r\n    <\/div>\r\n\r\n    <a class=\"title post_title\"  title=\"12 consejos para un Baby Shower perfecto\" href=\"https:\/\/www.evento.love\/blog\/12-consejos-baby-shower-perfecto-madrid\/\">\r\n                12 consejos para un Baby Shower perfecto    <\/a>\r\n\r\n                <\/div>\r\n                            <div class=\"item\">\r\n                        <div class=\"thumb post_thumb\">\r\n        <a  title=\"Cu\u00e1ndo hacer el Baby Shower\" href=\"https:\/\/www.evento.love\/blog\/cuando-hacer-el-baby-shower-madrid\/\">\r\n\r\n            <img width=\"150\" height=\"150\" src=\"https:\/\/www.evento.love\/blog\/wp-content\/uploads\/2016\/09\/16_05_23_Cuando-hacer-el-Baby-Shower-150x150.jpg\" class=\"attachment-thumbnail size-thumbnail wp-post-image\" alt=\"Cu\u00e1ndo hacer el baby shower beb\u00e9 embarazo fiesta en Madrid\" decoding=\"async\" loading=\"lazy\" \/>\r\n\r\n        <\/a>\r\n    <\/div>\r\n\r\n    <a class=\"title post_title\"  title=\"Cu\u00e1ndo hacer el Baby Shower\" href=\"https:\/\/www.evento.love\/blog\/cuando-hacer-el-baby-shower-madrid\/\">\r\n                Cu\u00e1ndo hacer el Baby Shower    <\/a>\r\n\r\n                <\/div>\r\n                            <div class=\"item\">\r\n                        <div class=\"thumb post_thumb\">\r\n        <a  title=\"Baby Shower: Elaborando la lista de invitados\" href=\"https:\/\/www.evento.love\/blog\/baby-shower-lista-invitados-madrid\/\">\r\n\r\n            <img width=\"150\" height=\"150\" src=\"https:\/\/www.evento.love\/blog\/wp-content\/uploads\/2016\/09\/16_05_30_Baby-Shower-elaborando-la-lista-de-invitados-150x150.jpg\" class=\"attachment-thumbnail size-thumbnail wp-post-image\" alt=\"\" decoding=\"async\" loading=\"lazy\" \/>\r\n\r\n        <\/a>\r\n    <\/div>\r\n\r\n    <a class=\"title post_title\"  title=\"Baby Shower: Elaborando la lista de invitados\" href=\"https:\/\/www.evento.love\/blog\/baby-shower-lista-invitados-madrid\/\">\r\n                Baby Shower: Elaborando la lista de invitados    <\/a>\r\n\r\n                <\/div>\r\n            \r\n    <\/div>\r\n\r\n    <script>\r\n            <\/script>\r\n    <style>\r\n        .related-post {}\r\n\r\n        .related-post .post-list {\r\n            text-align: left;\r\n                    }\r\n\r\n        .related-post .post-list .item {\r\n            margin: 5px 10px;\r\n            padding: 0px;\r\n                    }\r\n\r\n        .related-post .headline {\r\n            font-size: 24px !important;\r\n            color: #000000 !important;\r\n                    }\r\n\r\n        .related-post .headline{\r\nfont-weight:400 !important;\r\ntext-transform: uppercase;\r\n}.related-post .post-list .item .post_thumb {\r\n            max-height: 180px;\r\n            margin: 10px 0px;\r\n            padding: 0px;\r\n            display: block;\r\n                    }\r\n\r\n        .related-post .post-list .item .post_title {\r\n            font-size: 12px;\r\n            color: #607d8b;\r\n            margin: 10px 0px;\r\n            padding: 0px;\r\n            display: block;\r\n            text-decoration: none;\r\n                    }\r\n\r\n        .related-post .post-list .item .post_excerpt {\r\n            font-size: 13px;\r\n            color: #3f3f3f;\r\n            margin: 10px 0px;\r\n            padding: 0px;\r\n            display: block;\r\n            text-decoration: none;\r\n                    }\r\n\r\n        @media only screen and (min-width: 1024px) {\r\n            .related-post .post-list .item {\r\n                width: 22%;\r\n            }\r\n        }\r\n\r\n        @media only screen and (min-width: 768px) and (max-width: 1023px) {\r\n            .related-post .post-list .item {\r\n                width: 90%;\r\n            }\r\n        }\r\n\r\n        @media only screen and (min-width: 0px) and (max-width: 767px) {\r\n            .related-post .post-list .item {\r\n                width: 30%;\r\n            }\r\n        }\r\n\r\n            <\/style>\r\n        <\/div>\r\n<!-- AddThis Advanced Settings generic via filter on the_content --><!-- AddThis Share Buttons generic via filter on the_content -->","protected":false},"excerpt":{"rendered":"<p>Estuvimos en el evento familiar del a\u00f1o: el evento de crianza para beb\u00e9s felices. TodoPap\u00e1s Loves Madrid abri\u00f3 sus puertas el pasado 26, 27 y 28 de mayo sin dejar a nadie indiferentes y evento.love, \u00a1no podr\u00eda perd\u00e9rselo! M\u00e1s art\u00edculos a tener en cuenta Baby Shower, mucho m\u00e1s que un evento social 12 consejos para un Baby Shower perfecto Cu\u00e1ndo hacer el Baby Shower Baby Shower: Elaborando la lista de invitados<!-- AddThis Advanced Settings generic via filter on get_the_excerpt --><!-- AddThis Share Buttons generic via filter on get_the_excerpt --><\/p>\n    <div class=\"related-post grid\">\r\n                <div class=\"headline\">M\u00e1s art\u00edculos a tener en cuenta<\/div>\r\n        <div class=\"post-list \">\r\n\r\n                        <div class=\"item\">\r\n                        <div class=\"thumb post_thumb\">\r\n        <a  title=\"Baby Shower, mucho m\u00e1s que un evento social\" href=\"https:\/\/www.evento.love\/blog\/baby-shower-evento-social-madrid\/\">\r\n\r\n            <img width=\"150\" height=\"150\" src=\"https:\/\/www.evento.love\/blog\/wp-content\/uploads\/2016\/07\/babyshower-150x150.jpg\" class=\"attachment-thumbnail size-thumbnail wp-post-image\" alt=\"baby shower-fiesta-beb\u00e9-embarazo-embarazada\" decoding=\"async\" loading=\"lazy\" \/>\r\n\r\n        <\/a>\r\n    <\/div>\r\n\r\n    <a class=\"title post_title\"  title=\"Baby Shower, mucho m\u00e1s que un evento social\" href=\"https:\/\/www.evento.love\/blog\/baby-shower-evento-social-madrid\/\">\r\n                Baby Shower, mucho m\u00e1s que un evento social    <\/a>\r\n\r\n                <\/div>\r\n                            <div class=\"item\">\r\n                        <div class=\"thumb post_thumb\">\r\n        <a  title=\"12 consejos para un Baby Shower perfecto\" href=\"https:\/\/www.evento.love\/blog\/12-consejos-baby-shower-perfecto-madrid\/\">\r\n\r\n            <img width=\"150\" height=\"150\" src=\"https:\/\/www.evento.love\/blog\/wp-content\/uploads\/2016\/09\/16_05_20_12_consejos-para-que-tu-Baby-Shower-sea-perfecto-150x150.jpg\" class=\"attachment-thumbnail size-thumbnail wp-post-image\" alt=\"Baby Shower-perfecto-beb\u00e9-embarazado-embarazada-fiesta-babyshower\" decoding=\"async\" loading=\"lazy\" \/>\r\n\r\n        <\/a>\r\n    <\/div>\r\n\r\n    <a class=\"title post_title\"  title=\"12 consejos para un Baby Shower perfecto\" href=\"https:\/\/www.evento.love\/blog\/12-consejos-baby-shower-perfecto-madrid\/\">\r\n                12 consejos para un Baby Shower perfecto    <\/a>\r\n\r\n                <\/div>\r\n                            <div class=\"item\">\r\n                        <div class=\"thumb post_thumb\">\r\n        <a  title=\"Cu\u00e1ndo hacer el Baby Shower\" href=\"https:\/\/www.evento.love\/blog\/cuando-hacer-el-baby-shower-madrid\/\">\r\n\r\n            <img width=\"150\" height=\"150\" src=\"https:\/\/www.evento.love\/blog\/wp-content\/uploads\/2016\/09\/16_05_23_Cuando-hacer-el-Baby-Shower-150x150.jpg\" class=\"attachment-thumbnail size-thumbnail wp-post-image\" alt=\"Cu\u00e1ndo hacer el baby shower beb\u00e9 embarazo fiesta en Madrid\" decoding=\"async\" loading=\"lazy\" \/>\r\n\r\n        <\/a>\r\n    <\/div>\r\n\r\n    <a class=\"title post_title\"  title=\"Cu\u00e1ndo hacer el Baby Shower\" href=\"https:\/\/www.evento.love\/blog\/cuando-hacer-el-baby-shower-madrid\/\">\r\n                Cu\u00e1ndo hacer el Baby Shower    <\/a>\r\n\r\n                <\/div>\r\n                            <div class=\"item\">\r\n                        <div class=\"thumb post_thumb\">\r\n        <a  title=\"\u00bfQui\u00e9n debe organizar el Baby Shower?\" href=\"https:\/\/www.evento.love\/blog\/quien-organizar-baby-shower-madrid\/\">\r\n\r\n            <img width=\"150\" height=\"150\" src=\"https:\/\/www.evento.love\/blog\/wp-content\/uploads\/2016\/09\/16_05_29_Qui\u00e9n-organiza-el-Baby-Shower-150x150.jpg\" class=\"attachment-thumbnail size-thumbnail wp-post-image\" alt=\"Organizaci\u00f3n Baby Shower Madrid fiesta beb\u00e9 embarazada\" decoding=\"async\" loading=\"lazy\" \/>\r\n\r\n        <\/a>\r\n    <\/div>\r\n\r\n    <a class=\"title post_title\"  title=\"\u00bfQui\u00e9n debe organizar el Baby Shower?\" href=\"https:\/\/www.evento.love\/blog\/quien-organizar-baby-shower-madrid\/\">\r\n                \u00bfQui\u00e9n debe organizar el Baby Shower?    <\/a>\r\n\r\n                <\/div>\r\n            \r\n    <\/div>\r\n\r\n    <script>\r\n            <\/script>\r\n    <style>\r\n        .related-post {}\r\n\r\n        .related-post .post-list {\r\n            text-align: left;\r\n                    }\r\n\r\n        .related-post .post-list .item {\r\n            margin: 5px 10px;\r\n            padding: 0px;\r\n                    }\r\n\r\n        .related-post .headline {\r\n            font-size: 24px !important;\r\n            color: #000000 !important;\r\n                    }\r\n\r\n        .related-post .headline{\r\nfont-weight:400 !important;\r\ntext-transform: uppercase;\r\n}.related-post .post-list .item .post_thumb {\r\n            max-height: 180px;\r\n            margin: 10px 0px;\r\n            padding: 0px;\r\n            display: block;\r\n                    }\r\n\r\n        .related-post .post-list .item .post_title {\r\n            font-size: 12px;\r\n            color: #607d8b;\r\n            margin: 10px 0px;\r\n            padding: 0px;\r\n            display: block;\r\n            text-decoration: none;\r\n                    }\r\n\r\n        .related-post .post-list .item .post_excerpt {\r\n            font-size: 13px;\r\n            color: #3f3f3f;\r\n            margin: 10px 0px;\r\n            padding: 0px;\r\n            display: block;\r\n            text-decoration: none;\r\n                    }\r\n\r\n        @media only screen and (min-width: 1024px) {\r\n            .related-post .post-list .item {\r\n                width: 22%;\r\n            }\r\n        }\r\n\r\n        @media only screen and (min-width: 768px) and (max-width: 1023px) {\r\n            .related-post .post-list .item {\r\n                width: 90%;\r\n            }\r\n        }\r\n\r\n        @media only screen and (min-width: 0px) and (max-width: 767px) {\r\n            .related-post .post-list .item {\r\n                width: 30%;\r\n            }\r\n        }\r\n\r\n            <\/style>\r\n        <\/div>\r\n","protected":false},"author":1,"featured_media":779,"comment_status":"open","ping_status":"open","sticky":false,"template":"","format":"standard","meta":{"content-type":""},"categories":[138,391],"tags":[9,93,27,10,669,668],"yoast_head":"<!-- This site is optimized with the Yoast SEO plugin v20.7 - https:\/\/yoast.com\/wordpress\/plugins\/seo\/ -->\n<title>\u00a1Nuestro dulce paso por TodoPap\u00e1s Loves Madrid! - El Blog de evento.love<\/title>\n<meta name=\"description\" content=\"Te contamos nuestro paso por el evento para pap\u00e1s y mam\u00e1s TodoPap\u00e1s Loves Madrid, un lujo poder compartirlo con todos vosotros.\" \/>\n<meta name=\"robots\" content=\"index, follow, max-snippet:-1, max-image-preview:large, max-video-preview:-1\" \/>\n<meta property=\"og:locale\" content=\"es_ES\" \/>\n<meta property=\"og:type\" content=\"article\" \/>\n<meta property=\"og:title\" content=\"\u00a1Nuestro dulce paso por TodoPap\u00e1s Loves Madrid! - El Blog de evento.love\" \/>\n<meta property=\"og:description\" content=\"Te contamos nuestro paso por el evento para pap\u00e1s y mam\u00e1s TodoPap\u00e1s Loves Madrid, un lujo poder compartirlo con todos vosotros.\" \/>\n<meta property=\"og:url\" content=\"https:\/\/www.evento.love\/blog\/dulce-paso-todopapas-loves-madrid\/\" \/>\n<meta property=\"og:site_name\" content=\"El Blog de evento.love\" \/>\n<meta property=\"article:publisher\" content=\"https:\/\/www.facebook.com\/Evento.love\/\" \/>\n<meta property=\"article:published_time\" content=\"2017-05-29T21:12:03+00:00\" \/>\n<meta property=\"article:modified_time\" content=\"2018-09-28T13:49:51+00:00\" \/>\n<meta property=\"og:image\" content=\"https:\/\/www.evento.love\/blog\/wp-content\/uploads\/2017\/05\/17_4_20b.jpg\" \/>\n\t<meta property=\"og:image:width\" content=\"847\" \/>\n\t<meta property=\"og:image:height\" content=\"470\" \/>\n\t<meta property=\"og:image:type\" content=\"image\/jpeg\" \/>\n<meta name=\"author\" content=\"Evento Love\" \/>\n<meta name=\"twitter:card\" content=\"summary_large_image\" \/>\n<meta name=\"twitter:creator\" content=\"@Evento_love\" \/>\n<meta name=\"twitter:site\" content=\"@Evento_love\" \/>\n<meta name=\"twitter:label1\" content=\"Escrito por\" \/>\n\t<meta name=\"twitter:data1\" content=\"Evento Love\" \/>\n\t<meta name=\"twitter:label2\" content=\"Tiempo de lectura\" \/>\n\t<meta name=\"twitter:data2\" content=\"2 minutos\" \/>\n<!-- \/ Yoast SEO plugin. -->","yoast_head_json":{"title":"\u00a1Nuestro dulce paso por TodoPap\u00e1s Loves Madrid! - El Blog de evento.love","description":"Te contamos nuestro paso por el evento para pap\u00e1s y mam\u00e1s TodoPap\u00e1s Loves Madrid, un lujo poder compartirlo con todos vosotros.","robots":{"index":"index","follow":"follow","max-snippet":"max-snippet:-1","max-image-preview":"max-image-preview:large","max-video-preview":"max-video-preview:-1"},"og_locale":"es_ES","og_type":"article","og_title":"\u00a1Nuestro dulce paso por TodoPap\u00e1s Loves Madrid! - El Blog de evento.love","og_description":"Te contamos nuestro paso por el evento para pap\u00e1s y mam\u00e1s TodoPap\u00e1s Loves Madrid, un lujo poder compartirlo con todos vosotros.","og_url":"https:\/\/www.evento.love\/blog\/dulce-paso-todopapas-loves-madrid\/","og_site_name":"El Blog de evento.love","article_publisher":"https:\/\/www.facebook.com\/Evento.love\/","article_published_time":"2017-05-29T21:12:03+00:00","article_modified_time":"2018-09-28T13:49:51+00:00","og_image":[{"width":847,"height":470,"url":"https:\/\/www.evento.love\/blog\/wp-content\/uploads\/2017\/05\/17_4_20b.jpg","type":"image\/jpeg"}],"author":"Evento Love","twitter_card":"summary_large_image","twitter_creator":"@Evento_love","twitter_site":"@Evento_love","twitter_misc":{"Escrito por":"Evento Love","Tiempo de lectura":"2 minutos"},"schema":{"@context":"https:\/\/schema.org","@graph":[{"@type":"Article","@id":"https:\/\/www.evento.love\/blog\/dulce-paso-todopapas-loves-madrid\/#article","isPartOf":{"@id":"https:\/\/www.evento.love\/blog\/dulce-paso-todopapas-loves-madrid\/"},"author":{"name":"Evento Love","@id":"https:\/\/www.evento.love\/blog\/#\/schema\/person\/a184c2ed424b7fb3006372ce8051542c"},"headline":"\u00a1Nuestro dulce paso por TodoPap\u00e1s Loves Madrid!","datePublished":"2017-05-29T21:12:03+00:00","dateModified":"2018-09-28T13:49:51+00:00","mainEntityOfPage":{"@id":"https:\/\/www.evento.love\/blog\/dulce-paso-todopapas-loves-madrid\/"},"wordCount":377,"commentCount":0,"publisher":{"@id":"https:\/\/www.evento.love\/blog\/#organization"},"keywords":["baby shower","baby shower madrid","babyshower","consejos baby shower","event planner","event planner madrid"],"articleSection":["Evento.love","Nuestros eventos"],"inLanguage":"es","potentialAction":[{"@type":"CommentAction","name":"Comment","target":["https:\/\/www.evento.love\/blog\/dulce-paso-todopapas-loves-madrid\/#respond"]}]},{"@type":"WebPage","@id":"https:\/\/www.evento.love\/blog\/dulce-paso-todopapas-loves-madrid\/","url":"https:\/\/www.evento.love\/blog\/dulce-paso-todopapas-loves-madrid\/","name":"\u00a1Nuestro dulce paso por TodoPap\u00e1s Loves Madrid! - El Blog de evento.love","isPartOf":{"@id":"https:\/\/www.evento.love\/blog\/#website"},"datePublished":"2017-05-29T21:12:03+00:00","dateModified":"2018-09-28T13:49:51+00:00","description":"Te contamos nuestro paso por el evento para pap\u00e1s y mam\u00e1s TodoPap\u00e1s Loves Madrid, un lujo poder compartirlo con todos vosotros.","breadcrumb":{"@id":"https:\/\/www.evento.love\/blog\/dulce-paso-todopapas-loves-madrid\/#breadcrumb"},"inLanguage":"es","potentialAction":[{"@type":"ReadAction","target":["https:\/\/www.evento.love\/blog\/dulce-paso-todopapas-loves-madrid\/"]}]},{"@type":"BreadcrumbList","@id":"https:\/\/www.evento.love\/blog\/dulce-paso-todopapas-loves-madrid\/#breadcrumb","itemListElement":[{"@type":"ListItem","position":1,"name":"Evento.love","item":"https:\/\/www.evento.love\/blog\/"},{"@type":"ListItem","position":2,"name":"Nuestros eventos","item":"https:\/\/www.evento.love\/blog\/category\/nuestros-eventos\/"},{"@type":"ListItem","position":3,"name":"\u00a1Nuestro dulce paso por TodoPap\u00e1s Loves Madrid!"}]},{"@type":"WebSite","@id":"https:\/\/www.evento.love\/blog\/#website","url":"https:\/\/www.evento.love\/blog\/","name":"El Blog de evento.love","description":"T\u00fa lo mereces. Disfruta de tu momento","publisher":{"@id":"https:\/\/www.evento.love\/blog\/#organization"},"potentialAction":[{"@type":"SearchAction","target":{"@type":"EntryPoint","urlTemplate":"https:\/\/www.evento.love\/blog\/?s={search_term_string}"},"query-input":"required name=search_term_string"}],"inLanguage":"es"},{"@type":"Organization","@id":"https:\/\/www.evento.love\/blog\/#organization","name":"evento.love","url":"https:\/\/www.evento.love\/blog\/","logo":{"@type":"ImageObject","inLanguage":"es","@id":"https:\/\/www.evento.love\/blog\/#\/schema\/logo\/image\/","url":"https:\/\/www.evento.love\/blog\/wp-content\/uploads\/2016\/07\/logo-evento-love.png","contentUrl":"https:\/\/www.evento.love\/blog\/wp-content\/uploads\/2016\/07\/logo-evento-love.png","width":197,"height":59,"caption":"evento.love"},"image":{"@id":"https:\/\/www.evento.love\/blog\/#\/schema\/logo\/image\/"},"sameAs":["https:\/\/www.facebook.com\/Evento.love\/","https:\/\/twitter.com\/Evento_love","https:\/\/www.instagram.com\/evento.love\/","https:\/\/es.pinterest.com\/evento_love\/","https:\/\/www.youtube.com\/channel\/UCcVbo6ymzx-7FlDJja8aQnw"]},{"@type":"Person","@id":"https:\/\/www.evento.love\/blog\/#\/schema\/person\/a184c2ed424b7fb3006372ce8051542c","name":"Evento Love"}]}},"_links":{"self":[{"href":"https:\/\/www.evento.love\/blog\/wp-json\/wp\/v2\/posts\/778"}],"collection":[{"href":"https:\/\/www.evento.love\/blog\/wp-json\/wp\/v2\/posts"}],"about":[{"href":"https:\/\/www.evento.love\/blog\/wp-json\/wp\/v2\/types\/post"}],"author":[{"embeddable":true,"href":"https:\/\/www.evento.love\/blog\/wp-json\/wp\/v2\/users\/1"}],"replies":[{"embeddable":true,"href":"https:\/\/www.evento.love\/blog\/wp-json\/wp\/v2\/comments?post=778"}],"version-history":[{"count":1,"href":"https:\/\/www.evento.love\/blog\/wp-json\/wp\/v2\/posts\/778\/revisions"}],"predecessor-version":[{"id":1792,"href":"https:\/\/www.evento.love\/blog\/wp-json\/wp\/v2\/posts\/778\/revisions\/1792"}],"wp:featuredmedia":[{"embeddable":true,"href":"https:\/\/www.evento.love\/blog\/wp-json\/wp\/v2\/media\/779"}],"wp:attachment":[{"href":"https:\/\/www.evento.love\/blog\/wp-json\/wp\/v2\/media?parent=778"}],"wp:term":[{"taxonomy":"category","embeddable":true,"href":"https:\/\/www.evento.love\/blog\/wp-json\/wp\/v2\/categories?post=778"},{"taxonomy":"post_tag","embeddable":true,"href":"https:\/\/www.evento.love\/blog\/wp-json\/wp\/v2\/tags?post=778"}],"curies":[{"name":"wp","href":"https:\/\/api.w.org\/{rel}","templated":true}]}}